{"id":541799,"date":"2022-04-04T00:03:26","date_gmt":"2022-04-04T05:03:26","guid":{"rendered":"https:\/\/www.diarioimagen.net\/?p=541799"},"modified":"2022-04-04T04:09:36","modified_gmt":"2022-04-04T09:09:36","slug":"noticieros-ladeados-programas-oficiales-tambien","status":"publish","type":"post","link":"https:\/\/www.diarioimagen.net\/?p=541799","title":{"rendered":"Noticieros ladeados\u2026 programas oficiales tambi\u00e9n"},"content":{"rendered":"<h2>Espacio Electoral<\/h2>\n<h5>Eleazar Flores<\/h5>\n<p><strong>\u00a0<\/strong><\/p>\n<p><strong>\u00bfINCOMPRENDIDO?-.<\/strong> Ahora resulta que el atacador n\u00famero uno de los medios de comunicaci\u00f3n en todas sus expresiones, se siente atacado, principalmente por los del Distrito Federal, (textual), pues al escuchar noticieros siente que todos los conductores critican a su gobierno.<\/p>\n<p>Lo que el padre de la Cuarta Transtornaci\u00f3n no dice es que casi todos, -para no exagerar-, los programas creativos de la televisi\u00f3n estatal, 11, 14, 22 y hasta tv UNAM a veces, tambi\u00e9n est\u00e1n muy \u201cladeados\u201d en favor del gobierno.<\/p>\n<p>L\u00e1stima por muchos columnistas, caricaturistas y dem\u00e1s del gremio, tengan que disfrazarse hasta de \u201cc\u00f3micos\u201d para personificar a equis funcionarios, \u2014preferentemente del pasado\u2014, para criticarlo y a los del presente, para ensalzarlos, as\u00ed exista en la mayor\u00eda del colectivo popular innumerables desaciertos que no solo se justifican, hasta se destacan.<\/p>\n<p>Para mantener la l\u00ednea auto-impuesta de que \u201cperro no como carne de perro\u201d, as\u00ed de entre la amplia gama de la familia canina existan diferencias, no citar\u00e9 a un s\u00f3lo nombre, a cambio de algunos de los muchos programas de los canales citados, cuyos contenidos c\u00f3micos y de an\u00e1lisis se exceden en justificar errores del gobierno actual.<\/p>\n<p>Como no se trata de un periodista, sino mejor identificado con los creadores de comerciales, el \u00fanico a citarse es Epigmenio Ibarra que en el programa de TV UNAM del s\u00e1bado pasado se cans\u00f3 de citar -conste que no digo atacar-, a los columnistas y conductores l\u00edderes de medios electr\u00f3nicos quienes lejos de ser debilitados se fortalecen por la solidez de sus contenidos, escritos o hablados.<\/p>\n<p>Joaqu\u00edn L\u00f3pez-D\u00f3riga, Ciro G\u00f3mez Leyva, V\u00edctor Trujillo con su personaje de Brozo y no pod\u00eda faltar Carlos Loret de Mola, quien lejos de intimidarse, sigue publicando en su le\u00edda columna asuntos del inquilino de Palacio Nacional, su familia y los hijos del primer matrimonio.<\/p>\n<p>Seguramente olvidar\u00e9 algunos nombres por los muchos del mismo g\u00e9nero de inclinaci\u00f3n filpopejista que se transmiten de lunes a domingo en distintos horarios, preferentemente nocturnos que seg\u00fan los mercad\u00f3logos son los de mayor audiencia.<\/p>\n<p><em>El Chamuco<\/em> podr\u00eda ser mano pero no, en ocasiones hay otros \u201cmenos piores\u201d, en los cuales el tema central es el ataque a los neoliberales y conservadores, a los periodistas chayoteros y a los chairos y fif\u00eds.<\/p>\n<p><strong>PETICI\u00d3N-<\/strong>. Cuando el Presidente de la Rep\u00fablica pide comprensi\u00f3n y equilibrio de los medios de comunicaci\u00f3n habr\u00eda que recordarle que ambas cosas son las\u00a0 mismas que pide el pueblo, pero de su mandatario, obviamente quintando a los 30 millones que dice seguir teniendo como \u201caplauso duro\u201d a todas sus decisiones.<\/p>\n<p>En Cuba el diario <em>Granma<\/em> trae puros elogios de su gobierno, y seguramente la radio cubana tambi\u00e9n. \u00bfHacia all\u00e1 vamos?<\/p>\n<p><em><a href=\"mailto:elefa44@gmail.com\" target=\"_blank\" rel=\"noopener noreferrer\">elefa44@gmail.com<\/a><\/em><\/p>\n","protected":false},"excerpt":{"rendered":"<p><span style=\"color: #005497;\"><strong>Eleazar Flores<\/strong><\/span><\/p>\n","protected":false},"author":3,"featured_media":0,"comment_status":"open","ping_status":"open","sticky":false,"template":"","format":"standard","meta":{"_monsterinsights_skip_tracking":false,"_monsterinsights_sitenote_active":false,"_monsterinsights_sitenote_note":"","_monsterinsights_sitenote_category":0,"footnotes":""},"categories":[81743],"tags":[81744,81776,43674],"class_list":["post-541799","post","type-post","status-publish","format-standard","hentry","category-eleazar-flores","tag-eleazar-flores","tag-espacio-electoral","tag-opinion"],"_links":{"self":[{"href":"https:\/\/www.diarioimagen.net\/index.php?rest_route=\/wp\/v2\/posts\/541799","targetHints":{"allow":["GET"]}}],"collection":[{"href":"https:\/\/www.diarioimagen.net\/index.php?rest_route=\/wp\/v2\/posts"}],"about":[{"href":"https:\/\/www.diarioimagen.net\/index.php?rest_route=\/wp\/v2\/types\/post"}],"author":[{"embeddable":true,"href":"https:\/\/www.diarioimagen.net\/index.php?rest_route=\/wp\/v2\/users\/3"}],"replies":[{"embeddable":true,"href":"https:\/\/www.diarioimagen.net\/index.php?rest_route=%2Fwp%2Fv2%2Fcomments&post=541799"}],"version-history":[{"count":0,"href":"https:\/\/www.diarioimagen.net\/index.php?rest_route=\/wp\/v2\/posts\/541799\/revisions"}],"wp:attachment":[{"href":"https:\/\/www.diarioimagen.net\/index.php?rest_route=%2Fwp%2Fv2%2Fmedia&parent=541799"}],"wp:term":[{"taxonomy":"category","embeddable":true,"href":"https:\/\/www.diarioimagen.net\/index.php?rest_route=%2Fwp%2Fv2%2Fcategories&post=541799"},{"taxonomy":"post_tag","embeddable":true,"href":"https:\/\/www.diarioimagen.net\/index.php?rest_route=%2Fwp%2Fv2%2Ftags&post=541799"}],"curies":[{"name":"wp","href":"https:\/\/api.w.org\/{rel}","templated":true}]}}