{"id":541806,"date":"2022-04-04T00:06:06","date_gmt":"2022-04-04T05:06:06","guid":{"rendered":"https:\/\/www.diarioimagen.net\/?p=541806"},"modified":"2022-04-04T04:13:43","modified_gmt":"2022-04-04T09:13:43","slug":"cuidado-del-agua-nos-concierne-a-todos-conagua","status":"publish","type":"post","link":"https:\/\/www.diarioimagen.net\/?p=541806","title":{"rendered":"\u201cCuidado del agua nos concierne a todos\u201d: Conagua"},"content":{"rendered":"<h2>Como veo, doy<\/h2>\n<h5>Jorge Luis Galicia Palacios<\/h5>\n<p>&nbsp;<\/p>\n<ul>\n<li><strong><em>Aguas subterr\u00e1neas, la opci\u00f3n ante sequ\u00edas y cambio clim\u00e1tico<\/em><\/strong><\/li>\n<\/ul>\n<p>&nbsp;<\/p>\n<p>\u00bfD\u00eda Mundial del Agua?, \u00bfacaso en nuestro calendario hay tantas efem\u00e9rides que recordar y por eso en la mayor\u00eda de los casos esas fechas pasan desapercibidas en el d\u00eda a d\u00eda de nuestras vidas? Sea lo que sea, lo cierto es que desde 1993, cada 22 de marzo, la ONU instituy\u00f3 ese d\u00eda con la idea de que en todo el mundo la humanidad hiciera conciencia sobre la importancia que representa el cuidado de este recurso natural, ya que el agua dulce del planeta sigue siendo solo del 3%.<\/p>\n<p>Todo mundo sabemos que el agua es fuente de vida, que hidrata nuestro cuerpo, que nos refresca, que nos ayuda en la higiene personal y que, p&#8217;a pronto, sin el agua no habr\u00eda vida, lo sabemos y sin embargo, de manera inconsciente, hay mucha gente que en medio de situaciones del confort que les brinda su estatus econ\u00f3mico, de empresarios que hacen del agua un jugoso negocio o bien por la ignorancia de algunos, insisten en derrochar el vital l\u00edquido, eso mientras en algunas partes del mundo las personas buscan afanosamente conseguir algo de agua, ya no para su higiene o para regar sus plantas o dar de beber a sus animales, no, lo hacen para ellos sobrevivir.<\/p>\n<p>Estamos ya en el mes de abril, hace m\u00e1s de diez d\u00edas que en todas partes del mundo se levantaron voces para recordarnos sobre la relevancia de este l\u00edquido esencial. Nos recordaron que todas las actividades sociales y econ\u00f3micas dependen en gran medida del abastecimiento de agua dulce y de su calidad, pero tambi\u00e9n lo hicieron para recordarnos que en el planeta hay cerca de 2 mil 200 millones de personas que viven con carencia extrema de acceso al agua potable, y de ah\u00ed que los esfuerzos gubernamentales est\u00e9n cada vez m\u00e1s enfocados en conseguir agua en zonas subterr\u00e1neas, porque los r\u00edos y las presas son cada vez m\u00e1s insuficientes para el abastecimiento de las concentraciones humanas, por muy peque\u00f1as que \u00e9stas sean.<\/p>\n<p>Portavoz en el tema en cuesti\u00f3n, entre otros mensajes que al respecto se dieron con motivo de la fecha, en M\u00e9xico el llamado a cuidar el agua correspondi\u00f3 al director de Conagua, Germ\u00e1r Arturo Mart\u00ednez Santoyo, quien refiri\u00f3 que el cuidado del vital l\u00edquido \u00abnos concierne a todos, ya que no existe ninguna actividad humana que no dependa del agua dulce en cantidad y calidad suficiente\u00bb.<\/p>\n<p>El representante de Conagua agreg\u00f3 que el recurso h\u00eddrico es un tema importante ya que la demanda sigue creciendo pero el porcentaje de agua dulce sigue siendo la misma. Alert\u00f3 que en M\u00e9xico y en el mundo las reservas de agua dulce se han ido reduciendo y que cada vez es m\u00e1s costoso acceder a fuentes que garanticen un acceso en la cantidad y calidad que demanda una poblaci\u00f3n en crecimiento constante.<\/p>\n<p>En fin, no hay duda, la efem\u00e9ride del D\u00eda Mundial del Agua se estableci\u00f3 para que la poblaci\u00f3n en general nunca m\u00e1s olvide que todas las actividades sociales y econ\u00f3micas dependen en gran medida del abastecimiento de agua dulce y de su calidad, lo que de alguna manera significa crear conciencia acerca de la crisis y problemas que se generan por la carencia o su escasez, y por ende debemos promover acciones inmediatas y urgentes en el ahorro del consumo y el cuidado en sus diferentes usos, porque si hoy no se act\u00faa con mayor conciencia ma\u00f1ana estaremos hablando de esa guerra que nadie quiere, pero de la que ya muchos ven venir: La guerra del agua. Que conste.<\/p>\n<p><strong>LAS CARTAS HABLAN.-<\/strong> De acuerdo con un informe de Naciones Unidas, la reflexi\u00f3n sobre la escasez de agua, a manera de advertencia, es la siguiente.<\/p>\n<p>\u00abEste 2022 el foco de atenci\u00f3n se centra en las aguas subterr\u00e1neas, unas aguas invisibles cuyos efectos se aprecian en todas partes. Se trata de aguas que se encuentran bajo tierra, en los acu\u00edferos (formaciones de rocas, arenas y gravas que contienen cantidades importantes de agua). Tras alimentar manantiales, r\u00edos, lagos y humedales, las aguas subterr\u00e1neas finalmente se filtran a los oc\u00e9anos. Su principal fuente de recarga es la lluvia y la nieve que se infiltran en el suelo y pueden extraerse a la superficie por medio de bombas y pozos.<\/p>\n<p>Asimismo, las aguas subterr\u00e1neas son decisivas para el buen funcionamiento de los ecosistemas, como los humedales y los r\u00edos.<\/p>\n<p>Es por ello que debemos protegerlas de la sobreexplotaci\u00f3n -extraer m\u00e1s agua de la que se recarga con la lluvia y la nieve- y la contaminaci\u00f3n que actualmente las acechan, ya que puede desembocar en el agotamiento de este recurso, en el encarecimiento de su tratamiento y regeneraci\u00f3n y hasta la paralizaci\u00f3n de su uso.<\/p>\n<p>Este a\u00f1o, reivindiquemos el estudio, la protecci\u00f3n y la utilizaci\u00f3n de las aguas subterr\u00e1neas de forma sostenible para sobrevivir al cambio clim\u00e1tico y satisfacer las necesidades de una poblaci\u00f3n en constante crecimiento\u00bb.<\/p>\n<p><strong>VA MI RESTO.-<\/strong> M\u00e1s all\u00e1 del 22 de marzo, es importante se\u00f1alar que ha llegado el momento de hacer del D\u00eda del Agua todos los d\u00edas, porque el impacto por la carencia, por la insuficiencia o por la dificultad que representa su distribuci\u00f3n, nos obliga a ser cada vez m\u00e1s cuidadosos en su manejo, as\u00ed que \u00a1Aguas!, y hasta ah\u00ed porque como veo doy.<\/p>\n<p><em><a href=\"mailto:jorgelgalicia@yahoo.com.mx\" target=\"_blank\" rel=\"noopener noreferrer\">jorgelgalicia@yahoo.com.mx<\/a><\/em><\/p>\n","protected":false},"excerpt":{"rendered":"<p><span style=\"color: #005497;\"><strong>Jorge Luis Galicia Palacios<\/strong><\/span><\/p>\n","protected":false},"author":3,"featured_media":0,"comment_status":"open","ping_status":"open","sticky":false,"template":"","format":"standard","meta":{"_monsterinsights_skip_tracking":false,"_monsterinsights_sitenote_active":false,"_monsterinsights_sitenote_note":"","_monsterinsights_sitenote_category":0,"footnotes":""},"categories":[63916],"tags":[28722,63917,43674],"class_list":["post-541806","post","type-post","status-publish","format-standard","hentry","category-jorge-luis-galicia-palacios","tag-como-veo-doy","tag-jorge-luis-galicia-palacios","tag-opinion"],"_links":{"self":[{"href":"https:\/\/www.diarioimagen.net\/index.php?rest_route=\/wp\/v2\/posts\/541806","targetHints":{"allow":["GET"]}}],"collection":[{"href":"https:\/\/www.diarioimagen.net\/index.php?rest_route=\/wp\/v2\/posts"}],"about":[{"href":"https:\/\/www.diarioimagen.net\/index.php?rest_route=\/wp\/v2\/types\/post"}],"author":[{"embeddable":true,"href":"https:\/\/www.diarioimagen.net\/index.php?rest_route=\/wp\/v2\/users\/3"}],"replies":[{"embeddable":true,"href":"https:\/\/www.diarioimagen.net\/index.php?rest_route=%2Fwp%2Fv2%2Fcomments&post=541806"}],"version-history":[{"count":0,"href":"https:\/\/www.diarioimagen.net\/index.php?rest_route=\/wp\/v2\/posts\/541806\/revisions"}],"wp:attachment":[{"href":"https:\/\/www.diarioimagen.net\/index.php?rest_route=%2Fwp%2Fv2%2Fmedia&parent=541806"}],"wp:term":[{"taxonomy":"category","embeddable":true,"href":"https:\/\/www.diarioimagen.net\/index.php?rest_route=%2Fwp%2Fv2%2Fcategories&post=541806"},{"taxonomy":"post_tag","embeddable":true,"href":"https:\/\/www.diarioimagen.net\/index.php?rest_route=%2Fwp%2Fv2%2Ftags&post=541806"}],"curies":[{"name":"wp","href":"https:\/\/api.w.org\/{rel}","templated":true}]}}