{"id":541810,"date":"2022-04-04T00:15:27","date_gmt":"2022-04-04T05:15:27","guid":{"rendered":"https:\/\/www.diarioimagen.net\/?p=541810"},"modified":"2022-04-04T04:20:56","modified_gmt":"2022-04-04T09:20:56","slug":"amlo-tira-acuerdos-que-kerry-y-ken-salazar-daban-como-firmes-en-la-reforma-electrica","status":"publish","type":"post","link":"https:\/\/www.diarioimagen.net\/?p=541810","title":{"rendered":"AMLO tira acuerdos que Kerry y Ken Salazar daban como firmes en la reforma el\u00e9ctrica"},"content":{"rendered":"<h2>Tras la puerta del poder<\/h2>\n<h5>Roberto Vizca\u00edno<\/h5>\n<p>&nbsp;<\/p>\n<p>El grupo estadounidense de seguimiento de la reforma el\u00e9ctrica anunciado por <strong>John Kerry<\/strong>, y que supuestamente hab\u00eda sido aceptado por <strong>AMLO<\/strong> para introducir cambios y evitar afectaciones al T-MEC e inversionistas de EU, fue negado horas despu\u00e9s por <strong>Andr\u00e9s Manuel L\u00f3pez Obrador<\/strong>.<\/p>\n<p>\u201cMucho menos (se acepta, dijo) hacer cambios&#8230; no, la reforma se queda como est\u00e1\u201d, subray\u00f3 el tabasque\u00f1o.<\/p>\n<p>La aclaraci\u00f3n de <strong>AMLO<\/strong> representa no s\u00f3lo un retorno al primer punto de sus encuentros con cerca de una decena de altos funcionarios de la Casa Blanca que han llegado desde Washington enviados por el presidente <strong>Joe Biden<\/strong> durante los \u00faltimos meses a dialogar en directo con \u00e9l, sino que desecha las declaraciones recientes de los dirigentes de Morena, <strong>Ignacio Mier, <\/strong>en San L\u00e1zaro, y de <strong>Ricardo Monreal,<\/strong> en el Senado, quienes adelantaron que sus bancadas estaban dispuestas a hacer modificaciones a la iniciativa presidencial para obtener el apoyo de la oposici\u00f3n, sin la cual la reforma no ser\u00e1 aprobada.<\/p>\n<p>Es decir, <strong>AMLO<\/strong> regresa la relaci\u00f3n binacional M\u00e9xico-EU al punto de un posible rompimiento con <strong>Joe Biden<\/strong> y a poner en riesgo la viabilidad del T-MEC.<\/p>\n<p>Las consecuencias inmediatas ser\u00edan ir a paneles internacionales con repercusiones multimillonarias para M\u00e9xico; derivar en un m\u00e1s que anunciado par\u00f3n en las inversiones de EU en M\u00e9xico y a un muy previsible cierre de las exportaciones mexicanas hacia aquel pa\u00eds.<\/p>\n<p style=\"text-align: center;\"><strong>En el extremo, la parar\u00eda el Senado<\/strong><\/p>\n<p>Ante la negativa de <strong>AMLO<\/strong> a aceptar modificaciones a su reforma, los \u00fanicos que la podr\u00edan echar abajo ser\u00edan los grupos opositores (PAN, PRI, PRD y MC) en San L\u00e1zaro y, en el caso extremo, los del Senado, cuyo n\u00famero y porcentajes impiden obtener a <strong>AMLO<\/strong> la mayor\u00eda calificada para que se aprueba su reforma. Y, de entre estos, espec\u00edficamente los del PRI en ambas c\u00e1maras.<\/p>\n<p>\u00bfSer\u00e1 que <strong>AMLO<\/strong> tiene amarrados los votos del tricolor en San L\u00e1zaro y en el Senado?<\/p>\n<p>El mandatario acept\u00f3 que durante el encuentro de m\u00e1s de 4 horas del jueves en Palacio Nacional, <strong>Kerry<\/strong> y <strong>Salazar<\/strong> s\u00ed propusieron crear el grupo de seguimiento.<\/p>\n<p>\u201c&#8230; ellos plantearon eso y yo me qued\u00e9 callado. No se acept\u00f3\u201d, respondi\u00f3 sonriente.<\/p>\n<p>Zorruno, ladino, coment\u00f3 que los estadounidenses pensaron que \u00e9l lo iba a consentir.<\/p>\n<p>\u201cTenemos una buena relaci\u00f3n con el gobierno de EU, pero eso no pod\u00eda aceptarse. <em>Es como si yo voy a EU y le propongo al presidente<\/em> <strong>Biden<\/strong> <em>que reduzca el precio de las gasolinas por decreto en EU<\/em>. Con raz\u00f3n, me dir\u00eda: \u2018\u00bfy t\u00fa qu\u00e9 te metes?, deja de estar de <em>zalamero<\/em>\u2019\u201d, agreg\u00f3 de buen humor.<\/p>\n<p>En su ma\u00f1anera del viernes coment\u00f3, adem\u00e1s, que su reforma no va contra la transici\u00f3n energ\u00e9tica ni contra el combate al cambio clim\u00e1tico que impulsa <strong>Biden<\/strong>, ni tampoco contra el libre comercio de energ\u00e9ticos, porque establece que los privados -entre ellos los de EU-, tendr\u00e1n el 46 por ciento del mercado, mientras la CFE y Pemex operar\u00e1n el otro 54 por ciento.<\/p>\n<p>En cuanto a poner en riego contratos, indic\u00f3 que no, que los \u00fanicos que no se aceptar\u00e1n son aquellos que signifiquen corrupci\u00f3n como los de autoabasto que han sido calificados como ilegales por la Suprema Corte.<\/p>\n<p>Igual, insisti\u00f3 en que su reforma no es ni estatista ni expropiatoria porque lo que busca es rescatar, por seguridad nacional, a Pemex y a la CFE para mantener precios justos de los energ\u00e9ticos.<\/p>\n<p style=\"text-align: center;\"><strong>\u00bfAutoenga\u00f1ados&#8230; o <em>engatusados? <\/em><\/strong><\/p>\n<p><em>Haiga sido como haiga sido<\/em> -dir\u00eda el cl\u00e1sico pur\u00e9pecha-,<strong> John Kerry <\/strong>y<strong> Ken Salazar<\/strong>, dos de los m\u00e1s experimentados y duros pol\u00edticos de Washington (quienes fueron acompa\u00f1ados por 9 grandes empresarios norteamericanos del \u00e1rea de energ\u00eda), quedaron como <strong><em>ingenuos,<\/em><\/strong> luego de las aclaraciones de <strong>AMLO<\/strong>.<\/p>\n<p>Todos ellos dijeron al salir de su encuentro del jueves con <strong>L\u00f3pez Obrador<\/strong> que el presidente mexicano se hab\u00eda comprometido a realizar cambios a su reforma para no afectar las inversiones estadounidenses, as\u00ed como a instalar una mesa de trabajo, es decir crear el grupo de seguimiento.<\/p>\n<p>\u201cEl Presidente fue muy claro que quiere que estas empresas (las de EU) est\u00e9n en posibilidad de invertir, quiere moverse hacia adelante; est\u00e1 ansioso <em>por eliminar cualquier obst\u00e1culo<\/em> que hubieran enfrentado, y por alentar la inversi\u00f3n\u201d, dijo claramente el jueves <strong>Kerry<\/strong>.<\/p>\n<p>\u00bfEn serio, esa fue su percepci\u00f3n?&#8230; \u00bfo tienen en sus manos la traducci\u00f3n exacta de eso? Si como se supone cuentan con eso, <strong>AMLO <\/strong>y M\u00e9xico van a pagar caro el enga\u00f1o, la manipulaci\u00f3n que est\u00e1 haciendo de lo hablado y convenido en ese encuentro.<\/p>\n<p><strong>Kerry, Salazar<\/strong> y los empresarios dijeron que ellos dejaron bien claro que la reforma de <strong>AMLO<\/strong> es absolutamente violatoria del T-MEC.<\/p>\n<p>Y que de mantenerse la redacci\u00f3n actual habr\u00eda \u201cuna clara respuesta\u201d de Washington en el \u00e1mbito comercial.<\/p>\n<p>O sea: aranceles, cierre al flujo de inversiones, y freno compra de productos mexicanos.<\/p>\n<p><strong>Para Kerry<\/strong> -con 78 a\u00f1os de vida y ex candidato dem\u00f3crata a la Casa Blanca en 2004-, el encuentro del jueves con <strong>AMLO <\/strong>fue el tercero en medio a\u00f1o.<\/p>\n<p>\u201cAcordamos un conjunto de principios que tenemos la esperanza de que ser\u00e1n incorporados en la reforma de energ\u00eda\u201d, dijo convencido.<\/p>\n<p>Insistimos: \u00bfEn verdad, <strong>AMLO<\/strong> cree que se <strong><em>chamaque\u00f3<\/em><\/strong> a <strong>Kerry<\/strong> y a <strong>Salaza<\/strong>r, y a los empresarios que los acompa\u00f1aron y a todos los funcionarios que han venido ha hablar con \u00e9l durante los meses recientes?<\/p>\n<p>Neta, cree el presidente <strong>Andr\u00e9s Manuel L\u00f3pez Obrador<\/strong> que al cambiarlo todo, luego de su encuentro del jueves no habr\u00e1 consecuencias, que <strong>Biden<\/strong> y todo su gobierno y el Congreso norteamericano y los capitales y empresarios de all\u00e1 y ac\u00e1 van a decir que \u00e9l tiene la raz\u00f3n.<\/p>\n<p>Esto pinta para que algo grande y muy, muy, pero muy caro se quiebre.<\/p>\n<p style=\"text-align: center;\"><strong>\u00bfY Marcelo Ebrard?<\/strong><\/p>\n<p>Personaje, elemento central en los encuentros de alto nivel anteriores al del jueves, en esta ocasi\u00f3n <strong>AMLO<\/strong> hizo a un lado al secretario de Relaciones Exteriores, <strong>Marcelo Ebrard<\/strong>.<\/p>\n<p><strong>Ebrard<\/strong> dej\u00f3 en claro a trav\u00e9s de fotos y videos subidas a redes sociales que \u00e9l andaba en Dub\u00e1i y Qatar en el reparto de juegos del pr\u00f3ximo mundial de futbol.<\/p>\n<p>Con lo cual cualquier problema que surgiese del tercer encuentro de <strong>Kerry<\/strong> con <strong>AMLO<\/strong> no ser\u00eda atribuible a \u00e9l.<\/p>\n<p>En lugar de <strong>Ebrard,<\/strong> el mandatario mexicano se hizo acompa\u00f1ar por <strong>Rogelio Ram\u00edrez de la O<\/strong>, secretario de Hacienda; <strong>Ad\u00e1n Augusto L\u00f3pez<\/strong>, de Gobernaci\u00f3n; <strong>Tatiana Clouthier<\/strong>, de Econom\u00eda; <strong>Octavio Romero<\/strong>, director de Pemex y de <strong>Manuel Bartlett<\/strong>, de CFE.<\/p>\n<p>\u00a1Vaya desastre, oiga usted!<\/p>\n<p><em><a href=\"mailto:rvizcainoa@gmail.com\" target=\"_blank\" rel=\"noopener noreferrer\">vizcainoa@gmail.com<\/a><br \/>\n<a href=\"http:\/\/endirecto.mx\" target=\"_blank\" rel=\"noopener noreferrer\">www.endirecto.mx<\/a><br \/>\n<a href=\"https:\/\/twitter.com\/_rvizcaino\" target=\"_blank\" rel=\"noopener noreferrer\">@_RVizcaino<\/a><br \/>\n<a href=\"https:\/\/www.facebook.com\/rvizcainoa\" target=\"_blank\" rel=\"noopener noreferrer\">facebook.com\/rvizcainoa<\/a><\/em><\/p>\n","protected":false},"excerpt":{"rendered":"<p><span style=\"color: #005497;\"><strong>Roberto Vizca\u00edno<\/strong><\/span><br \/>\n<br \/>\nEl grupo estadounidense de seguimiento de la reforma el\u00e9ctrica anunciado por <strong>John Kerry<\/strong>, y que supuestamente hab\u00eda sido aceptado por <strong>AMLO<\/strong> para introducir cambios y evitar afectaciones al T-MEC e inversionistas de EU, fue negado horas despu\u00e9s por <strong>Andr\u00e9s Manuel L\u00f3pez Obrador<\/strong>.<\/p>\n","protected":false},"author":3,"featured_media":0,"comment_status":"open","ping_status":"open","sticky":false,"template":"","format":"standard","meta":{"_monsterinsights_skip_tracking":false,"_monsterinsights_sitenote_active":false,"_monsterinsights_sitenote_note":"","_monsterinsights_sitenote_category":0,"footnotes":""},"categories":[136],"tags":[43674,93,94],"class_list":["post-541810","post","type-post","status-publish","format-standard","hentry","category-roberto-vizcaino-opinion","tag-opinion","tag-roberto-vizcaino","tag-tras-la-puerta-del-poder"],"_links":{"self":[{"href":"https:\/\/www.diarioimagen.net\/index.php?rest_route=\/wp\/v2\/posts\/541810","targetHints":{"allow":["GET"]}}],"collection":[{"href":"https:\/\/www.diarioimagen.net\/index.php?rest_route=\/wp\/v2\/posts"}],"about":[{"href":"https:\/\/www.diarioimagen.net\/index.php?rest_route=\/wp\/v2\/types\/post"}],"author":[{"embeddable":true,"href":"https:\/\/www.diarioimagen.net\/index.php?rest_route=\/wp\/v2\/users\/3"}],"replies":[{"embeddable":true,"href":"https:\/\/www.diarioimagen.net\/index.php?rest_route=%2Fwp%2Fv2%2Fcomments&post=541810"}],"version-history":[{"count":0,"href":"https:\/\/www.diarioimagen.net\/index.php?rest_route=\/wp\/v2\/posts\/541810\/revisions"}],"wp:attachment":[{"href":"https:\/\/www.diarioimagen.net\/index.php?rest_route=%2Fwp%2Fv2%2Fmedia&parent=541810"}],"wp:term":[{"taxonomy":"category","embeddable":true,"href":"https:\/\/www.diarioimagen.net\/index.php?rest_route=%2Fwp%2Fv2%2Fcategories&post=541810"},{"taxonomy":"post_tag","embeddable":true,"href":"https:\/\/www.diarioimagen.net\/index.php?rest_route=%2Fwp%2Fv2%2Ftags&post=541810"}],"curies":[{"name":"wp","href":"https:\/\/api.w.org\/{rel}","templated":true}]}}