{"id":541939,"date":"2022-04-05T00:02:44","date_gmt":"2022-04-05T05:02:44","guid":{"rendered":"https:\/\/www.diarioimagen.net\/?p=541939"},"modified":"2022-04-05T05:48:00","modified_gmt":"2022-04-05T10:48:00","slug":"avanza-defensa-de-la-clase-trabajadora-dice-el-dirigente-sindical-herlindo-robles","status":"publish","type":"post","link":"https:\/\/www.diarioimagen.net\/?p=541939","title":{"rendered":"Avanza defensa de la clase trabajadora, dice el dirigente sindical Herlindo Robles"},"content":{"rendered":"<p>&nbsp;<\/p>\n<ul>\n<li><strong><em>De La Casa del Obrero Mundial<\/em><\/strong><\/li>\n<\/ul>\n<p>&nbsp;<\/p>\n<h6>Arturo Baena<\/h6>\n<p>&nbsp;<\/p>\n<div id=\"attachment_542063\" style=\"width: 470px\" class=\"wp-caption aligncenter\"><a href=\"https:\/\/www.diarioimagen.net\/?attachment_id=542063\" rel=\"attachment wp-att-542063\"><img loading=\"lazy\" decoding=\"async\" aria-describedby=\"caption-attachment-542063\" class=\"size-full wp-image-542063\" src=\"https:\/\/www.diarioimagen.net\/wp-content\/uploads\/2022\/04\/valle-1-1.jpg\" alt=\"\" width=\"460\" height=\"270\" \/><\/a><p id=\"caption-attachment-542063\" class=\"wp-caption-text\">Herlindo Robles, secretario general de \u201cLa Casa del Obrero Mundial\u201d, se\u00f1al\u00f3 que \u201cel objetivo y lucha de democratizaci\u00f3n sindical forma parte del programa nacional de la 4T.<\/p><\/div>\n<p>&nbsp;<\/p>\n<p><strong>Valle\u00a0 de M\u00e9xico.\u2014<\/strong> Es necesario y urgente impulsar reformas y cambios a las leyes, a fin de avanzar en la democratizaci\u00f3n sindical, que tanto necesita el pa\u00eds, y en la autonom\u00eda de las organizaciones gremiales, con l\u00edderes obreros que tengan compromisos con sus bases en la defensa de los derechos laborales y humanos.<\/p>\n<p>As\u00ed lo expres\u00f3 en entrevista, Herlindo Robles, secretario general de \u201cLa Casa del Obrero Mundial\u201d, al tiempo de se\u00f1alar que\u00a0\u201cel objetivo y lucha de democratizaci\u00f3n sindical forma parte del programa nacional de la Cuarta Transformaci\u00f3n (4T) que impulsa Andr\u00e9s Manuel L\u00f3pez Obrador y as\u00ed la\u00a0 reivindicaci\u00f3n de los derechos de los trabajadores, al igual que de la modernizaci\u00f3n del sector laboral\u201d, dijo.<\/p>\n<p>El dirigente sindical exhort\u00f3 a contribuir al desarrollo econ\u00f3mico y el futuro del pa\u00eds, \u201cpara de esta manera crear ese nuevo modelo, con prosperidad social compartida, no s\u00f3lo en beneficio de la clase trabajadora, sino de la gran mayor\u00eda de los mexicanos\u201d. Herlindo Robles record\u00f3 que \u201cefectivamente, ya se dio un gran paso para avanzar en la democracia sindical, por la libertad de asociaci\u00f3n, por la contrataci\u00f3n colectiva y, desde luego, al voto libre y secreto para los trabajadores en todas las organizaciones sindicales del pa\u00eds\u201d, reiter\u00f3.<\/p>\n<p>Asever\u00f3 que la ola de transformaci\u00f3n hacia la democracia sindical llegar\u00e1 a todas las organizaciones gremiales de M\u00e9xico, porque \u201cel prop\u00f3sito es que los trabajadores luchen por la reivindicaci\u00f3n de sus derechos laborales y humanos; llegar\u00e1 a las puertas de los sindicatos que se incorporen al cambio, y que aquellos que no lo hagan ser\u00e1n rebasados por los propios trabajadores\u201d, acot\u00f3.<\/p>\n","protected":false},"excerpt":{"rendered":"<p>Es necesario y urgente impulsar reformas y cambios a las leyes, a fin de avanzar en la democratizaci\u00f3n sindical, que tanto necesita el pa\u00eds, y en la autonom\u00eda de las organizaciones gremiales, con l\u00edderes obreros que tengan compromisos con sus bases en la defensa de los derechos laborales y humanos.<\/p>\n","protected":false},"author":3,"featured_media":542063,"comment_status":"open","ping_status":"open","sticky":false,"template":"","format":"standard","meta":{"_monsterinsights_skip_tracking":false,"_monsterinsights_sitenote_active":false,"_monsterinsights_sitenote_note":"","_monsterinsights_sitenote_category":0,"footnotes":""},"categories":[5],"tags":[95148,34],"class_list":["post-541939","post","type-post","status-publish","format-standard","has-post-thumbnail","hentry","category-estado-de-mexico","tag-herlindo-robles","tag-valle-de-mexico"],"_links":{"self":[{"href":"https:\/\/www.diarioimagen.net\/index.php?rest_route=\/wp\/v2\/posts\/541939","targetHints":{"allow":["GET"]}}],"collection":[{"href":"https:\/\/www.diarioimagen.net\/index.php?rest_route=\/wp\/v2\/posts"}],"about":[{"href":"https:\/\/www.diarioimagen.net\/index.php?rest_route=\/wp\/v2\/types\/post"}],"author":[{"embeddable":true,"href":"https:\/\/www.diarioimagen.net\/index.php?rest_route=\/wp\/v2\/users\/3"}],"replies":[{"embeddable":true,"href":"https:\/\/www.diarioimagen.net\/index.php?rest_route=%2Fwp%2Fv2%2Fcomments&post=541939"}],"version-history":[{"count":0,"href":"https:\/\/www.diarioimagen.net\/index.php?rest_route=\/wp\/v2\/posts\/541939\/revisions"}],"wp:featuredmedia":[{"embeddable":true,"href":"https:\/\/www.diarioimagen.net\/index.php?rest_route=\/wp\/v2\/media\/542063"}],"wp:attachment":[{"href":"https:\/\/www.diarioimagen.net\/index.php?rest_route=%2Fwp%2Fv2%2Fmedia&parent=541939"}],"wp:term":[{"taxonomy":"category","embeddable":true,"href":"https:\/\/www.diarioimagen.net\/index.php?rest_route=%2Fwp%2Fv2%2Fcategories&post=541939"},{"taxonomy":"post_tag","embeddable":true,"href":"https:\/\/www.diarioimagen.net\/index.php?rest_route=%2Fwp%2Fv2%2Ftags&post=541939"}],"curies":[{"name":"wp","href":"https:\/\/api.w.org\/{rel}","templated":true}]}}