{"id":541960,"date":"2022-04-05T00:02:21","date_gmt":"2022-04-05T05:02:21","guid":{"rendered":"https:\/\/www.diarioimagen.net\/?p=541960"},"modified":"2022-04-05T03:42:33","modified_gmt":"2022-04-05T08:42:33","slug":"reforma-electrica-morena-pretende-dar-madruguete-en-san-lunes","status":"publish","type":"post","link":"https:\/\/www.diarioimagen.net\/?p=541960","title":{"rendered":"Reforma el\u00e9ctrica: Morena pretende dar \u201cmadruguete\u201d en San Lunes"},"content":{"rendered":"<h2>La Retaguardia<\/h2>\n<h5>Adriana Moreno Cordero<\/h5>\n<p>&nbsp;<\/p>\n<ul>\n<li><strong><em>Ojal\u00e1 el bloque opositor en San L\u00e1zaro no siga pasivo<\/em><\/strong><\/li>\n<\/ul>\n<p>&nbsp;<\/p>\n<p>Pretenden dar \u201cmadruguete\u201d en San Lunes. As\u00ed es, en la C\u00e1mara de Diputados, la fracci\u00f3n parlamentaria de Morena, que coordina <strong>Ignacio Mier<\/strong>, apura los trabajos de revisi\u00f3n y dictaminaci\u00f3n de la controvertida reforma el\u00e9ctrica propuesta por su jefe para poder llegar a la Semana Santa e intentar sacar esta iniciativa tal y como el presidente <strong>Andr\u00e9s Manuel L\u00f3pez Obrador<\/strong> les ha dicho a los legisladores morenistas y dem\u00e1s r\u00e9moras, sin cambiarle una sola coma.<\/p>\n<p>Sin embargo, all\u00e1 en el Palacio Legislativo de San L\u00e1zaro, el bloque opositor arroj\u00f3 una luz de esperanza ante las pretensiones de la bancada del partido oficial. En punto de la una de la tarde, los coordinadores parlamentarios del PRI, PAN y PRD, <strong>Rub\u00e9n Moreira, Alejandro Moreno<\/strong>, el dirigente nacional del tricolor; <strong>Jorge Triana<\/strong> y <strong>Marko Cort\u00e9s<\/strong>, de Acci\u00f3n Nacional, as\u00ed como <strong>Luis E. Ch\u00e1zaro<\/strong> y <strong>Jes\u00fas Ortega,<\/strong> del PRD, anunciaron de manera categ\u00f3rica que de plano, no ir\u00e1n con la propuesta de reforma el\u00e9ctrica del inquilino de Palacio Nacional e incluso, el mism\u00edsimo diputado Moreira Vald\u00e9z anunci\u00f3 que la oposici\u00f3n presentar\u00e1 su propia contrarreforma, dado que en los tan llevados y tra\u00eddos foros para discutir esta controvertida iniciativa, los de Morena de plano hicieron o\u00eddos sordos de las cientos de propuestas que hicieron quienes participaron en estos.<\/p>\n<p>Ojal\u00e1 y ese contundente discurso aterrice en los hechos y se acabaran las negociaciones en \u201clo oscurito\u201d para dar una cosa a cambio de otra y no haya trampa o \u201ccanto de sirenas\u201d que el Presidente y su partido les pueda poner a la oposici\u00f3n para que \u00e9sta terminara por doblar las manos. Ojal\u00e1 y este haya sido el detonador para sacudir a un bloque opositor que hasta el momento, se hab\u00eda mantenido riesgosamente pasivo.<\/p>\n<p>En alguna entrevista, por cierto, la candidata de la coalici\u00f3n del PRI-PAN-PRD al gobierno de Hidalgo, <strong>Carolina Viggiano<\/strong>, neg\u00f3 que se hubiera dado alguna negociaci\u00f3n para que les regalaran dicha gubernatura e incluso, se\u00f1al\u00f3 a quien contiende bajo las siglas de Morena a dicho cargo, el senador con licencia <strong>Julio Menchaca<\/strong> porque luego de sus 40 a\u00f1os de militancia del PRI y con apenas cinco en Morena, no podr\u00e1 arrebatarle el triunfo a la esposa del diputado Rub\u00e9n Vald\u00e9z. \u00bfSer\u00e1?<\/p>\n<p>El caso es que una vez que sea desechada la reforma el\u00e9ctrica obradorista -estim\u00f3 la oposici\u00f3n en el Palacio Legislativo de San L\u00e1zaro-, ellos presentar\u00e1n la suya que contiene, entre sus 12 puntos m\u00e1s importantes, otorgar una tarifa cero para la poblaci\u00f3n m\u00e1s desprotegida, as\u00ed como impulsar la inversi\u00f3n privada y las energ\u00edas renovables. Como puede observarse, \u00e9sta es diametralmente opuesta a la que en su momento envi\u00f3 el tabasque\u00f1o y que -como se sabe- \u00a0reserva 54% de la generaci\u00f3n de energ\u00eda a la Comisi\u00f3n Federal de Electricidad (<a href=\"https:\/\/politico.mx\/sl\/v42QV\">CFE<\/a>) y deja 46% al sector privado, con lo\u00a0 supuestamente, se garantizar\u00edan menores costos para el servicio p\u00fablico.<\/p>\n<p>En otro tema, el fin de semana, el secretario de Gobernaci\u00f3n, <strong>Ad\u00e1n Augusto L\u00f3pez Hern\u00e1ndez<\/strong>, se dedic\u00f3 a ver qu\u00e9 tan bien le queda el traje de candidato presidencial, en un recorrido por el norte del pa\u00eds, con un discurso que rebaj\u00f3 mucho el nivel que deber\u00eda de tener la pol\u00edtica. Bueno, ni siquiera la ex secretaria de Gobernaci\u00f3n, Olga S\u00e1nchez Cordero, se atrevi\u00f3 a hacer tan denigrante papel. Hace alg\u00fan tiempo, cuando le preguntaron a la ministra en retiro si quer\u00eda ser candidata a la presidencia de la Rep\u00fablica, ella argument\u00f3 que ya no estaba en edad para andar en esas danzas.<\/p>\n<p>Y s\u00ed, efectivamente, el hoy\u00a0 titular de la Segob tiene menos edad que la senadora S\u00e1nchez Cordero, pero ni de lejos tiene la pinta para ser candidato, con todo y que se dice que L\u00f3pez Obrador lo col\u00f3 a esa carrera para restarle fuerza al secretario de Relaciones Exteriores, <strong>Marcelo Ebrard<\/strong> y poder proteger a su consentida, la jefa del Gobierno capitalino, Claudia Sheinbaum. Y luego la voz no le ayuda para nada a Ad\u00e1n Augusto L\u00f3pez, mejor que se quede\u00a0 callado.<\/p>\n<p>Con raz\u00f3n, recientemente, panistas como el diputado <strong>Santiago Creel<\/strong>, anunci\u00f3 que Acci\u00f3n Nacional se levantaba de la mesa que se instal\u00f3 en la Segob, supuestamente para tener acercamientos.<\/p>\n<p>Hoy, luego de la enorme demostraci\u00f3n que brind\u00f3 el secretario L\u00f3pez Hern\u00e1ndez con el disfraz de precandidato presidencial, la oposici\u00f3n ha terminado por descalificarlo como interlocutor.<\/p>\n<p>Claro que en el gustad\u00edsimo \u201cstand-up\u201d ma\u00f1anero, el presidente L\u00f3pez Obrador defendi\u00f3 al titular de la Segob, a la voz de que su tambi\u00e9n paisano le estaba ayudando a concretar el cambio en esta errada y llamada Cuarta Transformaci\u00f3n. Ahora s\u00ed que aqu\u00ed quedar\u00eda muy bien aquel popular refr\u00e1n que dice: \u201cno me ayudes, compadre\u201d.<\/p>\n<p>Aun as\u00ed, el de Tepetit\u00e1n dijo que el responsable de la pol\u00edtica interna, con las evidencias en la cara, no promocion\u00f3 la Revocaci\u00f3n de Mandato, \u201cno es precandidato a la presidencia, que no se confundan, \u00e9l no est\u00e1 haciendo campa\u00f1a\u201d. Pues qu\u00e9 bueno que avisa, \u00bfno?<\/p>\n<p>Sobre que el secretario de Gobernaci\u00f3n, junto con el comandante de la Guardia Nacional, <strong>Luis Rodr\u00edguez Bucio<\/strong>, y alguien que nada tendr\u00eda que estar haciendo en un avi\u00f3n de la GN, el dirigente de Morena, <strong>Mario Mart\u00edn Delgado<\/strong>, le toc\u00f3 a un dubitativo senador Armando Guadiana, tratar de justificar la situaci\u00f3n. \u201cLe juro que no fue por eso (para promocionar la Revocaci\u00f3n de Mandato que se utiliz\u00f3 un avi\u00f3n de la GN)\u201d, manifest\u00f3 el senador Guadiana y dudando en todo momento, se\u00f1al\u00f3 que el fin de semana se hab\u00edan dado \u201creuniones para analizar la inseguridad y criminalidad, por eso ven\u00edan en ese avi\u00f3n y le dieron un \u2018raid\u2019 a Mario Delgado\u201d<\/p>\n<p>Sobre a quienes descendieron de la aeronave, el senador Guadiana dijo: \u201cNo me fij\u00e9 bien, bien, iban otras gentes\u2026 yo cuando llegu\u00e9 a recibirlos hab\u00eda tambi\u00e9n otras gentes\u2026 M\u00e1s bien se dedicaron a hacer adobes\u201d<\/p>\n<p style=\"text-align: center;\"><strong>Municiones<\/strong><\/p>\n<p>*** Por unanimidad, la Suprema Corte de Justicia de la Naci\u00f3n, aprob\u00f3 el proyecto de la ministra <strong>Norma Luc\u00eda Pi\u00f1a<\/strong> y as\u00ed, qued\u00f3 invalidado el segundo p\u00e1rrafo del art\u00edculo 24 de la LFAR, que establec\u00eda una restricci\u00f3n de diez a\u00f1os para que los servidores p\u00fablicos de mando superior pudieran laborar en empresas que hayan supervisado, regulado o respecto de las cuales hayan tenido informaci\u00f3n privilegiada en ejercicio de su cargo p\u00fablico. De acuerdo con la Corte, este \u201ccandado\u201d impuesto por L\u00f3pez Obrador, nada m\u00e1s porque se le ocurri\u00f3, incide de manera desproporcionada, innecesaria e injustificada en la libertad de trabajo, profesi\u00f3n, comercio e industria, reconocida por el art\u00edculo 5\u00ba constitucional, pues impide a los ex funcionarios en esas circunstancias, prestar libremente sus servicios en la iniciativa privada.<\/p>\n<p><u><a href=\"mailto:morcora@gmail.com\" target=\"_blank\" rel=\"noopener noreferrer\"><em>morcora@gmail.com<\/em><\/a><\/u><\/p>\n","protected":false},"excerpt":{"rendered":"<p><span style=\"color: #005497;\"><strong>Adriana Moreno Cordero<\/strong><\/span><\/p>\n","protected":false},"author":3,"featured_media":0,"comment_status":"open","ping_status":"open","sticky":false,"template":"","format":"standard","meta":{"_monsterinsights_skip_tracking":false,"_monsterinsights_sitenote_active":false,"_monsterinsights_sitenote_note":"","_monsterinsights_sitenote_category":0,"footnotes":""},"categories":[69370],"tags":[69368,43674],"class_list":["post-541960","post","type-post","status-publish","format-standard","hentry","category-adriana-moreno-cordero","tag-la-retaguardia","tag-opinion"],"_links":{"self":[{"href":"https:\/\/www.diarioimagen.net\/index.php?rest_route=\/wp\/v2\/posts\/541960","targetHints":{"allow":["GET"]}}],"collection":[{"href":"https:\/\/www.diarioimagen.net\/index.php?rest_route=\/wp\/v2\/posts"}],"about":[{"href":"https:\/\/www.diarioimagen.net\/index.php?rest_route=\/wp\/v2\/types\/post"}],"author":[{"embeddable":true,"href":"https:\/\/www.diarioimagen.net\/index.php?rest_route=\/wp\/v2\/users\/3"}],"replies":[{"embeddable":true,"href":"https:\/\/www.diarioimagen.net\/index.php?rest_route=%2Fwp%2Fv2%2Fcomments&post=541960"}],"version-history":[{"count":0,"href":"https:\/\/www.diarioimagen.net\/index.php?rest_route=\/wp\/v2\/posts\/541960\/revisions"}],"wp:attachment":[{"href":"https:\/\/www.diarioimagen.net\/index.php?rest_route=%2Fwp%2Fv2%2Fmedia&parent=541960"}],"wp:term":[{"taxonomy":"category","embeddable":true,"href":"https:\/\/www.diarioimagen.net\/index.php?rest_route=%2Fwp%2Fv2%2Fcategories&post=541960"},{"taxonomy":"post_tag","embeddable":true,"href":"https:\/\/www.diarioimagen.net\/index.php?rest_route=%2Fwp%2Fv2%2Ftags&post=541960"}],"curies":[{"name":"wp","href":"https:\/\/api.w.org\/{rel}","templated":true}]}}