{"id":542072,"date":"2022-04-06T00:02:36","date_gmt":"2022-04-06T05:02:36","guid":{"rendered":"https:\/\/www.diarioimagen.net\/?p=542072"},"modified":"2022-04-06T01:18:45","modified_gmt":"2022-04-06T06:18:45","slug":"fundacion-azteca-25-anos-transformando-vidas","status":"publish","type":"post","link":"https:\/\/www.diarioimagen.net\/?p=542072","title":{"rendered":"Fundaci\u00f3n Azteca, 25 a\u00f1os transformando vidas"},"content":{"rendered":"<h2>La Retaguardia<\/h2>\n<h5>Adriana Moreno Cordero<\/h5>\n<p>&nbsp;<\/p>\n<ul>\n<li><strong><em>A Ad\u00e1n Augusto se le cierra el c\u00edrculo<\/em><\/strong><\/li>\n<li><strong><em>\u00bfSamuel Garc\u00eda quiere su propio delito de \u201cultrajes a la autoridad\u201d?<\/em><\/strong><\/li>\n<\/ul>\n<p>&nbsp;<\/p>\n<p><strong>Grupo Salinas<\/strong> est\u00e1 de fiesta. Su brazo social, <strong>Fundaci\u00f3n Azteca<\/strong>, cumple 25 a\u00f1os de transformar vidas mediante una herramienta fundamental: La educaci\u00f3n. Su principal compromiso es que M\u00e9xico cuente con un mejor futuro a trav\u00e9s precisamente de la educaci\u00f3n. Para ello, continuar\u00e1 creando oportunidades para que los j\u00f3venes de este pa\u00eds construyan su car\u00e1cter para crear su propio destino.<\/p>\n<p>La educaci\u00f3n en la Fundaci\u00f3n se da en base a tres ejes principales: J\u00f3venes con Talento, donde se brindan las herramientas y habilidades para formar a los l\u00edderes del ma\u00f1ana; Medio Ambiente, donde a trav\u00e9s de diversos programas se trabaja en la concientizaci\u00f3n y educaci\u00f3n sobre la preservaci\u00f3n de todo lo que nos rodea; y, Sociedad, que trabaja mediante programas de emprendimiento e innovaci\u00f3n social que tienen como objetivo que las organizaciones de la sociedad civil fortalezcan su sostenibilidad.<\/p>\n<p>As\u00ed, a lo largo de estos 25 a\u00f1os, la Fundaci\u00f3n ha logrado transformar la vida de m\u00e1s de 132 mil personas; beneficiar y generar alianzas con m\u00e1s de 500 organizaciones de la sociedad civil; crear programas ambientales donde han participado m\u00e1s de 50 millones de mexicanos voluntarios y la restauraci\u00f3n de 51 mil hect\u00e1reas.<\/p>\n<p>Programas como Esperanza Azteca, Limpiemos Nuestro M\u00e9xico, Movimiento Azteca, Vive sin Drogas y Juguet\u00f3n, entre muchos otros, han logrado generar entornos positivos y oportunidades para la gente.<\/p>\n<p>Sin duda, esto es motivo de un gran reconocimiento a Fundaci\u00f3n Azteca, que con su valiosa aportaci\u00f3n a la sociedad mexicana, la beneficia.<\/p>\n<p>En otro tema totalmente diferente, el flamante secretario de Gobernaci\u00f3n, <strong>Ad\u00e1n Augusto L\u00f3pez Hern\u00e1ndez,<\/strong> tuvo ayer un p\u00e9simo d\u00eda al percatarse que fue suficiente la encendida defensa que hizo del presidente <strong>Andr\u00e9s Manuel L\u00f3pez Obrador<\/strong>. Por segundo d\u00eda consecutivo, el responsable de la pol\u00edtica interna del pa\u00eds, tuvo que seguir escondi\u00e9ndose de los reporteros porque no sab\u00eda qu\u00e9 decir ante la arrolladora evidencia de que utiliz\u00f3 recursos p\u00fablicos para andar promocionando por el norte del pa\u00eds la in\u00fatil Revocaci\u00f3n de Mandato; un ejercicio tan est\u00e9ril que ya desde ahorita, en plena cuenta regresiva, se puede pronosticar que como se\u00f1al de impotencia, el inquilino de Palacio Nacional le echar\u00e1 la culpa del rotundo fracaso, ni m\u00e1s ni menos que al Instituto Nacional Electoral, pues no tendr\u00e1 de qu\u00e9 otra cosa echar mano.<\/p>\n<p>Lo anterior, mientras que el coordinador de la bancada del PAN en el Senado de la Rep\u00fablica, <strong>Julen Rementer\u00eda del Puerto<\/strong>, anunci\u00f3 que su partido interpondr\u00e1 las denuncias ante las instancias pertinentes, contra el secretario de Gobernaci\u00f3n, por acudir a eventos para promocionar la consulta de Revocaci\u00f3n de Mandato en plena veda electoral.<\/p>\n<p>\u201cHaremos las denuncias pertinentes ante la Fiscal\u00eda, ante la Secretar\u00eda de la Funci\u00f3n P\u00fablica, ante el propio INE, la Fepade, y cada instituci\u00f3n que tenga que conocer las distintas y muchas violaciones que se hicieron el fin de semana. As\u00ed como utilizar recursos p\u00fablicos, porque viaj\u00f3 en un avi\u00f3n del Ej\u00e9rcito mexicano de este pa\u00eds para un acto electoral, prohibido por la ley, en nombre de su jefe, el Presidente de la Rep\u00fablica\u201d, se\u00f1al\u00f3 el legislador, al tiempo que calific\u00f3 al encargado, supuestamente, de velar porque se respete la Constituci\u00f3n, como el primero en violarla, adem\u00e1s de que se convirti\u00f3 en un interlocutor no v\u00e1lido.<\/p>\n<p>\u201cEl hombre que se tiene que encargar de administrar las relaciones pol\u00edticas al interior de la naci\u00f3n, desprecia y lastima a las instituciones. La persona del titular de Gobernaci\u00f3n rebasa cualquier l\u00edmite, yo no veo m\u00e1s a este gobierno, espec\u00edficamente al secretario de Gobernaci\u00f3n, dej\u00f3 de existir la posibilidad de que \u00e9l sea un interlocutor v\u00e1lido para cualquier asunto en este pa\u00eds, a menos que vaya y pida disculpas p\u00fablicas por lo que hizo contra el INE y las instituciones del Estado mexicano\u201d.<\/p>\n<p>Igualmente, los\u00a0senadores de\u00a0Movimiento Ciudadano (MC)<strong>, <\/strong>que coordina <strong>Clemente Casta\u00f1eda<\/strong>,\u00a0indicaron que el secretario\u00a0Ad\u00e1n Augusto L\u00f3pez; y el comandante de la Guardia Nacional, <strong>Luis Rodr\u00edguez Bucio<\/strong>, se est\u00e1n comportando como jefes de campa\u00f1a\u00a0para la consulta de\u00a0Revocaci\u00f3n de Mandato\u00a0de L\u00f3pez Obrador, en lugar de cumplir con sus tareas, que son la pol\u00edtica interior y la seguridad del pa\u00eds.<\/p>\n<p>Tambi\u00e9n denunci\u00f3 al titular de la Segob, el dirigente de lo que queda del PRD, <strong>Jes\u00fas Zambrano<\/strong>, exactamente por las mismas causas por las que lo hizo el coordinador panista y Clemente Casta\u00f1eda, quien especific\u00f3 que: \u00abHoy el\u00a0secretario de Gobernaci\u00f3n\u00a0est\u00e1 actuando m\u00e1s como jefe del partido que como el cargo que ostenta, que es el de secretario de Gobernaci\u00f3n&#8230; No es un asunto menor la presencia titular de la\u00a0Guardia Nacional.<\/p>\n<p>Por lo visto, a Ad\u00e1n Augusto L\u00f3pez ya se le cerr\u00f3 el c\u00edrculo y de eso depende que el bloque opositor se mantenga unido.<\/p>\n<p style=\"text-align: center;\"><strong>Municiones<\/strong><\/p>\n<p>*** Otro tema en el que tienen verdadera apuraci\u00f3n -por no decir desesperaci\u00f3n-, los legisladores morenistas, es en el de la controvertida reforma el\u00e9ctrica propuesta por L\u00f3pez Obrador, que, coinciden los especialistas, naci\u00f3 muerta, pero aventuran que la que present\u00f3 la oposici\u00f3n en San L\u00e1zaro, tambi\u00e9n. Por lo pronto, el coordinador de la bancada de Morena en la C\u00e1mara baja, <strong>Ignacio Mier<\/strong>, hace esfuerzos denodados y ayer afirm\u00f3 que sus diputados coinciden totalmente en seis de las doce modificaciones que ha planteado la Reforma presentada por el bloque de \u201cVa por M\u00e9xico\u201d y se supone que para ma\u00f1ana, los morenistas dar\u00e1n a conocer c\u00f3mo se podr\u00eda conformar una sola propuesta, basada en dichas coincidencias.<\/p>\n<p>*** La flamante jefa del Gobierno de la Ciudad de M\u00e9xico, <strong>Claudia Sheinbaum,<\/strong> convoc\u00f3 a la ciudadan\u00eda capitalina a asistir hoy al monumento a la Revoluci\u00f3n a un mitin para promover la Revocaci\u00f3n de Mandato, as\u00ed como las supuestas bondades de la controvertida reforma el\u00e9ctrica. Esto m\u00e1s bien suena a la desesperaci\u00f3n que tienen los integrantes de esta errada y llamada Cuarta Transformaci\u00f3n porque, -como se anot\u00f3 en l\u00edneas anteriores-, el absurdo ejercicio va que vuela para el fracaso.<\/p>\n<p>*** Qui\u00e9n lo dir\u00eda, el gobernador de Nuevo Le\u00f3n, <strong>Samuel Garc\u00eda<\/strong>, imita al mandatario estatal de Veracruz, <strong>Cuitl\u00e1huac Garc\u00eda,<\/strong> y quiere crear su propio delito \u201cultrajes a la autoridad\u201d, pero en modo, Ponte Nuevo, ponte Le\u00f3n. Se trata de que el ex senador de Movimiento Ciudadano retoma aquello que ya est\u00e1 en la Constituci\u00f3n local que penaliza con c\u00e1rcel por 36 horas a quien le falte el respeto al gobernador neoleon\u00e9s. De cualquier manera, Samuel Garc\u00eda se defiende por las ex benditas redes al se\u00f1alar: \u201cSoy quien soy y estoy donde estoy gracias a la libertad de expresi\u00f3n as\u00ed que nunca, en ning\u00fan universo, se me ocurr\u00eda algo como eso\u201d. Vale la pena destacar que dicho art\u00edculo que se considera como una multa administrativa, ya estaba en la Constituci\u00f3n local.<\/p>\n<p><u><a href=\"mailto:morcora@gmail.com\" target=\"_blank\" rel=\"noopener noreferrer\"><em>morcora@gmail.com<\/em><\/a><\/u><\/p>\n","protected":false},"excerpt":{"rendered":"<p><span style=\"color: #005497;\"><strong>Adriana Moreno Cordero<\/strong><\/span><\/p>\n","protected":false},"author":3,"featured_media":0,"comment_status":"open","ping_status":"open","sticky":false,"template":"","format":"standard","meta":{"_monsterinsights_skip_tracking":false,"_monsterinsights_sitenote_active":false,"_monsterinsights_sitenote_note":"","_monsterinsights_sitenote_category":0,"footnotes":""},"categories":[69370],"tags":[69369,69368,43674],"class_list":["post-542072","post","type-post","status-publish","format-standard","hentry","category-adriana-moreno-cordero","tag-adriana-moreno-cordero","tag-la-retaguardia","tag-opinion"],"_links":{"self":[{"href":"https:\/\/www.diarioimagen.net\/index.php?rest_route=\/wp\/v2\/posts\/542072","targetHints":{"allow":["GET"]}}],"collection":[{"href":"https:\/\/www.diarioimagen.net\/index.php?rest_route=\/wp\/v2\/posts"}],"about":[{"href":"https:\/\/www.diarioimagen.net\/index.php?rest_route=\/wp\/v2\/types\/post"}],"author":[{"embeddable":true,"href":"https:\/\/www.diarioimagen.net\/index.php?rest_route=\/wp\/v2\/users\/3"}],"replies":[{"embeddable":true,"href":"https:\/\/www.diarioimagen.net\/index.php?rest_route=%2Fwp%2Fv2%2Fcomments&post=542072"}],"version-history":[{"count":0,"href":"https:\/\/www.diarioimagen.net\/index.php?rest_route=\/wp\/v2\/posts\/542072\/revisions"}],"wp:attachment":[{"href":"https:\/\/www.diarioimagen.net\/index.php?rest_route=%2Fwp%2Fv2%2Fmedia&parent=542072"}],"wp:term":[{"taxonomy":"category","embeddable":true,"href":"https:\/\/www.diarioimagen.net\/index.php?rest_route=%2Fwp%2Fv2%2Fcategories&post=542072"},{"taxonomy":"post_tag","embeddable":true,"href":"https:\/\/www.diarioimagen.net\/index.php?rest_route=%2Fwp%2Fv2%2Ftags&post=542072"}],"curies":[{"name":"wp","href":"https:\/\/api.w.org\/{rel}","templated":true}]}}