{"id":542140,"date":"2022-04-06T00:03:52","date_gmt":"2022-04-06T05:03:52","guid":{"rendered":"https:\/\/www.diarioimagen.net\/?p=542140"},"modified":"2022-04-06T03:26:21","modified_gmt":"2022-04-06T08:26:21","slug":"morena-violadores-mentirosos-y-autoritarios","status":"publish","type":"post","link":"https:\/\/www.diarioimagen.net\/?p=542140","title":{"rendered":"Morena: violadores, mentirosos y autoritarios"},"content":{"rendered":"<h2>Espacio Electoral<\/h2>\n<h5>Eleazar Flores<\/h5>\n<p>&nbsp;<\/p>\n<p><strong>AMLO-AD\u00c1N-CLAUDIA-.<\/strong> Las autoridades n\u00famero uno y dos del pa\u00eds y la consentida de ya saben qui\u00e9n, con igual n\u00famero de reflectores medi\u00e1ticos, lanzaron al un\u00edsono ataques contra el Instituto Nacional Electoral, desde distintos puntos del pa\u00eds donde\u00a0 asistieron a eventos pro revocaci\u00f3n.<\/p>\n<p><strong>VIOLADORES-.<\/strong> El tr\u00edo de pol\u00edticos de Movimiento Regeneraci\u00f3n Nacional que violan el actual marco jur\u00eddico \u2014pues el \u201cdecretazo\u201d para promover la revocaci\u00f3n fue desechado\u2014 y a\u00fan as\u00ed lo hacen, de ah\u00ed el adjetivo de violadores. El INE impondr\u00e1 a los tres, posibles multas, que aun siendo elevadas, los funcionarios tienen suficientes recursos para saldarlas, Como cuando multan con miles de pesos a un futbolista millonario.<\/p>\n<p>En el norte, el primo-secretario de Gobernaci\u00f3n, Ad\u00e1n Augusto L\u00f3pez Hern\u00e1ndez, alab\u00f3 a L\u00f3pez Obrador\u00a0 y sentenci\u00f3 que los del INE \u201cya se van, con la cola entre las patas\u201d, \u00a1qu\u00e9 elegante!.<\/p>\n<p>Pero el titular de la Segob y el gerente de Morena, Mario Delgado, viajaron al norte en un avi\u00f3n militar, acto violatorio de la ley y aun ante tanta evidencia, el padre de la Cuarta Transformaci\u00f3n asegur\u00f3 que el secretario de Gobernaci\u00f3n fue a Hermosillo a hablar sobre la reforma el\u00e9ctrica, lo que el propio funcionario neg\u00f3 en el evento.<\/p>\n<p>MIENTEN-. No obstante las evidencias dadas por algunos reporteros -reportera en este caso- que cuestion\u00f3 al mandatario en la ma\u00f1anera del lunes, el tabasque\u00f1o neg\u00f3 el proselitismo del titular de Gobernaci\u00f3n y adem\u00e1s que haya viajado en un avi\u00f3n militar a un acto partidista.<\/p>\n<p><strong>CLAUDIA-.<\/strong> El fin de semana en Nayarit y el lunes en la ciudad que gobierna, Claudia Sheinbaum atac\u00f3 una vez m\u00e1s al Instituto Nacional Electoral por difundir sanciones a las que se har\u00e1n acreedores los funcionarios que violando la ley promuevan la revocaci\u00f3n.<\/p>\n<p>\u201cYa es momento de cambiar al Instituto Nacional Electoral\u201d, dijo entre uno de sus muchos pronunciamientos la consentida de ya saben qui\u00e9n, quiz\u00e1 por eso siente tanta seguridad, adem\u00e1s de \u2014para variar\u2014 hacerle segundas al de Macuspana, como casi diario.<\/p>\n<p><strong>AUTORITARISMO-.<\/strong> Sin la menor vacilaci\u00f3n, el mandatario ampli\u00f3 en la ma\u00f1anera del lunes que \u201cAd\u00e1n no va a ser candidato presidencial, esto para que se serenen\u201d, \u00e9l me est\u00e1 ayudando\u2026 sigui\u00f3 diciendo el tabasque\u00f1o, con lo que, si el primo alberg\u00f3 alg\u00fan d\u00eda convertirse en inquilino de Palacio Nacional, adi\u00f3s esperanzas.<\/p>\n<p>\u00c9stas se evidenciaron de inmediato el mismo lunes, pues al salir de Palacio Nacional, -seguramente rega\u00f1ado por su comportamiento norte\u00f1o sabatino-, literalmente apret\u00f3 los labios y cerr\u00f3 la boca ante la prensa, sabedor de que de boca cerrada no salen ataques a las instituciones, menos de quien por ley deber\u00eda procurar la \u201cseguridad interior\u201d, dice la ley,\u00a0 si, si, como no.<\/p>\n<p><em><a href=\"mailto:elefa44@gmail.com\" target=\"_blank\" rel=\"noopener noreferrer\">elefa44@gmail.com<\/a><\/em><\/p>\n","protected":false},"excerpt":{"rendered":"<p><span style=\"color: #005497;\"><strong>Eleazar Flores<\/strong><\/span><\/p>\n","protected":false},"author":3,"featured_media":0,"comment_status":"open","ping_status":"open","sticky":false,"template":"","format":"standard","meta":{"_monsterinsights_skip_tracking":false,"_monsterinsights_sitenote_active":false,"_monsterinsights_sitenote_note":"","_monsterinsights_sitenote_category":0,"footnotes":""},"categories":[81743],"tags":[81744,81776,43674],"class_list":["post-542140","post","type-post","status-publish","format-standard","hentry","category-eleazar-flores","tag-eleazar-flores","tag-espacio-electoral","tag-opinion"],"_links":{"self":[{"href":"https:\/\/www.diarioimagen.net\/index.php?rest_route=\/wp\/v2\/posts\/542140","targetHints":{"allow":["GET"]}}],"collection":[{"href":"https:\/\/www.diarioimagen.net\/index.php?rest_route=\/wp\/v2\/posts"}],"about":[{"href":"https:\/\/www.diarioimagen.net\/index.php?rest_route=\/wp\/v2\/types\/post"}],"author":[{"embeddable":true,"href":"https:\/\/www.diarioimagen.net\/index.php?rest_route=\/wp\/v2\/users\/3"}],"replies":[{"embeddable":true,"href":"https:\/\/www.diarioimagen.net\/index.php?rest_route=%2Fwp%2Fv2%2Fcomments&post=542140"}],"version-history":[{"count":0,"href":"https:\/\/www.diarioimagen.net\/index.php?rest_route=\/wp\/v2\/posts\/542140\/revisions"}],"wp:attachment":[{"href":"https:\/\/www.diarioimagen.net\/index.php?rest_route=%2Fwp%2Fv2%2Fmedia&parent=542140"}],"wp:term":[{"taxonomy":"category","embeddable":true,"href":"https:\/\/www.diarioimagen.net\/index.php?rest_route=%2Fwp%2Fv2%2Fcategories&post=542140"},{"taxonomy":"post_tag","embeddable":true,"href":"https:\/\/www.diarioimagen.net\/index.php?rest_route=%2Fwp%2Fv2%2Ftags&post=542140"}],"curies":[{"name":"wp","href":"https:\/\/api.w.org\/{rel}","templated":true}]}}