{"id":542230,"date":"2022-04-07T00:01:29","date_gmt":"2022-04-07T05:01:29","guid":{"rendered":"https:\/\/www.diarioimagen.net\/?p=542230"},"modified":"2022-04-08T00:58:42","modified_gmt":"2022-04-08T05:58:42","slug":"mayoria-de-ministros-de-scjn-son-como-abogados-patronales-lopez-obrador","status":"publish","type":"post","link":"https:\/\/www.diarioimagen.net\/?p=542230","title":{"rendered":"Mayor\u00eda de ministros de SCJN son como abogados patronales: L\u00f3pez Obrador"},"content":{"rendered":"<p>&nbsp;<\/p>\n<h3 style=\"text-align: center;\">Seleccionados en el periodo neoliberal<\/h3>\n<p>&nbsp;<\/p>\n<ul>\n<li><strong><em>No representan al pueblo, sino a las empresas, dice el Presidente<\/em><\/strong><\/li>\n<\/ul>\n<p>&nbsp;<\/p>\n<div id=\"attachment_542317\" style=\"width: 470px\" class=\"wp-caption aligncenter\"><img loading=\"lazy\" decoding=\"async\" aria-describedby=\"caption-attachment-542317\" class=\"size-full wp-image-542317\" src=\"https:\/\/www.diarioimagen.net\/wp-content\/uploads\/2022\/04\/amlo-3.jpg\" alt=\"\" width=\"460\" height=\"270\" \/><p id=\"caption-attachment-542317\" class=\"wp-caption-text\">Al presidente Andr\u00e9s Manuel L\u00f3pez Obrador asegur\u00f3 que la mayor\u00eda de los ministros son como abogados patronales.<\/p><\/div>\n<p>&nbsp;<\/p>\n<p>Sobre los recientes fallos de la Suprema Corte de Justicia, el presidente Andr\u00e9s Manuel L\u00f3pez Obrador asegur\u00f3 en su ma\u00f1anera que la mayor\u00eda de los ministros son como abogados patronales y no representan al pueblo, sino a las empresas.<\/p>\n<p>\u201cSostengo lo de ayer, es muy lamentable que los ministros de la Corte, no s\u00e9 si todos -hay ministros en la Corte que tienen una dimensi\u00f3n social- la mayor\u00eda y esto pasa en todo el Poder Judicial, son como abogados patronales para decirlo con claridad, no representan al pueblo, representan a las empresas.<\/p>\n<p>\u201cAs\u00ed los formaron, as\u00ed los escogieron durante el periodo neoliberal o neoporfirista. Esa es su concepci\u00f3n, esa es su mentalidad\u201d, dijo este mi\u00e9rcoles en Palacio Nacional.<\/p>\n<p>En su conferencia de prensa, el titular del Ejecutivo federal asegur\u00f3 que con la decisi\u00f3n del m\u00e1ximo tribunal de eliminar la prohibici\u00f3n de 10 a\u00f1os para que los funcionarios puedan trabajar en la iniciativa privada tras dejar su cargo se avalaron conductas como las de los expresidentes Ernesto Zedillo y Felipe Calder\u00f3n, que quienes al termino de sus sexenios se fueron a trabajar con empresas beneficiadas en sus gobiernos.<\/p>\n<p>\u201cEsto que hicieron pues es avalar la conducta de Zedillo de que privatiz\u00f3 los ferrocarriles Nacionales y se fue a trabajar a la empresa a la que le entregaron los ferrocarriles o lo de Felipe Calder\u00f3n, que fue secretario de Energ\u00eda, presidente de M\u00e9xico y termina su mandato y se va a trabajar a Iberdrola, la empresa particular espa\u00f1ola m\u00e1s beneficiada del periodo neoliberal con contratos, con subsidios.<\/p>\n<p>\u201cY ayer hablamos de casi todos los directores de Pemex, funcionarios de la CFE, secretarios de Energ\u00eda, funcionarios de Hacienda, terminando, en abierto conflicto de inter\u00e9s, se fueron a trabajar en bancos, empresas a las que beneficiaron mientras ocupaban los cargos p\u00fablicos\u201d, coment\u00f3.<\/p>\n<p style=\"text-align: center;\"><strong>Anuncia L\u00f3pez Obrador 750 mdp para seguridad social a periodistas<\/strong><\/p>\n<p>En otro tema, el presidente L\u00f3pez Obrador inform\u00f3 en su ma\u00f1anera que del presupuesto para la publicidad gubernamental, que asciende a 3 mil millones de pesos, el 25 porciento, unos 750 millones de pesos, ser\u00e1n destinado para un programa que brinde seguridad social a los periodistas independientes del pa\u00eds.<\/p>\n<p>\u201cYa tomamos la decisi\u00f3n y que el 25% de todo el recurso destinado a la publicidad del gobierno va a orientarse a que haya seguridad social para los periodistas que no tienen ning\u00fan tipo de apoyo\u201d, indic\u00f3 el mandatario federal.<\/p>\n<p>De acuerdo con el titular del Poder Ejecutivo, este programa tiene como objetivo dotar de servicios de salud a los comunicadores y sus familias por parte del Instituto Mexicano del Seguro Social (IMSS), as\u00ed como el acceso a una pensi\u00f3n.<\/p>\n<p>\u201cCon ese 25% vamos a financiar un programa de Seguridad Social vinculado con el Instituto Mexicano del Seguro Social que va a incluir pensiones y va a incluir atenci\u00f3n m\u00e9dica para el periodista y su familia. El 25% de lo que estamos destinando a publicidad va a ser para los periodistas en general\u201d, detall\u00f3.<\/p>\n<p>L\u00f3pez Obrador se\u00f1al\u00f3 que se decidi\u00f3 incluir el acceso a la pensi\u00f3n en esta iniciativa ya que \u201clamentable terminan sin nada, sin atenci\u00f3n m\u00e9dica y queremos garantizar la seguridad social\u201d.<\/p>\n<p>De esta manera, coment\u00f3, se espera garantizar el estado de bienestar similar al que existe en otros pa\u00edses pa\u00edses, donde la atenci\u00f3n m\u00e9dica y la seguridad est\u00e1 garantizada durante toda su vida. Adem\u00e1s, sostuvo que espera que no se limite unos cuantos, sino que toda la poblaci\u00f3n mexicana tenga los beneficios en un futuro. El jefe del Ejecutivo federal inform\u00f3 que el programa iniciar\u00e1 a operar desde este a\u00f1o, por lo que muy pronto comenzar\u00e1n los ajustes en el presupuesto autorizado. Explic\u00f3 que el gasto de publicidad anual de todo el gobierno asciende a 3 mil millones y de eso se usar\u00e1 el 25 por ciento.<\/p>\n<p>\u201cEstamos trabajando con el IMSS, hay que hacer un censo para que ustedes mismos sean los encargados de autorizar los apoyos, que sea equilibrado, justo, en todo el pa\u00eds. Era nada m\u00e1s para subrayar que no todos son periodistas famosos, que ganan much\u00edsimo dinero y que viven en mansiones, (muchos) viven al d\u00eda\u201d, advirti\u00f3.<\/p>\n<p style=\"text-align: center;\"><strong>Exhiben en la ma\u00f1anera propiedades de Loret de Mola<\/strong><\/p>\n<p>En sus ataques contra los medios cr\u00edticos, el presidente L\u00f3pez Obrador asegur\u00f3 que el titular de Latinus, Carlos Loret de Mola, adem\u00e1s de tener 13 departamentos en la Ciudad de M\u00e9xico y uno m\u00e1s en Miami, Florida, valuados en unos 200 millones de pesos, es propietario de una \u201cmansi\u00f3n\u201d en el destino tur\u00edstico de Valle de Bravo, Estado de M\u00e9xico, con valor de 120 millones de pesos.<\/p>\n<p>En la conferencia de prensa ma\u00f1anera se exhibieron notas period\u00edsticas sobre la propiedad atribuida al periodista que se encuentra en Miami, Florida, y el Presidente expres\u00f3:<\/p>\n<p>\u201cVean el departamento \u00bfde d\u00f3nde tanto? 13 departamentos en la ciudad de M\u00e9xico, m\u00e1s el departamento en Miami y tiene que aclarar por qu\u00e9 es vecino de Genaro Garc\u00eda Luna \u00bfse pusieron de acuerdo? \u00bfAprovecho la oferta? \u00bfQui\u00e9n se los ofreci\u00f3? Y no solo eso, tiene mucho m\u00e1s, es inmensamente rico y van a ir saliendo todos sus bienes\u201d, dijo.<\/p>\n<p>\u201cAcaba de llegar informaci\u00f3n de ciudadanos de Valle de Bravo que tiene una mansi\u00f3n en ese lugar de ocho hect\u00e1reas, 80 mil metros cuadrados, valuada en 120 millones de pesos. Tienen que aclarar cu\u00e1les son sus bienes todas las personas que de una u otra forma, obtienen beneficios al amparo del poder econ\u00f3mico y pol\u00edtico. \u00bfPor qu\u00e9 no van a trasparentar sus bienes?\u201d, reproch\u00f3.<\/p>\n<p>En la conferencia ma\u00f1anera, la encargada de la secci\u00f3n Qui\u00e9n es qui\u00e9n en las mentiras de la semana, Ana Elizabeth Garc\u00eda Vilchis exhibi\u00f3 en pantalla dos notas publicadas por los medios Sin L\u00ednea y Contral\u00ednea donde se asegura que los 13 departamentos de la Ciudad de M\u00e9xico que supuestamente son propiedad de Carlos Loreta de Mola, tienen un valor en conjunto de 100 millones de pesos.<\/p>\n<p>Adem\u00e1s, Garc\u00eda Vilchis se\u00f1al\u00f3 que el inmueble de Miami, est\u00e1 ubicado en el centro financiero de esta ciudad del sureste del estado de Florida y que tambi\u00e9n est\u00e1 valuado en 100 millones de pesos, es decir, entre 5 y 6 millones de d\u00f3lares.<\/p>\n<p>Incluso, la funcionaria federal acus\u00f3 a Loret de Mola de \u201cbuscar desesperadamente\u201d ser la figura de la oposici\u00f3n y que, por ello, no le importa publicar \u201cnotas falsas\u201d, difundir filtraciones presentadas como \u201cinvestigaciones period\u00edsticas\u201d y dar como verdades lo que son \u201csuposiciones, inferencias o rumores\u201d.<\/p>\n<p>\u201cSin embargo, Loret no dice nada de sus propiedades, ni de sus 13 departamentos en Ciudad de M\u00e9xico valuados en 100 millones de pesos y uno en el centro financiero de Miami Florida de 100 millones de pesos. Esperamos que Loret nos diga algo sobre sus bienes porque ya se parece al nopal cada d\u00eda le descubren m\u00e1s propiedades\u201d, expres\u00f3 Garc\u00eda Vilchis.<\/p>\n","protected":false},"excerpt":{"rendered":"<p>Sobre los recientes fallos de la Suprema Corte de Justicia, el presidente Andr\u00e9s Manuel L\u00f3pez Obrador asegur\u00f3 en suma\u00f1anera que la mayor\u00eda de los ministros son como abogados patronales y no representan al pueblo, sino a las empresas.<\/p>\n","protected":false},"author":3,"featured_media":542317,"comment_status":"open","ping_status":"open","sticky":false,"template":"","format":"standard","meta":{"_monsterinsights_skip_tracking":false,"_monsterinsights_sitenote_active":false,"_monsterinsights_sitenote_note":"","_monsterinsights_sitenote_category":0,"footnotes":""},"categories":[3],"tags":[1352,12814],"class_list":["post-542230","post","type-post","status-publish","format-standard","has-post-thumbnail","hentry","category-nacional","tag-andres-manuel-lopez-obrador","tag-suprema-corte-de-justicia"],"_links":{"self":[{"href":"https:\/\/www.diarioimagen.net\/index.php?rest_route=\/wp\/v2\/posts\/542230","targetHints":{"allow":["GET"]}}],"collection":[{"href":"https:\/\/www.diarioimagen.net\/index.php?rest_route=\/wp\/v2\/posts"}],"about":[{"href":"https:\/\/www.diarioimagen.net\/index.php?rest_route=\/wp\/v2\/types\/post"}],"author":[{"embeddable":true,"href":"https:\/\/www.diarioimagen.net\/index.php?rest_route=\/wp\/v2\/users\/3"}],"replies":[{"embeddable":true,"href":"https:\/\/www.diarioimagen.net\/index.php?rest_route=%2Fwp%2Fv2%2Fcomments&post=542230"}],"version-history":[{"count":0,"href":"https:\/\/www.diarioimagen.net\/index.php?rest_route=\/wp\/v2\/posts\/542230\/revisions"}],"wp:featuredmedia":[{"embeddable":true,"href":"https:\/\/www.diarioimagen.net\/index.php?rest_route=\/wp\/v2\/media\/542317"}],"wp:attachment":[{"href":"https:\/\/www.diarioimagen.net\/index.php?rest_route=%2Fwp%2Fv2%2Fmedia&parent=542230"}],"wp:term":[{"taxonomy":"category","embeddable":true,"href":"https:\/\/www.diarioimagen.net\/index.php?rest_route=%2Fwp%2Fv2%2Fcategories&post=542230"},{"taxonomy":"post_tag","embeddable":true,"href":"https:\/\/www.diarioimagen.net\/index.php?rest_route=%2Fwp%2Fv2%2Ftags&post=542230"}],"curies":[{"name":"wp","href":"https:\/\/api.w.org\/{rel}","templated":true}]}}