{"id":542286,"date":"2022-04-07T00:03:16","date_gmt":"2022-04-07T05:03:16","guid":{"rendered":"https:\/\/www.diarioimagen.net\/?p=542286"},"modified":"2022-04-07T04:51:36","modified_gmt":"2022-04-07T09:51:36","slug":"adan-uno-menos-claudia-retadora-y-monreal","status":"publish","type":"post","link":"https:\/\/www.diarioimagen.net\/?p=542286","title":{"rendered":"Ad\u00e1n, uno menos; Claudia,\u00a0 retadora, \u00bfy Monreal?"},"content":{"rendered":"<h2>Espacio Electoral<\/h2>\n<h5>Eleazar Flores<\/h5>\n<p>&nbsp;<\/p>\n<p><strong>ESQUILAS PURAS-.<\/strong> Como cencerro o como parte de un campanario de iglesia\u00a0 -porque as\u00ed los ha hecho sentir el destapador-, del\u00a0 top ten de \u201ccorcholatas morenas\u201d con miras a 2024 quedan, hasta ahora, dos figuras con posibilidades, la jefa de Gobierno y el secretario de Relaciones Exteriores.<\/p>\n<p>S\u00f3lo un resbal\u00f3n may\u00fasculo descalificar\u00eda a alguno de ambos proyectos que por si fuera poco, hasta re\u00fanen la cl\u00e1usula de equidad de g\u00e9nero, que por ley deben observar todos los partidos que participen, m\u00ednimo con un\u00a0 dueto inicial, -hombre mujer- ya en periodos de preinscripci\u00f3n de aspirantes, a\u00fan no de candidatos.<\/p>\n<p>Descarte desde ya al primo Ad\u00e1n Augusto L\u00f3pez Hern\u00e1ndez, quien teniendo la responsabilidad legal de procurar la armon\u00eda en la pol\u00edtica interior, divide y provoca con sus bravatas contra las instituciones, pero agregue de inmediato al zacatecano Ricardo Monreal \u00c1vila, para quien han quedado muy lejanos aquellos tiempos de los desayunos chilaquileros con el inqulino de Palacio Nacional.<\/p>\n<p>En funci\u00f3n de su desempe\u00f1o, hasta ahora el m\u00e1s institucional y efectivo, viene siendo el canciller Marcelo Ebrard Casaubon, el \u00fanico de la Cuarta Transformaci\u00f3n que a\u00fan no ha atacado a los medios de comunicaci\u00f3n en sus diversas modalidades, lo que ya es ganancia si se toma en cuenta el comportamiento de los dem\u00e1s \u201cmorenos\u201d y \u201cmorenas\u201d en circulaci\u00f3n.<\/p>\n<p>De hecho, es el reverso de la moneda si se compara con la ret\u00f3rica retadora a \u00faltimas fechas de la jefa de gobierno Claudia Sheinbaum Pardo, como lo reiter\u00f3 el s\u00e1bado en Nayarit y el lunes en la capital del pa\u00eds. Esto no ha sido todo, pues de su convocatoria en apoyo a la revocaci\u00f3n en el Monumento a la Revoluci\u00f3n se supone que, no teniendo voluntad propia, ella cont\u00f3 con la venia de su superior pol\u00edtico a quien siempre le hace segunda.<\/p>\n<p>Marcelo, inteligente evasivo medi\u00e1tico en temas delicados como la\u00a0 misiva redactada al y en el aire -literalmente-, entre AMLO y su jefe de prensa Jes\u00fas Ram\u00edrez, asunto del que sali\u00f3 airoso; en tanto que Clau aprovecha la m\u00ednima oportunidad para denostar al INE y a los medios, igualita al primo Ad\u00e1n Augusto, ya descartado definitivamente por su hacedor.<\/p>\n<p>A Ad\u00e1n Augusto ya se le compara con el otrora extinto secretario de Gobernaci\u00f3n Francisco Blake Mora, cuya fuerza estrib\u00f3 \u00fanicamente en la amistad presidencial de Felipe Calder\u00f3n, pero se trat\u00f3 de una persona sencilla, sensata y sin bravuconadas, no como el primo.<\/p>\n<p><strong>MONREAL-.<\/strong> Si las cosas siguen como van, pronto ver\u00e1n a Ricardo Monreal como senador pero fuera de Morena y presto para escuchar ofertas, como en el futbol de estufa.<\/p>\n<p>David, el hermano gobernador zacatecano podr\u00eda afectarlo.<\/p>\n<p><em><a href=\"mailto:elefa44@gmail.com\" target=\"_blank\" rel=\"noopener noreferrer\">elefa44@gmail.com<\/a><\/em><\/p>\n","protected":false},"excerpt":{"rendered":"<p><span style=\"color: #005497;\"><strong>Eleazar Flores<\/strong><\/span><\/p>\n","protected":false},"author":3,"featured_media":0,"comment_status":"open","ping_status":"open","sticky":false,"template":"","format":"standard","meta":{"_monsterinsights_skip_tracking":false,"_monsterinsights_sitenote_active":false,"_monsterinsights_sitenote_note":"","_monsterinsights_sitenote_category":0,"footnotes":""},"categories":[81743],"tags":[81744,81776,43674],"class_list":["post-542286","post","type-post","status-publish","format-standard","hentry","category-eleazar-flores","tag-eleazar-flores","tag-espacio-electoral","tag-opinion"],"_links":{"self":[{"href":"https:\/\/www.diarioimagen.net\/index.php?rest_route=\/wp\/v2\/posts\/542286","targetHints":{"allow":["GET"]}}],"collection":[{"href":"https:\/\/www.diarioimagen.net\/index.php?rest_route=\/wp\/v2\/posts"}],"about":[{"href":"https:\/\/www.diarioimagen.net\/index.php?rest_route=\/wp\/v2\/types\/post"}],"author":[{"embeddable":true,"href":"https:\/\/www.diarioimagen.net\/index.php?rest_route=\/wp\/v2\/users\/3"}],"replies":[{"embeddable":true,"href":"https:\/\/www.diarioimagen.net\/index.php?rest_route=%2Fwp%2Fv2%2Fcomments&post=542286"}],"version-history":[{"count":0,"href":"https:\/\/www.diarioimagen.net\/index.php?rest_route=\/wp\/v2\/posts\/542286\/revisions"}],"wp:attachment":[{"href":"https:\/\/www.diarioimagen.net\/index.php?rest_route=%2Fwp%2Fv2%2Fmedia&parent=542286"}],"wp:term":[{"taxonomy":"category","embeddable":true,"href":"https:\/\/www.diarioimagen.net\/index.php?rest_route=%2Fwp%2Fv2%2Fcategories&post=542286"},{"taxonomy":"post_tag","embeddable":true,"href":"https:\/\/www.diarioimagen.net\/index.php?rest_route=%2Fwp%2Fv2%2Ftags&post=542286"}],"curies":[{"name":"wp","href":"https:\/\/api.w.org\/{rel}","templated":true}]}}