{"id":542367,"date":"2022-04-08T00:06:32","date_gmt":"2022-04-08T05:06:32","guid":{"rendered":"https:\/\/www.diarioimagen.net\/?p=542367"},"modified":"2022-04-10T21:01:48","modified_gmt":"2022-04-11T02:01:48","slug":"salud-mental-de-las-mujeres-historicamente-relegada","status":"publish","type":"post","link":"https:\/\/www.diarioimagen.net\/?p=542367","title":{"rendered":"Salud mental de las mujeres, hist\u00f3ricamente relegada"},"content":{"rendered":"<p><em>\u00a0<\/em><\/p>\n<ul>\n<li><strong><em>La especialista Brenda Rodr\u00edguez Aguilar imparti\u00f3 la conferencia\u00a0 virtual \u201cEstigmatizaci\u00f3n de la salud mental en las mujeres\u201d organizada por la UAEM\u00e9x<\/em><\/strong><\/li>\n<\/ul>\n<p>&nbsp;<\/p>\n<div id=\"attachment_542463\" style=\"width: 470px\" class=\"wp-caption aligncenter\"><a href=\"https:\/\/www.diarioimagen.net\/?attachment_id=542463\" rel=\"attachment wp-att-542463\"><img loading=\"lazy\" decoding=\"async\" aria-describedby=\"caption-attachment-542463\" class=\"size-full wp-image-542463\" src=\"https:\/\/www.diarioimagen.net\/wp-content\/uploads\/2022\/04\/uaem-salud.jpg\" alt=\"\" width=\"460\" height=\"270\" \/><\/a><p id=\"caption-attachment-542463\" class=\"wp-caption-text\">La especialista Brenda Rodr\u00edguez Aguilar refiri\u00f3 que se requiere de mayor presupuesto y de observar los casos desde una perspectiva interseccional para un mejor diagn\u00f3stico y tratamiento.<\/p><\/div>\n<p>&nbsp;<\/p>\n<p><strong>Toluca, Estado de M\u00e9xico.\u2014<\/strong> La salud mental de la mujer ha sido hist\u00f3ricamente ligada a la locura como una manera de desempoderamiento del g\u00e9nero femenino ante las circunstancias y contextos en los que se desarrolla indic\u00f3 la especialista Brenda Rodr\u00edguez Aguilar al impartir la conferencia \u201cEstigmatizaci\u00f3n de la salud mental en las mujeres\u201d.<\/p>\n<p>Como parte de las actividades que realiza la Direcci\u00f3n de Salud Universitaria de la Universidad Aut\u00f3noma del Estado de M\u00e9xico (UAEM\u00e9x), Rodr\u00edguez Aguilar abord\u00f3 el tema de los trastornos mentales ligados a la mujer por el solo hecho de ser mujeres.<\/p>\n<p>La ponente indic\u00f3 que en la caso de la salud mental se ha registrado un sesgo por g\u00e9nero que se debe combatir porque hace m\u00e1s vulnerable a las mujeres de ser medicadas incorrectamente al ser catalogadas como locas, bipolares, hist\u00e9ricas, depresivas o neur\u00f3ticas a diferencia de los diagn\u00f3sticos y tratamientos que se le otorgan a un hombre en circunstancias similares.<\/p>\n<p>\u201cAl diagnosticar un trastorno mental se coloca al paciente en una situaci\u00f3n pasiva como que no tiene que hacer mucho frente a su enfermedad y en el caso de las mujeres ese etiquetamiento es parte del resultado de su desempoderamiento frente a sus contrapartes masculinos\u201d, afirm\u00f3.<\/p>\n<p>En ese sentido, dijo que se deben analizar los trastornos mentales desde una perspectiva interseccional, es decir, tomando en cuenta todos los factores que rodean a un posible paciente como la pobreza, problemas en el trabajo, violencia, entre otros para entender y diagnosticar adecuadamente los casos.<\/p>\n<p>\u201cEl malestar emocional no deber\u00eda de interpretarse como un producto individual sino como un producto de interacci\u00f3n social, en tanto que existen fen\u00f3menos como precariedad, nuevas formas de\u00a0 relaciones en el trabajo, el machismo que s\u00ed afecta en el individuo\u201d, refiri\u00f3.<\/p>\n<p>La ponente dijo que una de las propuestas para combatir la estigmatizaci\u00f3n de la mujer en el tema de salud mental es que haya mayor presupuesto para la atenci\u00f3n, lo que permitir\u00e1 mejorar diagn\u00f3sticos y tratamientos.<\/p>\n<p>Rodr\u00edguez Aguilar record\u00f3 que el 2021, la Organizaci\u00f3n Mundial de la Salud (OMS) denomin\u00f3 al a\u00f1o como el de la salud mental ante la necesidad que se registr\u00f3 de atenci\u00f3n por la proliferaci\u00f3n de casos de personas en general con trastornos mentales derivados del confinamiento y presencia del virus SARS-CoV-2; sin embargo, en el caso de M\u00e9xico este fen\u00f3meno no implic\u00f3 que se le otorgara mayores recursos al sector o rubro de atenci\u00f3n.<\/p>\n","protected":false},"excerpt":{"rendered":"<p>La salud mental de la mujer ha sido hist\u00f3ricamente ligada a la locura como una manera de desempoderamiento del g\u00e9nero femenino ante las circunstancias y contextos en los que se desarrolla indic\u00f3 la especialista Brenda Rodr\u00edguez Aguilar al impartir la conferencia \u201cEstigmatizaci\u00f3n de la salud mental en las mujeres\u201d.<\/p>\n","protected":false},"author":3,"featured_media":542463,"comment_status":"open","ping_status":"open","sticky":false,"template":"","format":"standard","meta":{"_monsterinsights_skip_tracking":false,"_monsterinsights_sitenote_active":false,"_monsterinsights_sitenote_note":"","_monsterinsights_sitenote_category":0,"footnotes":""},"categories":[5],"tags":[43675,95170,7254,95169,452],"class_list":["post-542367","post","type-post","status-publish","format-standard","has-post-thumbnail","hentry","category-estado-de-mexico","tag-estado-de-mexico","tag-historicamente","tag-mujer","tag-relegada","tag-toluca"],"_links":{"self":[{"href":"https:\/\/www.diarioimagen.net\/index.php?rest_route=\/wp\/v2\/posts\/542367","targetHints":{"allow":["GET"]}}],"collection":[{"href":"https:\/\/www.diarioimagen.net\/index.php?rest_route=\/wp\/v2\/posts"}],"about":[{"href":"https:\/\/www.diarioimagen.net\/index.php?rest_route=\/wp\/v2\/types\/post"}],"author":[{"embeddable":true,"href":"https:\/\/www.diarioimagen.net\/index.php?rest_route=\/wp\/v2\/users\/3"}],"replies":[{"embeddable":true,"href":"https:\/\/www.diarioimagen.net\/index.php?rest_route=%2Fwp%2Fv2%2Fcomments&post=542367"}],"version-history":[{"count":0,"href":"https:\/\/www.diarioimagen.net\/index.php?rest_route=\/wp\/v2\/posts\/542367\/revisions"}],"wp:featuredmedia":[{"embeddable":true,"href":"https:\/\/www.diarioimagen.net\/index.php?rest_route=\/wp\/v2\/media\/542463"}],"wp:attachment":[{"href":"https:\/\/www.diarioimagen.net\/index.php?rest_route=%2Fwp%2Fv2%2Fmedia&parent=542367"}],"wp:term":[{"taxonomy":"category","embeddable":true,"href":"https:\/\/www.diarioimagen.net\/index.php?rest_route=%2Fwp%2Fv2%2Fcategories&post=542367"},{"taxonomy":"post_tag","embeddable":true,"href":"https:\/\/www.diarioimagen.net\/index.php?rest_route=%2Fwp%2Fv2%2Ftags&post=542367"}],"curies":[{"name":"wp","href":"https:\/\/api.w.org\/{rel}","templated":true}]}}