{"id":542383,"date":"2022-04-08T00:02:46","date_gmt":"2022-04-08T05:02:46","guid":{"rendered":"https:\/\/www.diarioimagen.net\/?p=542383"},"modified":"2022-04-08T05:48:25","modified_gmt":"2022-04-08T10:48:25","slug":"finanzas-sanas-en-el-gobierno-de-huixquilucan-calificadora-hr-ratings","status":"publish","type":"post","link":"https:\/\/www.diarioimagen.net\/?p=542383","title":{"rendered":"Finanzas sanas en el gobierno de Huixquilucan: calificadora HR Ratings"},"content":{"rendered":"<p>&nbsp;<\/p>\n<ul>\n<li><strong><em>Buen manejo por\u00a0sexto a\u00f1o consecutivo<\/em><\/strong><\/li>\n<\/ul>\n<p>&nbsp;<\/p>\n<h6>Arturo Baena<\/h6>\n<p>&nbsp;<\/p>\n<div id=\"attachment_542516\" style=\"width: 470px\" class=\"wp-caption aligncenter\"><a href=\"https:\/\/www.diarioimagen.net\/?attachment_id=542516\" rel=\"attachment wp-att-542516\"><img loading=\"lazy\" decoding=\"async\" aria-describedby=\"caption-attachment-542516\" class=\"size-full wp-image-542516\" src=\"https:\/\/www.diarioimagen.net\/wp-content\/uploads\/2022\/04\/huixquilucan-2.jpg\" alt=\"\" width=\"460\" height=\"270\" \/><\/a><p id=\"caption-attachment-542516\" class=\"wp-caption-text\">La alcaldesa de Huixquilucan destac\u00f3 el aumento de la calificaci\u00f3n crediticia a este municipio.<\/p><\/div>\n<p>&nbsp;<\/p>\n<p><strong>Huixquilucan, Estado de M\u00e9xico.\u2014<\/strong> Por\u00a0\u00a0sexto a\u00f1o consecutivo, la calificadora \u201cHR Ratings\u201d, mantuvo la perspectiva crediticia del gobierno de esta localidad como estable y, en esta ocasi\u00f3n, aument\u00f3 su calificaci\u00f3n al pasarla de HR A+ a HR AA-, derivado de un incremento de los ingresos propios que recaud\u00f3 la administraci\u00f3n municipal y la depuraci\u00f3n de los estados financieros, sin tener que contratar deuda p\u00fablica, entre otros factores.<\/p>\n<p>Al acudir a la colonia Las Canteras, como parte de los recorridos semanales que realiza a cada comunidad o fraccionamiento de la demarcaci\u00f3n para escuchar y atender las solicitudes de los vecinos, la alcaldesa de Huixquilucan destac\u00f3 el aumento de la calificaci\u00f3n crediticia a este municipio, como resultado de un buen manejo financiero de las arcas locales, en donde los recursos de los ciudadanos se administran responsablemente para elevar su calidad de vida.<\/p>\n<p>Detall\u00f3 que la calificaci\u00f3n al alza que otorga esta empresa se debe a un aumento de los ingresos propios que recauda el gobierno municipal, que en el caso del impuesto predial asciende a cerca del 15 por ciento; adem\u00e1s de que se ha ido pagando la deuda de largo plazo, sin tener que solicitar pr\u00e9stamos para ello, y no se tienen pasivos de corto plazo con proveedores y contratistas.<\/p>\n<p>\u201cReconozco el esfuerzo que se ha hecho en los \u00faltimos seis a\u00f1os en el gobierno municipal para lograr que la situaci\u00f3n econ\u00f3mica y crediticia del municipio vaya mejorando y esta nueva calificaci\u00f3n es resultado de ese trabajo en este tiempo, pues hoy estamos al corriente en el pago a proveedores y no tenemos pensado pedir un solo pr\u00e9stamo para seguir construyendo obra p\u00fablica y entregar resultados a los huixquiluquenses. Hoy, la poblaci\u00f3n puede estar segura de que sus impuestos est\u00e1n bien administrados y seguiremos siendo responsables con ellos, para elevar su calidad de vida\u201d, recalc\u00f3.<\/p>\n<p>De acuerdo con el Reporte de Finanzas P\u00fablicas del Municipio de Huixquilucan de HR Ratings, los Ingresos de Libre Disposici\u00f3n de esta demarcaci\u00f3n tuvieron un crecimiento interanual de 15.2 por ciento, debido a una recuperaci\u00f3n en la recaudaci\u00f3n propia, mientras que la Deuda Neta y el Pasivo Circulante disminuyeron en 15.6 por ciento y 6.7 por ciento, respectivamente.<\/p>\n<p>El informe se\u00f1ala tambi\u00e9n que el factor de gobernanza que se eval\u00faa se considera como superior, pues existe una continuidad en proyectos y pol\u00edticas p\u00fablicas de a\u00f1os anteriores, mientras que, en los factores ambientales y sociales, se estima una evaluaci\u00f3n promedio, que es resultado de condiciones de seguridad superiores al promedio nacional y del pago permanente de los servicios de distribuci\u00f3n de agua por bloque a la federaci\u00f3n y entidad.<\/p>\n","protected":false},"excerpt":{"rendered":"<p>Por\u00a0\u00a0sexto a\u00f1o consecutivo, la calificadora \u201cHR Ratings\u201d, mantuvo la perspectiva crediticia del gobierno de esta localidad como estable y, en esta ocasi\u00f3n, aument\u00f3 su calificaci\u00f3n al pasarla de HR A+ a HR AA-, derivado de un incremento de los ingresos propios que recaud\u00f3 la administraci\u00f3n municipal y la depuraci\u00f3n de los estados financieros, sin tener que contratar deuda p\u00fablica, entre otros factores.<\/p>\n","protected":false},"author":3,"featured_media":542516,"comment_status":"open","ping_status":"open","sticky":false,"template":"","format":"standard","meta":{"_monsterinsights_skip_tracking":false,"_monsterinsights_sitenote_active":false,"_monsterinsights_sitenote_note":"","_monsterinsights_sitenote_category":0,"footnotes":""},"categories":[5],"tags":[43675,85205,1097],"class_list":["post-542383","post","type-post","status-publish","format-standard","has-post-thumbnail","hentry","category-estado-de-mexico","tag-estado-de-mexico","tag-hr-ratings","tag-huixquilucan"],"_links":{"self":[{"href":"https:\/\/www.diarioimagen.net\/index.php?rest_route=\/wp\/v2\/posts\/542383","targetHints":{"allow":["GET"]}}],"collection":[{"href":"https:\/\/www.diarioimagen.net\/index.php?rest_route=\/wp\/v2\/posts"}],"about":[{"href":"https:\/\/www.diarioimagen.net\/index.php?rest_route=\/wp\/v2\/types\/post"}],"author":[{"embeddable":true,"href":"https:\/\/www.diarioimagen.net\/index.php?rest_route=\/wp\/v2\/users\/3"}],"replies":[{"embeddable":true,"href":"https:\/\/www.diarioimagen.net\/index.php?rest_route=%2Fwp%2Fv2%2Fcomments&post=542383"}],"version-history":[{"count":0,"href":"https:\/\/www.diarioimagen.net\/index.php?rest_route=\/wp\/v2\/posts\/542383\/revisions"}],"wp:featuredmedia":[{"embeddable":true,"href":"https:\/\/www.diarioimagen.net\/index.php?rest_route=\/wp\/v2\/media\/542516"}],"wp:attachment":[{"href":"https:\/\/www.diarioimagen.net\/index.php?rest_route=%2Fwp%2Fv2%2Fmedia&parent=542383"}],"wp:term":[{"taxonomy":"category","embeddable":true,"href":"https:\/\/www.diarioimagen.net\/index.php?rest_route=%2Fwp%2Fv2%2Fcategories&post=542383"},{"taxonomy":"post_tag","embeddable":true,"href":"https:\/\/www.diarioimagen.net\/index.php?rest_route=%2Fwp%2Fv2%2Ftags&post=542383"}],"curies":[{"name":"wp","href":"https:\/\/api.w.org\/{rel}","templated":true}]}}