{"id":542417,"date":"2022-04-08T00:02:31","date_gmt":"2022-04-08T05:02:31","guid":{"rendered":"https:\/\/www.diarioimagen.net\/?p=542417"},"modified":"2022-04-08T03:39:15","modified_gmt":"2022-04-08T08:39:15","slug":"tanto-le-calo-al-ministro-arturo-zaldivar-el-regano-del-presidente-lopez-obrador","status":"publish","type":"post","link":"https:\/\/www.diarioimagen.net\/?p=542417","title":{"rendered":"\u00bfTanto le cal\u00f3 al ministro Arturo Zald\u00edvar el rega\u00f1o del presidente L\u00f3pez Obrador?"},"content":{"rendered":"<h2>La Retaguardia<\/h2>\n<h5>Adriana Moreno Cordero<\/h5>\n<p>&nbsp;<\/p>\n<ul>\n<li><strong><em>Reforma el\u00e9ctrica: Rub\u00e9n Moreira tiene una posici\u00f3n m\u00e1s laxa<\/em><\/strong><\/li>\n<\/ul>\n<p>&nbsp;<\/p>\n<p>\u00bfTanto le habr\u00e1 calado al ministro presidente de la Suprema Corte de Justicia de la Naci\u00f3n, <strong>Arturo Zald\u00edvar,<\/strong> el rega\u00f1o que le propin\u00f3 al m\u00e1ximo tribunal de la naci\u00f3n, el presidente <strong>Andr\u00e9s Manuel L\u00f3pez Obrador <\/strong>hace unos d\u00edas, que por eso el ministro Zald\u00edvar, para contentar al visceral tabasque\u00f1o, para agradarle, se vio en la imperiosa necesidad de votar a favor de la Ley de la Industria El\u00e9ctrica (LIE) del mandatario? y con esto, no eliminar de la controvertida ley el apartado que tiene que ver con el fortalecimiento de la Comisi\u00f3n Federal de Electricidad, lo que se conoce como la \u201cLey Bartlett\u201d.<\/p>\n<p>Luego de que se diera una tensa espera en la que en la C\u00e1mara de Diputados, especialmente los legisladores de la bancada del partido oficial y r\u00e9moras, se tronaban los dedos ante la posibilidad de no poder cumplir la instrucci\u00f3n directa enviada desde Palacio Nacional, las ministras <strong>Yasm\u00edn Esquivel<\/strong>, <strong>Loretta Ortiz<\/strong> -ambas llegaron a la Suprema Corte gracias a las gestiones de L\u00f3pez Obrador y evidentemente le deben lealtad y ceguera absoluta- y el ministro presidente, Arturo Zald\u00edvar, votaron por avalar la ley en todos los temas y en cuanto a la materia ambiental, Zald\u00edvar propuso una \u201cinterpretaci\u00f3n conforme\u201d para que la Corte incluya en su sentencia un pronunciamiento para dar preferencia al abandono paulatino de las energ\u00edas generadas por combustibles f\u00f3siles. Bien puede inferirse que en esto \u00faltimo, esta errada y llamada Cuarta Transformaci\u00f3n no har\u00e1 el menor caso.<\/p>\n<p>A cierta distancia de la SCJN, el coordinador de la bancada morenista en San L\u00e1zaro, <strong>Ignacio Mier<\/strong>, insisti\u00f3 todo el d\u00eda en los puntos coincidentes que tienen con la contrapropuesta de la coalici\u00f3n \u201cVa por M\u00e9xico\u201d y en la que destacan: el derecho humano a la electricidad; precios en la energ\u00eda el\u00e9ctrica, reduciendo los costos.<\/p>\n<p>\u201cCoincidimos en la posici\u00f3n nacionalista del PRI (sobre la reforma el\u00e9ctrica) para que al igual que como lo hemos se\u00f1alado nosotros, bajen los precios de la luz y se fortalezca la CFE; fomentar energ\u00edas renovables y que el litio sea propiedad del Estado\u201d.<\/p>\n<p>Aqu\u00ed, lo que llama poderosamente la atenci\u00f3n, es que en un inicio de este controvertido tema, tanto el presidente L\u00f3pez Obrador como su bancada, ped\u00edan, m\u00e1s bien exig\u00edan que no se cambiara ni una coma y ahora, se supone que los del partido oficial, han incorporado nueve de los 12 puntos, de tal suerte que todo puede suceder el pr\u00f3ximo lunes.<\/p>\n<p>El caso es que el diputado Moreira inform\u00f3 que el pr\u00f3ximo lunes se reunir\u00e1n las comisiones de Puntos Constitucionales y Energ\u00eda de San L\u00e1zaro; \u201cah\u00ed nosotros tendremos qu\u00e9 ver lo que se est\u00e1 poniendo sobre la mesa, es decir, si son nueve o 12 las propuestas incorporadas\u201d, dijo.<\/p>\n<p>Otra cuesti\u00f3n es que el diputado Rub\u00e9n Moreira, en un inicio cuando el presidente del PRI, Alejandro Moreno C\u00e1rdenas, anunci\u00f3 que no respaldaban la reforma el\u00e9ctrica de L\u00f3pez Obrador, hab\u00eda dicho que iban porque Morena aceptara los 12 puntos presentados por la oposici\u00f3n o nada, no obstante, en la cuenta regresiva, el coahuilense ha mostrado ser m\u00e1s laxo y hace m\u00e1s \u00e9nfasis en las coincidencias que puedan tener con el partido oficial.<\/p>\n<p>Hay que se\u00f1alar que Moreira confi\u00f3 en la buena fe del coordinador morenista Ignacio Mier, pero \u201cnecesitamos ver c\u00f3mo est\u00e1n redactados (los puntos que ellos plantearon)\u201d. Inform\u00f3 que este fin de semana, los priistas se reunir\u00e1n en el Consejo Pol\u00edtico Nacional \u201cpara una decisi\u00f3n definitiva de nuestro voto\u201d.<\/p>\n<p>Asimismo, el presidente de la Junta de Coordinaci\u00f3n Pol\u00edtica de la C\u00e1mara baja, se\u00f1al\u00f3 que el bloque opositor todav\u00eda est\u00e1 porque esta discusi\u00f3n se aplace hasta despu\u00e9s de las elecciones de junio pr\u00f3ximo.<\/p>\n<p>Sin embargo la Jucopo, Morena y r\u00e9moras que la acompa\u00f1an espec\u00edficamente, ya tienen previsto que se discuta y se vote entre martes y mi\u00e9rcoles de la Semana Santa.<\/p>\n<p>Por su parte, la bancada del PRI ya se est\u00e1 concentrando en la Ciudad de M\u00e9xico para evitar cualquier inconveniente. \u201cNosotros mismos estamos revisando y estaremos en nuestra cita con la historia\u201d, supuestamente la bancada completa, subray\u00f3 el diputado Rub\u00e9n Moreira, que dijo que los del tricolor, tambi\u00e9n son nacionalistas.<\/p>\n<p>La anterior frase viene a cuento por los \u201ccoqueteos\u201d y presiones que a lo largo de la semana ha ejercido el presidente L\u00f3pez Obrador y en lo m\u00e1s reciente, hacer \u00e9nfasis en que los ex presidentes L\u00e1zaro C\u00e1rdenas y Adolfo L\u00f3pez Mateos, militaban en el PRI, pr\u00e1cticamente en un mensaje en el que puede verse entrel\u00edneas de que si los priistas no votan a favor de la reforma el\u00e9ctrica del Presidente, entonces son traidores a la Patria.<\/p>\n<p>Esto es, en resumidas cuentas, el mismo perverso juego del de Tepetit\u00e1n de \u201csi no est\u00e1s conmigo, est\u00e1s contra m\u00ed\u201d.<\/p>\n<p style=\"text-align: center;\"><strong>Municiones<\/strong><\/p>\n<p>*** Vaya que es contradictoria la flamante jefa del Gobierno de la Ciudad de M\u00e9xico, <strong>Claudia Sheinbaum<\/strong>, que por un lado y haciendo caso omiso del aumento de contagios de Covid-19, alrededor de 30 mil, en un incremento preocupante, proh\u00edbe que en Iztapalapa se lleve a cabo la celebraci\u00f3n del Domingo de Ramos en la tradicional Pasi\u00f3n de Cristo, pero qu\u00e9 tal el multitudinario acto que se realiz\u00f3 hace dos d\u00edas en el Monumento a la Revoluci\u00f3n que ella misma encabez\u00f3, en donde hubo acarreados, a los que, seg\u00fan se sabe, les pagaron 100 pesos por ir a echarle porras a la se\u00f1ora Sheinbaum y les dieron una bolsita con una torta. Ah\u00ed s\u00ed, ni sana distancia ni cubrebocas, ni nada; la funcionaria capitalina estaba midiendo m\u00fasculo en lo que consider\u00f3 su primer acto de campa\u00f1a.<\/p>\n<p>*** Y sobre este mismo tema, en conferencia de prensa el coordinador de la bancada de Morena en el Senado de la Rep\u00fablica, consider\u00f3 hasta normal que la se\u00f1ora Sheinbaum Pardo, se presente como una aspirante para la presidencia en 2024. Efectivamente, pero lo que no se vale es que utilice recursos p\u00fablicos para acarrear pr\u00e1cticamente a quien iba pasando por el Z\u00f3calo y sus inmediaciones. El senador Monreal se\u00f1al\u00f3: \u201cMe parece normal que (Sheinbaum) est\u00e9 en ese proceso y que est\u00e9 luchando porque dentro de\u00a0Morena\u00a0pueda participar. Ojo, m\u00e1s que participar, la jefa del gobierno capitalino est\u00e1 verdaderamente ansiosa y necia por ser ella la candidata presidencial morenista. No obstante, el legislador zacatecano se\u00f1al\u00f3: \u201cNo voy a hablar mal de ella, no creo que sea el momento. Le deseo suerte y nosotros vamos a seguir trabajando por lograr la simpat\u00eda, vamos a participar en su momento, como candidatos a la Presidencia de la Rep\u00fablica y vamos a inscribirnos en Morena\u201d. O sea que el senador Monreal no ha quitado el dedo del rengl\u00f3n e inform\u00f3 que respetar\u00e1 los tiempos de ley, evitando as\u00ed anticiparse en la carrera presidencial y, con ello, alguna violaci\u00f3n a la ley. Definitivamente, s\u00ed le van ganando a la ansiosa Sheinbaum.<\/p>\n<p><u><a href=\"mailto:morcora@gmail.com\" target=\"_blank\" rel=\"noopener noreferrer\"><em>morcora@gmail.com<\/em><\/a><\/u><\/p>\n","protected":false},"excerpt":{"rendered":"<p><span style=\"color: #005497;\"><strong>Adriana Moreno Cordero<\/strong><\/span><\/p>\n","protected":false},"author":3,"featured_media":0,"comment_status":"open","ping_status":"open","sticky":false,"template":"","format":"standard","meta":{"_monsterinsights_skip_tracking":false,"_monsterinsights_sitenote_active":false,"_monsterinsights_sitenote_note":"","_monsterinsights_sitenote_category":0,"footnotes":""},"categories":[69370],"tags":[69369,69368],"class_list":["post-542417","post","type-post","status-publish","format-standard","hentry","category-adriana-moreno-cordero","tag-adriana-moreno-cordero","tag-la-retaguardia"],"_links":{"self":[{"href":"https:\/\/www.diarioimagen.net\/index.php?rest_route=\/wp\/v2\/posts\/542417","targetHints":{"allow":["GET"]}}],"collection":[{"href":"https:\/\/www.diarioimagen.net\/index.php?rest_route=\/wp\/v2\/posts"}],"about":[{"href":"https:\/\/www.diarioimagen.net\/index.php?rest_route=\/wp\/v2\/types\/post"}],"author":[{"embeddable":true,"href":"https:\/\/www.diarioimagen.net\/index.php?rest_route=\/wp\/v2\/users\/3"}],"replies":[{"embeddable":true,"href":"https:\/\/www.diarioimagen.net\/index.php?rest_route=%2Fwp%2Fv2%2Fcomments&post=542417"}],"version-history":[{"count":0,"href":"https:\/\/www.diarioimagen.net\/index.php?rest_route=\/wp\/v2\/posts\/542417\/revisions"}],"wp:attachment":[{"href":"https:\/\/www.diarioimagen.net\/index.php?rest_route=%2Fwp%2Fv2%2Fmedia&parent=542417"}],"wp:term":[{"taxonomy":"category","embeddable":true,"href":"https:\/\/www.diarioimagen.net\/index.php?rest_route=%2Fwp%2Fv2%2Fcategories&post=542417"},{"taxonomy":"post_tag","embeddable":true,"href":"https:\/\/www.diarioimagen.net\/index.php?rest_route=%2Fwp%2Fv2%2Ftags&post=542417"}],"curies":[{"name":"wp","href":"https:\/\/api.w.org\/{rel}","templated":true}]}}