{"id":542419,"date":"2022-04-08T00:04:17","date_gmt":"2022-04-08T05:04:17","guid":{"rendered":"https:\/\/www.diarioimagen.net\/?p=542419"},"modified":"2022-04-08T03:43:06","modified_gmt":"2022-04-08T08:43:06","slug":"mar-caribe-el-azul-turquesa","status":"publish","type":"post","link":"https:\/\/www.diarioimagen.net\/?p=542419","title":{"rendered":"Mar Caribe, el azul turquesa"},"content":{"rendered":"<h2>Desde el portal<\/h2>\n<h5>\u00c1ngel Soriano<\/h5>\n<p>&nbsp;<\/p>\n<p>El presidente Andr\u00e9s Manuel L\u00f3pez Obrador considera \u201cuna enajenaci\u00f3n\u201d, algo irracional, considerar que el Tren Maya va a cambiar el azul turquesa del mar Caribe al responder a tal desatino de la senadora del PAN, Kenia L\u00f3pez Rabad\u00e1n\u00a0 -amablemente- de que no hay evidencia cient\u00edfica de ello.<\/p>\n<p>Cit\u00f3 el caso de la senadora panista como ejemplo de intolerancia y de cerraz\u00f3n que se padece en el pa\u00eds actualmente, donde los adversarios de la IV Transformaci\u00f3n asumen actitudes verdaderamente inaceptables y cerrados a la realidad, enajenados en su intolerancia pol\u00edtica y difundiendo mensajes que no van con la realidad.<\/p>\n<p>En cambio, aplaudi\u00f3 la postura de Volaris que dijo que como empresa respeta la forma de pensar y la diversidad de sus pasajeros, que no impone una conducta o una moda, sino que las personas act\u00faan de la manera que mejor corresponda y respetan su posici\u00f3n y las libertades de que gozamos en el pa\u00eds.<\/p>\n<p>Eso es un ejemplo de lo que debe pasar en el pa\u00eds: tolerancia y respeto a la diversidad. Y en las cr\u00edticas sin fundamento debe demostrarse su viabilidad porque se da como cierto expresiones que carecen de consistencia. Debemos asumir que somos un pa\u00eds en v\u00edas de consolidar nuestra democracia y base fundamental de la misma es el respeto a todas las formas de pensar.<\/p>\n<p style=\"text-align: center;\"><strong>Turbulencias<\/strong><\/p>\n<p>En esas condiciones, el presidente L\u00f3pez Obrador dar\u00e1 a conocer su postura sobre la condenable invasi\u00f3n a Ucrania y se manifestar\u00e1, principalmente, por la ayuda humanitaria a las v\u00edctimas y la soluci\u00f3n pac\u00edfica del conflicto. Al estallar la guerra fall\u00f3 la pol\u00edtica y la ONU, porque debi\u00f3 evitarse el conflicto b\u00e9lico mediante el di\u00e1logo y la negociaci\u00f3n, por ello insistir\u00e1 en esa postura, pero sobre todo porque nuestro pa\u00eds a lo largo de su historia ha padecido invasiones de los franceses, espa\u00f1oles y estadunidense que nos han despojado, estos \u00faltimos, de buena parte de nuestro territorio. Esa posici\u00f3n definir\u00e1 la postura del presidente AMLO que ha sido cuestionado al respecto y, sobre la posible cancelaci\u00f3n de visas de los diputados integrantes del Grupo de Amistad M\u00e9xico-Rusia, dijo que tambi\u00e9n es un retroceso que no debe ocurrir, pues deben respetarse las diversas formas de pensar y evitar las confrontaciones. Tampoco M\u00e9xico participa en el movimiento internacional de aislamiento de Rusia por la invasi\u00f3n a Ucrania. Somos respetuosos de las relaciones con todos los pa\u00edses de acuerdo a una larga tradici\u00f3n de M\u00e9xico, indic\u00f3\u2026 Bien, por el apoyo de la SEP a la UABJO, gracias a las gestiones del rector Eduardo Bautista, que sigue fungiendo como tal ante la falta de consenso para elegir a su sucesor. El conflicto por la renovaci\u00f3n de la rector\u00eda es diferente a la necesidad de rescatar para la humanidad el edificio central de la M\u00e1xima Casa de Estudios que sigue en el abandono y que bien puede utilizarse como actividades culturales. Hasta ahora, ninguno de los tres niveles de gobierno y las universitarias han dise\u00f1ado un plan de rescate del Centro Hist\u00f3rico de Oaxaca, que sigue en disputa por el comercio ambulante y los miles de turistas que arriban a la entidad. Ya es tiempo de que haya un entendimiento al respecto\u2026 Nadie sabe c\u00f3mo va a funcionar el anunciado apoyo federal a los periodistas, porque uno de los primeros requisitos es no contar con IMSS o ISSSTE y si no se tienen, canalizan a los solicitantes de apoyo al Seguro Popular que tampoco funciona. En cuanto a vivienda, deben ser propietarios de un bien inmueble. Es decir, los apoyos son pr\u00e1cticamente para los periodistas en situaci\u00f3n de calle y que equivale a darles un trato de indigentes o desamparados, pero en fin veremos como funciona este nuevo prop\u00f3sito.<\/p>\n<p><u><a href=\"mailto:asorianocarrasco@yahoo.com\" target=\"_blank\" rel=\"noopener noreferrer\"><em>asorianocarrasco@yahoo.com<\/em><\/a><br \/>\n<em><a href=\"https:\/\/revistabrecha.com\" target=\"_blank\" rel=\"noopener noreferrer\">www.revistabrecha.com<\/a><br \/>\n<a href=\"https:\/\/twitter.com\/brecharevista\" target=\"_blank\" rel=\"noopener noreferrer\">@BrechaRevista<\/a><\/em><\/u><\/p>\n","protected":false},"excerpt":{"rendered":"<p><span style=\"color: #005497;\"><strong>\u00c1ngel Soriano<\/strong><\/span><\/p>\n","protected":false},"author":3,"featured_media":0,"comment_status":"open","ping_status":"open","sticky":false,"template":"","format":"standard","meta":{"_monsterinsights_skip_tracking":false,"_monsterinsights_sitenote_active":false,"_monsterinsights_sitenote_note":"","_monsterinsights_sitenote_category":0,"footnotes":""},"categories":[135],"tags":[85,86,43674],"class_list":["post-542419","post","type-post","status-publish","format-standard","hentry","category-angel-soriano-opinion","tag-angel-soriano","tag-desde-el-portal","tag-opinion"],"_links":{"self":[{"href":"https:\/\/www.diarioimagen.net\/index.php?rest_route=\/wp\/v2\/posts\/542419","targetHints":{"allow":["GET"]}}],"collection":[{"href":"https:\/\/www.diarioimagen.net\/index.php?rest_route=\/wp\/v2\/posts"}],"about":[{"href":"https:\/\/www.diarioimagen.net\/index.php?rest_route=\/wp\/v2\/types\/post"}],"author":[{"embeddable":true,"href":"https:\/\/www.diarioimagen.net\/index.php?rest_route=\/wp\/v2\/users\/3"}],"replies":[{"embeddable":true,"href":"https:\/\/www.diarioimagen.net\/index.php?rest_route=%2Fwp%2Fv2%2Fcomments&post=542419"}],"version-history":[{"count":0,"href":"https:\/\/www.diarioimagen.net\/index.php?rest_route=\/wp\/v2\/posts\/542419\/revisions"}],"wp:attachment":[{"href":"https:\/\/www.diarioimagen.net\/index.php?rest_route=%2Fwp%2Fv2%2Fmedia&parent=542419"}],"wp:term":[{"taxonomy":"category","embeddable":true,"href":"https:\/\/www.diarioimagen.net\/index.php?rest_route=%2Fwp%2Fv2%2Fcategories&post=542419"},{"taxonomy":"post_tag","embeddable":true,"href":"https:\/\/www.diarioimagen.net\/index.php?rest_route=%2Fwp%2Fv2%2Ftags&post=542419"}],"curies":[{"name":"wp","href":"https:\/\/api.w.org\/{rel}","templated":true}]}}