{"id":542420,"date":"2022-04-08T00:05:12","date_gmt":"2022-04-08T05:05:12","guid":{"rendered":"https:\/\/www.diarioimagen.net\/?p=542420"},"modified":"2022-04-08T03:44:06","modified_gmt":"2022-04-08T08:44:06","slug":"pero-sigo-siendo-el-rey","status":"publish","type":"post","link":"https:\/\/www.diarioimagen.net\/?p=542420","title":{"rendered":"Pero sigo siendo el rey"},"content":{"rendered":"<h2>Perfil de M\u00e9xico<\/h2>\n<h5>Armando R\u00edos Ruiz<\/h5>\n<p>&nbsp;<\/p>\n<p>El gusto que el Presidente presume por la historia, ha resultado, sin ninguna duda, no m\u00e1s que una presunci\u00f3n disparatada. Las pifias vienen a su mente y a su boca cuando pretende aludir un pasaje del pasado, para sustituirlo con aut\u00e9nticas sandeces. Adem\u00e1s, sin revelar la m\u00ednima pena, por sustituir hechos y fechas lejanas a la verdad. Lo mismo alude imp\u00e1vido que hace diez mil a\u00f1os hab\u00eda en M\u00e9xico imprenta, escuelas, etc., que casos de hace miles de millones de a\u00f1os.<\/p>\n<p>Por eso estoy seguro de que no conoce lo que dice la historia respecto a Luis XIV, rey de Francia, conocido tambi\u00e9n como El Rey Sol. Esto viene a la memoria por lo que hace apenas dos d\u00edas dijo, como una demostraci\u00f3n plena y que ya no ofrece ninguna duda respecto a su condici\u00f3n autoritaria, preludio de su predisposici\u00f3n de dictador que ya aparece todos los d\u00edas tambi\u00e9n sin capacidad para esconderla. Le brota repentinamente, sin esperarlo \u00e9l mismo.<\/p>\n<p>El Rey de los galos es conocido por su expresi\u00f3n: el Estado soy yo, cuando la corte de Par\u00eds se mostr\u00f3 reacia a aprobar los edictos presentados por \u00e9l, con la idea de que cualquier decisi\u00f3n suya deber\u00eda ser aprobada sin discusi\u00f3n. Para estar a tono con los tiempos modernos en M\u00e9xico, \u201csin quitarles una coma\u201d. No aceptaba pues, ning\u00fan cuestionamiento. Esto nos es muy familiar.<\/p>\n<p>Nuestro Presidente adopt\u00f3 una posici\u00f3n similar, que podr\u00eda hacernos creer que es la resurrecci\u00f3n de Luis XIV. Dijo a los ministros de la Suprema Corte, que\u00a0 no le fueran a resultar con que la ley es la ley, respecto a la aceptaci\u00f3n de la reforma el\u00e9ctrica. En otras palabras, les indic\u00f3 que quer\u00eda que la aprobaran aunque no hubiera elementos probatorios.<\/p>\n<p>Manifest\u00f3 en una ma\u00f1anera: \u201cse demostrar\u00e1 si los ministros de la Suprema Corte de Justicia de la Naci\u00f3n son abogados que \u201cdefienden el inter\u00e9s p\u00fablico o los intereses patronales\u201d. Prosigui\u00f3: \u201cla mayor\u00eda de los ministros act\u00faan como \u201cabogados patronales\u201d, por representar a las empresas privadas\u2026 no representan al pueblo, representan a las empresas, as\u00ed los formaron, as\u00ed los escogieron durante el periodo neoliberal..\u201d (Hoy, \u00e9l mismo los escoge para que lo sirvan).<\/p>\n<p>Despu\u00e9s de esa actitud aparecieron visos de que una presi\u00f3n de ese tama\u00f1o, redituar\u00e1 frutos a su favor y por lo mismo, de que esta situaci\u00f3n acarrear\u00e1 un disgusto enorme en el gobierno de nuestros vecinos del norte. Obviamente, las palabras de un mandatario en la frecuencia en que fueron emitidas, causa una intimidaci\u00f3n profunda. Esta condici\u00f3n ser\u00e1 detonante de una reacci\u00f3n en el camino de la corte, tan espinoso, que nadie querr\u00eda transitar. A lo mexicano, el Presidente es m\u00e1s cercano a la canci\u00f3n del profuso compositor guanajuatense, Jos\u00e9 Alfredo Jim\u00e9nez, que reza en una parte de la misma: \u201cy mi palabra es la ley\u201d, que bien puede ser quien lo ha inspirado para pretender que lo que de su boca sale, se convierte inmediatamente en ley, as\u00ed tenga que atropellar a todo el pueblo de M\u00e9xico.<\/p>\n<p>Pero no podemos soslayar el contrapeso que \u00e9l mismo se dedic\u00f3 a construir con sus constantes rechazos y que es capaz de imponer sanciones que muchos han sido capaces de prever, por no admitir que nadie, absolutamente nadie en el mundo, salga del tono de su melod\u00eda.<\/p>\n<p>Estados Unidos a\u00fan no se ha cansado de enviar emisarios a solicitar el mejor manejo de las diferentes situaciones que entra\u00f1an malestar para ambas naciones, no al Congreso mexicano, que no existe para auxiliar al pueblo que lo eligi\u00f3, sino para actuar a ciegas, de acuerdo con lo que su verdadero jefe le ordene. Hasta hoy ha utilizado la prudencia y la paciencia. Cuando realmente se canse, veremos acciones mucho m\u00e1s contundentes.<\/p>\n<p>Hasta hoy s\u00f3lo ha hablado de un reclamo de 10 mil millones de d\u00f3lares que\u00a0 pondr\u00e1 en riesgo la aprobaci\u00f3n de la reforma el\u00e9ctrica, que adem\u00e1s se contrapone a la pol\u00edtica de 55 pa\u00edses del mundo que acordaron en Par\u00eds, buscar estrategias para combatir y disminuir el denominado efecto invernadero. Lo bueno es que esa cantidad es m\u00ednima para M\u00e9xico, que tiene dinero hasta para botarlo y enterrarlo.<\/p>\n<p><a href=\"mailto:ariosruiz@gmail.com\" target=\"_blank\" rel=\"noopener noreferrer\"><em>ariosruiz@gmail.com<\/em><\/a><\/p>\n","protected":false},"excerpt":{"rendered":"<p><span style=\"color: #005497;\"><strong>Armando R\u00edos Ruiz<\/strong><\/span><\/p>\n","protected":false},"author":3,"featured_media":0,"comment_status":"open","ping_status":"open","sticky":false,"template":"","format":"standard","meta":{"_monsterinsights_skip_tracking":false,"_monsterinsights_sitenote_active":false,"_monsterinsights_sitenote_note":"","_monsterinsights_sitenote_category":0,"footnotes":""},"categories":[88405],"tags":[88407,43674,91193],"class_list":["post-542420","post","type-post","status-publish","format-standard","hentry","category-armando-rios-ruiz","tag-armando-rios-ruiz","tag-opinion","tag-perfil-de-mexico"],"_links":{"self":[{"href":"https:\/\/www.diarioimagen.net\/index.php?rest_route=\/wp\/v2\/posts\/542420","targetHints":{"allow":["GET"]}}],"collection":[{"href":"https:\/\/www.diarioimagen.net\/index.php?rest_route=\/wp\/v2\/posts"}],"about":[{"href":"https:\/\/www.diarioimagen.net\/index.php?rest_route=\/wp\/v2\/types\/post"}],"author":[{"embeddable":true,"href":"https:\/\/www.diarioimagen.net\/index.php?rest_route=\/wp\/v2\/users\/3"}],"replies":[{"embeddable":true,"href":"https:\/\/www.diarioimagen.net\/index.php?rest_route=%2Fwp%2Fv2%2Fcomments&post=542420"}],"version-history":[{"count":0,"href":"https:\/\/www.diarioimagen.net\/index.php?rest_route=\/wp\/v2\/posts\/542420\/revisions"}],"wp:attachment":[{"href":"https:\/\/www.diarioimagen.net\/index.php?rest_route=%2Fwp%2Fv2%2Fmedia&parent=542420"}],"wp:term":[{"taxonomy":"category","embeddable":true,"href":"https:\/\/www.diarioimagen.net\/index.php?rest_route=%2Fwp%2Fv2%2Fcategories&post=542420"},{"taxonomy":"post_tag","embeddable":true,"href":"https:\/\/www.diarioimagen.net\/index.php?rest_route=%2Fwp%2Fv2%2Ftags&post=542420"}],"curies":[{"name":"wp","href":"https:\/\/api.w.org\/{rel}","templated":true}]}}