{"id":542422,"date":"2022-04-08T00:03:10","date_gmt":"2022-04-08T05:03:10","guid":{"rendered":"https:\/\/www.diarioimagen.net\/?p=542422"},"modified":"2022-04-08T03:45:44","modified_gmt":"2022-04-08T08:45:44","slug":"los-aspirantes-compiten","status":"publish","type":"post","link":"https:\/\/www.diarioimagen.net\/?p=542422","title":{"rendered":"Los aspirantes compiten"},"content":{"rendered":"<h2>Centro..!<\/h2>\n<h5>Arturo R\u00edos Ruiz<\/h5>\n<p>&nbsp;<\/p>\n<ul>\n<li><strong><em>Claudia y Ad\u00e1n, los notorios<\/em><\/strong><\/li>\n<li><strong><em>Marcelo, callado y en dudas<\/em><\/strong><\/li>\n<\/ul>\n<p>&nbsp;<\/p>\n<p>Hasta hoy, el Presidente tiene dos fijaciones, la Revocaci\u00f3n de Mandato y la reforma el\u00e9ctrica, cuyos temas acaparan la atenci\u00f3n informativa en el momento. La competencia, en estos d\u00edas se ha centrado entre Claudia Sheinbaum y Ad\u00e1n Augusto L\u00f3pez. Marcelo Ebrard, callado y Monreal, aplastado.<\/p>\n<p>Claudia: el Presidente aval\u00f3 el mitin en el Monumento a la Revoluci\u00f3n donde la jefa de Gobierno de la de la CDMX, convirti\u00f3 el apoyo a la reforma el\u00e9ctrica, en un acto de soporte al mandatario. AMLO aplaudi\u00f3 el hecho a favor de la reforma y call\u00f3 sobre los elogios a su persona con sello de su hija pol\u00edtica.<\/p>\n<p>\u201cYo estoy de acuerdo que la gente defienda la iniciativa, todos los que formamos parte de la transformaci\u00f3n de M\u00e9xico y todos los ciudadanos porque al final \u00bfqu\u00e9 es lo que est\u00e1 en cuesti\u00f3n? El precio de la luz\u201d, ataj\u00f3 L\u00f3pez Obrador sin responder al cuestionamiento sobre el apoyo expresado hacia \u00e9l. Es sus adentros, gozoso.<\/p>\n<p>Sheinbaum ya se ve lejos de la candidatura, la liga ya no se estira y pesa sobre ella, la cercan\u00eda expresa de titular de Gobernaci\u00f3n que ya dio muestras de su inter\u00e9s por la pretensi\u00f3n y la opaca con muchas ventajas.<\/p>\n<p>C\u00e9sar Augusto L\u00f3pez abandon\u00f3 su posici\u00f3n austera de sus inicios y ha percibido que se despoj\u00f3 de ella para abrirse como s\u00fabdito del jefe que siente regocijo con la pleites\u00eda que mientras m\u00e1s descarada, es mayor la satisfacci\u00f3n y Ad\u00e1n lo sabe y lo exhibe sin miramientos.<\/p>\n<p>Nada nuevo, siempre ha sido as\u00ed en todos los tiempos, recordemos la frase pasada en el PRI, PAN y en todas las \u00e9pocas ante la primera figura del Presidente y todos los organismos de mando: Pregunta el jefe el jefe \u00bfQu\u00e9 hora es?\u201d Y ya sea uno solo, o varios&#8230;. \u201cLas que usted diga\u201d. As\u00ed est\u00e1 Ad\u00e1n Augusto y todos los dem\u00e1s. Puro vasallaje.<\/p>\n<p>Marcelo est\u00e1 muy callado, hasta parece desconcertado y da lugar a distintas posiciones de pensamiento; algunos exponen que anda a la baja, otros que su postura es de seguridad. La verdad todo es posible, en pol\u00edtica nada es certero.<\/p>\n<p>Por su parte, Monreal ya divaga desde el Senado, dej\u00f3 en el cl\u00f3set su apariencia independiente como legislador con criterio para entrar a la l\u00ednea del vasallaje que tampoco le ha funcionado. En verdad, nunca pint\u00f3, las encuestas lo colocaban en el s\u00f3tano y hubo quien pens\u00f3 que remontar\u00eda. \u00c9l mismo ya se devalu\u00f3.<\/p>\n<p>El domingo se efectuar\u00e1 la Revocaci\u00f3n de Mandato que ganar\u00e1 seguramente AMLO, as\u00ed la dise\u00f1aron los morenos para el goce del mandam\u00e1s, aunque no sea vinculante y le dar\u00e1n vuelo como si fuera real.<\/p>\n<p>Cuando alguien tiene una gran manifestaci\u00f3n, se evidencia a trav\u00e9s de una admiraci\u00f3n desmedida y poco objetiva de s\u00ed mismo. Es por esto que suelen ser personas presumidas, denigrantes, d\u00e9spotas, narcisistas, que se creen superiores al resto. Es egolatr\u00eda<\/p>\n<p>En este momento que escribimos, la Suprema Corte discute la constitucionalidad de o inconstitucionalidad de la reforma el\u00e9ctrica y estaremos pendientes por su inter\u00e9s del resultado y luego comentaremos. Bien fin de semana a todos.<\/p>\n<p><em><a href=\"mailto:rrrart2000@hotmail.com\" target=\"_blank\" rel=\"noopener noreferrer\">rrrart2000@hotmail.com<\/a><\/em><\/p>\n","protected":false},"excerpt":{"rendered":"<p><span style=\"color: #005497;\"><strong>Arturo R\u00edos Ruiz<\/strong><\/span><\/p>\n","protected":false},"author":3,"featured_media":0,"comment_status":"open","ping_status":"open","sticky":false,"template":"","format":"standard","meta":{"_monsterinsights_skip_tracking":false,"_monsterinsights_sitenote_active":false,"_monsterinsights_sitenote_note":"","_monsterinsights_sitenote_category":0,"footnotes":""},"categories":[88405],"tags":[82266,10806,43674],"class_list":["post-542422","post","type-post","status-publish","format-standard","hentry","category-armando-rios-ruiz","tag-arturo-rios-ruiz","tag-centro","tag-opinion"],"_links":{"self":[{"href":"https:\/\/www.diarioimagen.net\/index.php?rest_route=\/wp\/v2\/posts\/542422","targetHints":{"allow":["GET"]}}],"collection":[{"href":"https:\/\/www.diarioimagen.net\/index.php?rest_route=\/wp\/v2\/posts"}],"about":[{"href":"https:\/\/www.diarioimagen.net\/index.php?rest_route=\/wp\/v2\/types\/post"}],"author":[{"embeddable":true,"href":"https:\/\/www.diarioimagen.net\/index.php?rest_route=\/wp\/v2\/users\/3"}],"replies":[{"embeddable":true,"href":"https:\/\/www.diarioimagen.net\/index.php?rest_route=%2Fwp%2Fv2%2Fcomments&post=542422"}],"version-history":[{"count":0,"href":"https:\/\/www.diarioimagen.net\/index.php?rest_route=\/wp\/v2\/posts\/542422\/revisions"}],"wp:attachment":[{"href":"https:\/\/www.diarioimagen.net\/index.php?rest_route=%2Fwp%2Fv2%2Fmedia&parent=542422"}],"wp:term":[{"taxonomy":"category","embeddable":true,"href":"https:\/\/www.diarioimagen.net\/index.php?rest_route=%2Fwp%2Fv2%2Fcategories&post=542422"},{"taxonomy":"post_tag","embeddable":true,"href":"https:\/\/www.diarioimagen.net\/index.php?rest_route=%2Fwp%2Fv2%2Ftags&post=542422"}],"curies":[{"name":"wp","href":"https:\/\/api.w.org\/{rel}","templated":true}]}}