{"id":542428,"date":"2022-04-08T00:03:47","date_gmt":"2022-04-08T05:03:47","guid":{"rendered":"https:\/\/www.diarioimagen.net\/?p=542428"},"modified":"2022-04-08T03:48:15","modified_gmt":"2022-04-08T08:48:15","slug":"donde-quedo-benito-juarez","status":"publish","type":"post","link":"https:\/\/www.diarioimagen.net\/?p=542428","title":{"rendered":"\u00bfD\u00f3nde qued\u00f3 Benito Ju\u00e1rez?"},"content":{"rendered":"<h2>Espacio Electoral<\/h2>\n<h5>Eleazar Flores<strong>\u00a0<\/strong><\/h5>\n<p><strong>\u00a0<\/strong><\/p>\n<p><strong>DURA LEX, SED LEX-.<\/strong> Con su dicho del mi\u00e9rcoles de que \u201cno me vengan con ese cuento de que la ley es la ley\u201d, el Presidente sepulta el anhelo de su \u00eddolo Benito Ju\u00e1rez \u201cnada ni nadie por encima de la ley\u201d, atacando de paso a los jueces que \u201cson de otro mundo\u201d, y si defienden al inter\u00e9s p\u00fablico o son abogados empresariales.<\/p>\n<p>El mandatario tambi\u00e9n sepulta el principio elemental del Derecho Romano, Dura lex, sed lex,-que \u00e9l estudi\u00f3 en sus doce a\u00f1os que emple\u00f3 para cursar la carrera de Leyes, y que es un principio que se inculca a todo preparatoriano-a que va para Ciencias Sociales.<\/p>\n<p>Detr\u00e1s de estos dichos presidenciales que escucha o lee todo mundo seg\u00fan su medio de preferencia, no se aprecia es lo subjetivo, la presi\u00f3n del tabasque\u00f1o contra los integrantes de la Suprema Corte de Justicia de la Naci\u00f3n, al tildarlos sin distingo alguno, de abogados empresariales como si fuera negativo estar al servicio de este sector productivo.<\/p>\n<p>Lo que busca Andr\u00e9s Manuel L\u00f3pez Obrador es que le aprueben su iniciativa de ley el\u00e9ctrica, as\u00ed se tenga que pasar por encima del principio juarista de la \u201csana median\u00eda\u201d, en la que dif\u00edcilmente podr\u00eda incluirse al \u201cmodesto\u201d director de la Comisi\u00f3n Federal de Electricidad. \u00c9ste es s\u00f3lo un bot\u00f3n de muestra, pues la lista ha venido aumentando de tres a\u00f1os a la fecha.<\/p>\n<p>No obstante la f\u00e9rrea voluntad de la Suprema Corte de Justicia de la Naci\u00f3n en estos \u00faltimos d\u00edas, espere a que el d\u00eda menos esperado nos sorprenda con alguna opini\u00f3n favorable al Ejecutivo Federal, pues si algo sobra son asuntos de trascendencia.<\/p>\n<p>Pero qui\u00e9rase a no, y aun siendo may\u00fasculos, estos casos son distractores, tanto que ya muchos empiezan a olvidar los casos Sherer contra Gertz Manero y Olga S\u00e1nchez, \u00bfo no?.<\/p>\n<p><strong>ACARREO GROSERO-<\/strong>. Lo visto el mi\u00e9rcoles en la tarde-noche por los cuatro puntos cardinales del Monumento a la Revoluci\u00f3n super\u00f3 con mucho los acarreos tricolores preferentemente del siglo pasado pero con resacas en el tercer lustro del actual milenio, con m\u00edtines en favor de su candidato presidencial Enrique Pe\u00f1a Nieto.<\/p>\n<p>Un sufrido conductor de auto particular qued\u00f3 \u201centrampado\u201d por las decenas de autobuses urbanos no s\u00f3lo chilangos, tambi\u00e9n de Texcoco y Ecatepec, que transportaron contingentes de apoyo a la reforma el\u00e9ctrica, de la que la oradora Claudia Sheinbaum no habl\u00f3, pero s\u00ed de la revocaci\u00f3n y con el sistema de \u201clevanten la mano\u201d, sentenci\u00f3 el pronto cambio de consejeros del INE.<\/p>\n<p>Una pregunta inocente, \u00bfcu\u00e1nto cost\u00f3 a Morena el acarreo del mi\u00e9rcoles\u201d, no vayan a salir que los concentrados-as fueron voluntarios.<\/p>\n<p>Por eso odian al INE, por pedirles cuentas.<\/p>\n<p><em><a href=\"mailto:elefa44@gmail.com\" target=\"_blank\" rel=\"noopener noreferrer\">elefa44@gmail.com<\/a><\/em><\/p>\n","protected":false},"excerpt":{"rendered":"<p><span style=\"color: #005497;\"><strong>Eleazar Flores<\/strong><\/span><\/p>\n","protected":false},"author":3,"featured_media":0,"comment_status":"open","ping_status":"open","sticky":false,"template":"","format":"standard","meta":{"_monsterinsights_skip_tracking":false,"_monsterinsights_sitenote_active":false,"_monsterinsights_sitenote_note":"","_monsterinsights_sitenote_category":0,"footnotes":""},"categories":[81743],"tags":[81744,81776,43674],"class_list":["post-542428","post","type-post","status-publish","format-standard","hentry","category-eleazar-flores","tag-eleazar-flores","tag-espacio-electoral","tag-opinion"],"_links":{"self":[{"href":"https:\/\/www.diarioimagen.net\/index.php?rest_route=\/wp\/v2\/posts\/542428","targetHints":{"allow":["GET"]}}],"collection":[{"href":"https:\/\/www.diarioimagen.net\/index.php?rest_route=\/wp\/v2\/posts"}],"about":[{"href":"https:\/\/www.diarioimagen.net\/index.php?rest_route=\/wp\/v2\/types\/post"}],"author":[{"embeddable":true,"href":"https:\/\/www.diarioimagen.net\/index.php?rest_route=\/wp\/v2\/users\/3"}],"replies":[{"embeddable":true,"href":"https:\/\/www.diarioimagen.net\/index.php?rest_route=%2Fwp%2Fv2%2Fcomments&post=542428"}],"version-history":[{"count":0,"href":"https:\/\/www.diarioimagen.net\/index.php?rest_route=\/wp\/v2\/posts\/542428\/revisions"}],"wp:attachment":[{"href":"https:\/\/www.diarioimagen.net\/index.php?rest_route=%2Fwp%2Fv2%2Fmedia&parent=542428"}],"wp:term":[{"taxonomy":"category","embeddable":true,"href":"https:\/\/www.diarioimagen.net\/index.php?rest_route=%2Fwp%2Fv2%2Fcategories&post=542428"},{"taxonomy":"post_tag","embeddable":true,"href":"https:\/\/www.diarioimagen.net\/index.php?rest_route=%2Fwp%2Fv2%2Ftags&post=542428"}],"curies":[{"name":"wp","href":"https:\/\/api.w.org\/{rel}","templated":true}]}}