{"id":542436,"date":"2022-04-08T00:12:38","date_gmt":"2022-04-08T05:12:38","guid":{"rendered":"https:\/\/www.diarioimagen.net\/?p=542436"},"modified":"2022-04-08T03:57:44","modified_gmt":"2022-04-08T08:57:44","slug":"amlo-va-por-su-revo-ratificacion-de-mandato-luego-de-que-la-suprema-corte-libero-su-ley-electrica","status":"publish","type":"post","link":"https:\/\/www.diarioimagen.net\/?p=542436","title":{"rendered":"AMLO va por su <em>revo-ratificaci\u00f3n<\/em> de mandato, luego de que la Suprema Corte liber\u00f3 su ley el\u00e9ctrica"},"content":{"rendered":"<h2>Tras la puerta del poder<\/h2>\n<h5>Roberto Vizca\u00edno<\/h5>\n<p>&nbsp;<\/p>\n<p>Ayer,\u00a0<strong>Andr\u00e9s Manuel L\u00f3pez Obrador<\/strong>\u00a0comi\u00f3-cen\u00f3 chipil\u00edn escuchando a su cantor preferido: el cubano\u00a0<strong>Silvio Rodr\u00edguez<\/strong>.<\/p>\n<p>Feliz, imbuido por su esp\u00edritu independentista bolivariano, recibi\u00f3 el regalazo que le dieron los 4 ministros que se necesitaban para declarar constitucional su Ley de la Industria El\u00e9ctrica (LIE).<\/p>\n<p>Los que saben, afirman que no es el paso final para cantar victoria, que est\u00e1 abierta la puerta para nuevos amparos, pero para \u00e9l eso ya no importa.<\/p>\n<p>Como sea, eso de llamar\u00a0<strong><em>abogados de empresa<\/em><\/strong>\u00a0a los 11 ministros de la Corte y de recordarles que, a \u00e9l, el Presidente de M\u00e9xico, no pod\u00edan salirle\u00a0<strong>con el cuento de que la ley es la ley<\/strong>, le funcion\u00f3.<\/p>\n<p>\u00bfAmenaza, coacci\u00f3n, rudeza innecesaria, obvia sumisi\u00f3n?,\u00a0<strong>\u00a1bahhh!,\u00a0que los cr\u00edticos y respetuosos de normas y las reglas, de las leyes y la Constituci\u00f3n, digan lo que quieran<em>&#8230;\u00a0<\/em><\/strong>lo \u00fanico v\u00e1lido para \u00e9l, obviamente, es que esos ministros\u00a0hincaditos s\u00ed se ven m\u00e1s bonitos.<\/p>\n<p>Al final, como \u00e9l quer\u00eda, el pleno de la Corte aprob\u00f3 a contrapelo de la afirmaci\u00f3n de muchos expertos, la constitucionalidad de la Ley de la Industria El\u00e9ctrica.<\/p>\n<p>Y fueron m\u00e1s all\u00e1, al indicar que la aplicaci\u00f3n de la misma, bajo el mandato de\u00a0<strong>AMLO<\/strong>, no vulnerar\u00e1 tratados internacionales, ni afectar\u00e1 el derecho al medio ambiente, ni generar\u00e1 desequilibrios en el sector el\u00e9ctrico en perjuicio ni de las empresas privadas o de consumidores finales, como aseguran otros.<\/p>\n<p>En una obviedad c\u00ednica, d\u00edas antes los ministros \u201cdieron palo\u201d a otros proyectos jur\u00eddicos y legislativos de\u00a0<strong>AMLO<\/strong>\u00a0para concluir con la declaratoria de constitucionalidad de la Ley de la Industria El\u00e9ctrica.<\/p>\n<p>Para que se diga que s\u00ed son independientes. Y que si le dan algo de lo que\u00a0<strong>L\u00f3pez Obrador<\/strong>\u00a0pelea, no se vea que es una cesi\u00f3n de autonom\u00eda.<\/p>\n<p>Ahora viene lo sabroso. Vamos a ver si es cierto qu\u00e9 nos costar\u00e1 ir a paneles internacionales y junto con eso miles de millones de d\u00f3lares.<\/p>\n<p>En fin, se acab\u00f3 el \u201cah\u00ed viene el lobo\u201d, para darle paso al lobo, si es que hay lobo.<\/p>\n<p style=\"text-align: center;\"><strong>Cuesti\u00f3n de n\u00fameros y porcentajes<\/strong><\/p>\n<p>En lo que corresponde al segundo gran objetivo de AMLO, la consulta de Revocaci\u00f3n -ratificaci\u00f3n- de Mandato hay, afirman, 2 opciones: la cuantitativa y la cualitativa.<\/p>\n<p>Primero va lo num\u00e9rico: Si el domingo acude el 40 por ciento de la lista nominal, es decir 37.3 millones de votantes, su consulta es legal y vinculante.<\/p>\n<p>Si no, pues todo resultar\u00e1 absurdamente inv\u00e1lido&#8230;<\/p>\n<p>Para\u00a0<strong>AMLO<\/strong>\u00a0ser\u00eda importante obtener 30.1 millones de votos, para igualar el resultado logrado por \u00e9l en junio de 2018. Si logra un n\u00famero de votos por debajo de eso pues ya se meti\u00f3 en problemas, porque se dir\u00e1 que ya quienes lo llevaron a la Presidencia no lo ratificaron.<\/p>\n<p>Por debajo de los 30 millones de votos est\u00e1n otras aduanas. Una es la de 16.7 millones de votos alcanzados por Morena en la elecci\u00f3n legislativa de 2021. O al menos los 11 millones 141 mil 953 firmas levantadas para la legitimaci\u00f3n de la consulta.<\/p>\n<p>El INE encontr\u00f3 que el 25 por ciento de esas firmas fueron falsas o alteradas&#8230; bueno, entre ellas hubo hasta algunos muertos.<\/p>\n<p>Desde el punto de vista cualitativo, L\u00f3pez Obrador aspira, dicen, a lo imposible, es decir, a sacar m\u00e1s de 38 millones de votos, lo cual, ni en sue\u00f1os.<\/p>\n<p style=\"text-align: center;\"><strong>Optimista eterno, Monreal dice que AMLO lograr\u00e1 18 millones<\/strong><\/p>\n<p>El l\u00edder senatorial de Morena est\u00e1 m\u00e1s que puesto para sufragar el domingo. Y afirma que de acuerdo a sus experiencias de operador electoral, la consulta va a ser un \u00e9xito para el de Macuspana.<\/p>\n<p>El presidente de la Junta de Coordinaci\u00f3n Pol\u00edtica del Senado cree que votar\u00e1n no menos de 15 millones de ciudadanos con lo cual se podr\u00eda considerar un \u00e9xito la consulta.<\/p>\n<p>Si se llega a 20 millones, agrega, ser\u00e1 una cifra \u00f3ptima, si son s\u00f3lo 10 millones de votantes ser\u00e1 un ejercicio \u201cbueno\u201d. Lo \u00f3ptimo sin embargo es que el 70 por ciento de los votos podr\u00eda ser favorable a\u00a0<strong>AMLO<\/strong>.<\/p>\n<p>Acostumbrado a lidiar con realidades, el zacatecano afirma que todo el ambiente de rijosidad alrededor de la consulta de Revocaci\u00f3n de Mandato debe verse como algo \u201cnormal\u201d, ya que la polarizaci\u00f3n existe entre los ciudadanos.<\/p>\n<p>Por ello recomienda actuar con mucha mesura, \u201cya que todos estamos interesados en el bien de M\u00e9xico\u201d.<\/p>\n<p style=\"text-align: center;\"><strong>La vida va<\/strong><\/p>\n<p>Y como la vida existe m\u00e1s all\u00e1 de\u00a0<strong>AMLO\u00a0<\/strong>y sus vericuetos, en estos d\u00edas en\u00a0<strong>Alliance Specialized Systems<\/strong>\u00a0tambi\u00e9n comieron rico porque cumplieron 20 a\u00f1os en el mercado de la seguridad dentro de una fuerte posici\u00f3n competitiva y financiera, y una s\u00f3lida cultura organizacional basada en sus valores y una probada estructura con un experimentado equipo directivo.<\/p>\n<p>Ellos se definen a s\u00ed mismos como un consorcio dedicado a salvaguardar la vida de las personas y sus propiedades contra incendios.<\/p>\n<p>Fundada el 28 de marzo de 2002, en estos 20 a\u00f1os ha enfrentado un crecimiento envidiable y con una operaci\u00f3n enmarcada por su alta especializaci\u00f3n en sistemas contra incendios.<\/p>\n<p>Empresa familiar, sus fundadores, el ingeniero\u00a0<strong>Carlos Morett<\/strong>\u00a0y\u00a0<strong>Sergio Cant\u00fa,<\/strong>\u00a0dieron paso al ingeniero\u00a0<strong>David Gonz\u00e1lez P\u00e9rez<\/strong>\u00a0como nuevo director, a fin de imprimirle m\u00e1s fuerza a su crecimiento.<\/p>\n<p>Todos ellos consideran que, a diferencia de los sismos y huracanes, los incendios se presentan con mayor frecuencia, causan m\u00e1s p\u00e9rdidas humanas y econ\u00f3micas que estos, pero al presentarse de manera aislada su impacto medi\u00e1tico es menor, no d\u00e1ndoles la magnitud real de los da\u00f1os que estos provocan.<\/p>\n<p>En nuestro pa\u00eds se registran anualmente m\u00e1s de 95 mil incendios urbanos o 260 al d\u00eda, de acuerdo con el Instituto Nacional de Estad\u00edstica y Geograf\u00eda.<\/p>\n<p><em><a href=\"mailto:rvizcainoa@gmail.com\" target=\"_blank\" rel=\"noopener noreferrer\">vizcainoa@gmail.com<\/a><br \/>\n<a href=\"http:\/\/endirecto.mx\" target=\"_blank\" rel=\"noopener noreferrer\">www.endirecto.mx<\/a><br \/>\n<a href=\"https:\/\/twitter.com\/_rvizcaino\" target=\"_blank\" rel=\"noopener noreferrer\">@_RVizcaino<\/a><br \/>\n<a href=\"https:\/\/www.facebook.com\/rvizcainoa\" target=\"_blank\" rel=\"noopener noreferrer\">facebook.com\/rvizcainoa<\/a><\/em><\/p>\n","protected":false},"excerpt":{"rendered":"<p><span style=\"color: #005497;\"><strong>Roberto Vizca\u00edno<\/strong><\/span><br \/>\n<br \/>\nAyer, <strong>Andr\u00e9s Manuel L\u00f3pez Obrador<\/strong> comi\u00f3-cen\u00f3 chipil\u00edn escuchando a su cantor preferido: el cubano <strong>Silvio Rodr\u00edguez<\/strong>.<\/p>\n","protected":false},"author":3,"featured_media":0,"comment_status":"open","ping_status":"open","sticky":false,"template":"","format":"standard","meta":{"_monsterinsights_skip_tracking":false,"_monsterinsights_sitenote_active":false,"_monsterinsights_sitenote_note":"","_monsterinsights_sitenote_category":0,"footnotes":""},"categories":[136],"tags":[43674,93,94],"class_list":["post-542436","post","type-post","status-publish","format-standard","hentry","category-roberto-vizcaino-opinion","tag-opinion","tag-roberto-vizcaino","tag-tras-la-puerta-del-poder"],"_links":{"self":[{"href":"https:\/\/www.diarioimagen.net\/index.php?rest_route=\/wp\/v2\/posts\/542436","targetHints":{"allow":["GET"]}}],"collection":[{"href":"https:\/\/www.diarioimagen.net\/index.php?rest_route=\/wp\/v2\/posts"}],"about":[{"href":"https:\/\/www.diarioimagen.net\/index.php?rest_route=\/wp\/v2\/types\/post"}],"author":[{"embeddable":true,"href":"https:\/\/www.diarioimagen.net\/index.php?rest_route=\/wp\/v2\/users\/3"}],"replies":[{"embeddable":true,"href":"https:\/\/www.diarioimagen.net\/index.php?rest_route=%2Fwp%2Fv2%2Fcomments&post=542436"}],"version-history":[{"count":0,"href":"https:\/\/www.diarioimagen.net\/index.php?rest_route=\/wp\/v2\/posts\/542436\/revisions"}],"wp:attachment":[{"href":"https:\/\/www.diarioimagen.net\/index.php?rest_route=%2Fwp%2Fv2%2Fmedia&parent=542436"}],"wp:term":[{"taxonomy":"category","embeddable":true,"href":"https:\/\/www.diarioimagen.net\/index.php?rest_route=%2Fwp%2Fv2%2Fcategories&post=542436"},{"taxonomy":"post_tag","embeddable":true,"href":"https:\/\/www.diarioimagen.net\/index.php?rest_route=%2Fwp%2Fv2%2Ftags&post=542436"}],"curies":[{"name":"wp","href":"https:\/\/api.w.org\/{rel}","templated":true}]}}