{"id":542557,"date":"2022-04-11T00:06:51","date_gmt":"2022-04-11T05:06:51","guid":{"rendered":"https:\/\/www.diarioimagen.net\/?p=542557"},"modified":"2022-04-11T23:16:58","modified_gmt":"2022-04-12T04:16:58","slug":"juventudes-consideran-a-la-radio-como-un-medio-de-comunicacion-vivo-y-en-transformacion","status":"publish","type":"post","link":"https:\/\/www.diarioimagen.net\/?p=542557","title":{"rendered":"Juventudes consideran a la radio como un medio de comunicaci\u00f3n vivo y en transformaci\u00f3n"},"content":{"rendered":"<p><em>\u00a0<\/em><\/p>\n<ul>\n<li><strong><em>En el marco de las actividades de la Semana de la Radio 2022 por el 15 aniversario de UniRadio 99.7 de FM, se llev\u00f3 a cabo la Mesa \u201cJ\u00f3venes y Radio\u201d<\/em><\/strong><\/li>\n<\/ul>\n<p>&nbsp;<\/p>\n<div id=\"attachment_542651\" style=\"width: 470px\" class=\"wp-caption aligncenter\"><a href=\"https:\/\/www.diarioimagen.net\/?attachment_id=542651\" rel=\"attachment wp-att-542651\"><img loading=\"lazy\" decoding=\"async\" aria-describedby=\"caption-attachment-542651\" class=\"size-full wp-image-542651\" src=\"https:\/\/www.diarioimagen.net\/wp-content\/uploads\/2022\/04\/uaem-juventudes.jpg\" alt=\"\" width=\"460\" height=\"270\" \/><\/a><p id=\"caption-attachment-542651\" class=\"wp-caption-text\">Estudiantes de la UAEM\u00e9x compartieron su experiencia al crear contenidos o colaborar en los espacios que tiene la radio universitaria de esta casa de estudios.<\/p><\/div>\n<p>&nbsp;<\/p>\n<p><strong>Toluca, Estado de M\u00e9xico.\u2014 <\/strong>Como un medio de comunicaci\u00f3n vivo y en transformaci\u00f3n constante es como estudiantes de la Universidad Aut\u00f3noma del Estado de M\u00e9xico (UAEM\u00e9x) describieron a la radio, tras su experiencia al colaborar en UniRadio 99.7 de FM \u2013la estaci\u00f3n radiof\u00f3nica de esta casa de estudios- o en H\u00edbrido Radio de la Facultad de Ciencias Pol\u00edticas y Sociales (FCPyS).<\/p>\n<p>En el marco de las actividades de la Semana de la Radio 2022, por el 15 aniversario de UniRadio 99.7 de FM, el auditorio de la FCPyS de la UAEM\u00e9x fue sede de la Mesa \u201cJ\u00f3venes y Radio\u201d, en la que participaron como expositores Acatzin Ben\u00edtez Salgado, estudiante de Bioingenier\u00eda de la Facultad de Medicina; Brenda Vanessa Cort\u00e9s P\u00e9rez, estudiante de Psicolog\u00eda de la Facultad de Ciencias de la Conducta e integrante de la Red de Divulgadores de la Ciencia y la Cultura \u201cJos\u00e9 Antonio Alzate\u201d; Natalia Canales Becerra y Giovanna \u00c1lvarez Mart\u00ednez, estudiantes de Comunicaci\u00f3n en la FCPyS y directora general y coordinadora de producci\u00f3n en H\u00edbrido Radio, respectivamente.<\/p>\n<p>Los estudiantes compartieron con alumnos de la FCPyS y a trav\u00e9s de la emisi\u00f3n de UniRadio 99.7 de FM para el p\u00fablico en general, su experiencia al realizar radio o contenido para este medio de comunicaci\u00f3n, sin que necesariamente su formaci\u00f3n acad\u00e9mica est\u00e9 orientada a ello.<\/p>\n<p>Para Ben\u00edtez Salgado ser colaborador de UniRadio es una oportunidad para divulgar la ciencia, un espacio que permite adquirir y, sobre todo, compartir conocimientos.<\/p>\n<p>En coincidencia, Cort\u00e9s P\u00e9rez refiri\u00f3 que es un medio de comunicaci\u00f3n que permite llegar a una amplia audiencia de manera sencilla y cercana.<\/p>\n<p>En su oportunidad, Canales Becerra indic\u00f3 que la radio es un medio de comunicaci\u00f3n que se adapta al contexto, ya que aunque existe la oportunidad de seguir escuch\u00e1ndola desde un aparato espec\u00edfico para ello, con la llegada del mundo digital los contenidos radiof\u00f3nicos crecen, ahora, en formato de podcast.<\/p>\n<p>En ese sentido, \u00c1lvarez Mart\u00ednez expres\u00f3 que es un medio de comunicaci\u00f3n vivo y en transformaci\u00f3n constante que aporta contenido para todos los grupos de edad. Los ponentes invitaron a la comunidad universitaria a acercarse a UniRadio 99.7 de FM y aportar su contenido, divulgando ciencia o conocimientos de inter\u00e9s.<\/p>\n","protected":false},"excerpt":{"rendered":"<p>Como un medio de comunicaci\u00f3n vivo y en transformaci\u00f3n constante es como estudiantes de la Universidad Aut\u00f3noma del Estado de M\u00e9xico (UAEM\u00e9x) describieron a la radio, tras su experiencia al colaborar en UniRadio 99.7 de FM \u2013la estaci\u00f3n radiof\u00f3nica de esta casa de estudios- o en H\u00edbrido Radio de la Facultad de Ciencias Pol\u00edticas y Sociales (FCPyS).<\/p>\n","protected":false},"author":3,"featured_media":542651,"comment_status":"open","ping_status":"open","sticky":false,"template":"","format":"standard","meta":{"_monsterinsights_skip_tracking":false,"_monsterinsights_sitenote_active":false,"_monsterinsights_sitenote_note":"","_monsterinsights_sitenote_category":0,"footnotes":""},"categories":[5],"tags":[78567,26582,67878,91694],"class_list":["post-542557","post","type-post","status-publish","format-standard","has-post-thumbnail","hentry","category-estado-de-mexico","tag-comunicacion","tag-transformacion","tag-uaemex","tag-vivo"],"_links":{"self":[{"href":"https:\/\/www.diarioimagen.net\/index.php?rest_route=\/wp\/v2\/posts\/542557","targetHints":{"allow":["GET"]}}],"collection":[{"href":"https:\/\/www.diarioimagen.net\/index.php?rest_route=\/wp\/v2\/posts"}],"about":[{"href":"https:\/\/www.diarioimagen.net\/index.php?rest_route=\/wp\/v2\/types\/post"}],"author":[{"embeddable":true,"href":"https:\/\/www.diarioimagen.net\/index.php?rest_route=\/wp\/v2\/users\/3"}],"replies":[{"embeddable":true,"href":"https:\/\/www.diarioimagen.net\/index.php?rest_route=%2Fwp%2Fv2%2Fcomments&post=542557"}],"version-history":[{"count":0,"href":"https:\/\/www.diarioimagen.net\/index.php?rest_route=\/wp\/v2\/posts\/542557\/revisions"}],"wp:featuredmedia":[{"embeddable":true,"href":"https:\/\/www.diarioimagen.net\/index.php?rest_route=\/wp\/v2\/media\/542651"}],"wp:attachment":[{"href":"https:\/\/www.diarioimagen.net\/index.php?rest_route=%2Fwp%2Fv2%2Fmedia&parent=542557"}],"wp:term":[{"taxonomy":"category","embeddable":true,"href":"https:\/\/www.diarioimagen.net\/index.php?rest_route=%2Fwp%2Fv2%2Fcategories&post=542557"},{"taxonomy":"post_tag","embeddable":true,"href":"https:\/\/www.diarioimagen.net\/index.php?rest_route=%2Fwp%2Fv2%2Ftags&post=542557"}],"curies":[{"name":"wp","href":"https:\/\/api.w.org\/{rel}","templated":true}]}}