{"id":542563,"date":"2022-04-11T00:04:27","date_gmt":"2022-04-11T05:04:27","guid":{"rendered":"https:\/\/www.diarioimagen.net\/?p=542563"},"modified":"2022-04-11T01:03:18","modified_gmt":"2022-04-11T06:03:18","slug":"la-educacion-es-una-prioridad-en-el-estado-de-mexico-memo-zamacona","status":"publish","type":"post","link":"https:\/\/www.diarioimagen.net\/?p=542563","title":{"rendered":"La educaci\u00f3n es una prioridad en el Estado de M\u00e9xico: Memo Zamacona"},"content":{"rendered":"<p>&nbsp;<\/p>\n<ul>\n<li><strong><em>Promueven beneficios del Congreso local<\/em><\/strong><\/li>\n<\/ul>\n<p>&nbsp;<\/p>\n<h6>Arturo Baena<\/h6>\n<p>&nbsp;<\/p>\n<div id=\"attachment_542665\" style=\"width: 470px\" class=\"wp-caption aligncenter\"><a href=\"https:\/\/www.diarioimagen.net\/?attachment_id=542665\" rel=\"attachment wp-att-542665\"><img loading=\"lazy\" decoding=\"async\" aria-describedby=\"caption-attachment-542665\" class=\"size-full wp-image-542665\" src=\"https:\/\/www.diarioimagen.net\/wp-content\/uploads\/2022\/04\/jilotzingo.jpg\" alt=\"\" width=\"460\" height=\"270\" \/><\/a><p id=\"caption-attachment-542665\" class=\"wp-caption-text\">El diputado Guillermo Zamacona, reconoci\u00f3 y aval\u00f3 la\u00a0gesti\u00f3n que encabeza Ana Teresa Casas en esta localidad.<\/p><\/div>\n<p>&nbsp;<\/p>\n<p><strong>Santa Ana Jilotzingo, Estado de M\u00e9xico.\u2014<\/strong> Desde el Congreso del Estado de M\u00e9xico seguiremos trabajando en\u00a0 Iniciativas de Ley\u00a0 para impulsar la educaci\u00f3n, la libertad de expresi\u00f3n, la seguridad p\u00fablica y social, entre otras, en beneficio de todas y todos los mexiquenses.<\/p>\n<p>Afirm\u00f3 lo anterior el diputado, Guillermo Zamacona, durante una visita al municipio de Santa Ana Jilotzingo, en donde junto con la presidenta municipal, Ana Teresa Casas Gonz\u00e1lez, realiz\u00f3 pintas y mejoras a los colegios \u201cDefensores de la Patria\u201d y \u201c Miguel Hidalgo\u201d,\u00a0 para que los alumnos cuenten con instalaciones dignas, dijo.<\/p>\n<p>El legislador mexiquense destac\u00f3\u00a0que \u201cla educaci\u00f3n en la entidad es una prioridad, ejemplo de ello, es la coordinaci\u00f3n con la iniciativa privada y distintas fundaciones, que hacen que la entidad sea la \u00fanica en el pa\u00eds en contar con tres planteles de excelencia\u201d, afirm\u00f3.<\/p>\n<p>Guillermo Zamacona, reconoci\u00f3 y aval\u00f3 ( a cien d\u00edas de gobierno) la\u00a0gesti\u00f3n que encabeza Ana Teresa Casas en esta localidad, quien pese a las dificultades financieras en las qu\u00e9 recibi\u00f3 al municipio, se invierte en diversos programas sociales.<\/p>\n<p>Por otra parte, el joven diputado, se\u00f1al\u00f3 que se deben poner en perspectiva los avances que se han alcanzado en educaci\u00f3n en los \u00faltimos a\u00f1os\u00a0 a fin de dar certidumbre a las ni\u00f1as, ni\u00f1os, j\u00f3venes, y a la poblaci\u00f3n en general.<\/p>\n<p>Finalmente, el diputado fue claro al se\u00f1alar que de ninguna manera se bajar\u00e1 la guardia para apoyar programas sociales en beneficio de mexiquenses. \u201cEn el Estado de Mexico, vamos por el camino correcto de la mano del gobernador Alfredo del Mazo\u201d, concluy\u00f3.<\/p>\n","protected":false},"excerpt":{"rendered":"<p>Desde el Congreso del Estado de M\u00e9xico seguiremos trabajando en\u00a0 Iniciativas de Ley\u00a0 para impulsar la educaci\u00f3n, la libertad de expresi\u00f3n, la seguridad p\u00fablica y social, entre otras, en beneficio de todas y todos los mexiquenses.<\/p>\n","protected":false},"author":3,"featured_media":542665,"comment_status":"open","ping_status":"open","sticky":false,"template":"","format":"standard","meta":{"_monsterinsights_skip_tracking":false,"_monsterinsights_sitenote_active":false,"_monsterinsights_sitenote_note":"","_monsterinsights_sitenote_category":0,"footnotes":""},"categories":[5],"tags":[43675,95166,95184],"class_list":["post-542563","post","type-post","status-publish","format-standard","has-post-thumbnail","hentry","category-estado-de-mexico","tag-estado-de-mexico","tag-guillermo-zamacona","tag-santa-ana-jilotzingo"],"_links":{"self":[{"href":"https:\/\/www.diarioimagen.net\/index.php?rest_route=\/wp\/v2\/posts\/542563","targetHints":{"allow":["GET"]}}],"collection":[{"href":"https:\/\/www.diarioimagen.net\/index.php?rest_route=\/wp\/v2\/posts"}],"about":[{"href":"https:\/\/www.diarioimagen.net\/index.php?rest_route=\/wp\/v2\/types\/post"}],"author":[{"embeddable":true,"href":"https:\/\/www.diarioimagen.net\/index.php?rest_route=\/wp\/v2\/users\/3"}],"replies":[{"embeddable":true,"href":"https:\/\/www.diarioimagen.net\/index.php?rest_route=%2Fwp%2Fv2%2Fcomments&post=542563"}],"version-history":[{"count":0,"href":"https:\/\/www.diarioimagen.net\/index.php?rest_route=\/wp\/v2\/posts\/542563\/revisions"}],"wp:featuredmedia":[{"embeddable":true,"href":"https:\/\/www.diarioimagen.net\/index.php?rest_route=\/wp\/v2\/media\/542665"}],"wp:attachment":[{"href":"https:\/\/www.diarioimagen.net\/index.php?rest_route=%2Fwp%2Fv2%2Fmedia&parent=542563"}],"wp:term":[{"taxonomy":"category","embeddable":true,"href":"https:\/\/www.diarioimagen.net\/index.php?rest_route=%2Fwp%2Fv2%2Fcategories&post=542563"},{"taxonomy":"post_tag","embeddable":true,"href":"https:\/\/www.diarioimagen.net\/index.php?rest_route=%2Fwp%2Fv2%2Ftags&post=542563"}],"curies":[{"name":"wp","href":"https:\/\/api.w.org\/{rel}","templated":true}]}}