{"id":542565,"date":"2022-04-11T00:02:25","date_gmt":"2022-04-11T05:02:25","guid":{"rendered":"https:\/\/www.diarioimagen.net\/?p=542565"},"modified":"2022-04-11T01:04:40","modified_gmt":"2022-04-11T06:04:40","slug":"la-fortaleza-del-prd-radica-en-su-unidad-afirma-el-legislador-omar-ortega-alvarez","status":"publish","type":"post","link":"https:\/\/www.diarioimagen.net\/?p=542565","title":{"rendered":"La fortaleza del PRD radica en su unidad, afirma el legislador Omar Ortega \u00c1lvarez"},"content":{"rendered":"<p>&nbsp;<\/p>\n<ul>\n<li><strong><em>Toma de protesta a Severiano Plata en Naucalpan<\/em><\/strong><\/li>\n<\/ul>\n<p>&nbsp;<\/p>\n<div id=\"attachment_542668\" style=\"width: 470px\" class=\"wp-caption aligncenter\"><a href=\"https:\/\/www.diarioimagen.net\/?attachment_id=542668\" rel=\"attachment wp-att-542668\"><img loading=\"lazy\" decoding=\"async\" aria-describedby=\"caption-attachment-542668\" class=\"size-full wp-image-542668\" src=\"https:\/\/www.diarioimagen.net\/wp-content\/uploads\/2022\/04\/naucalpan-6.jpg\" alt=\"\" width=\"460\" height=\"270\" \/><\/a><p id=\"caption-attachment-542668\" class=\"wp-caption-text\">Acompa\u00f1ado de\u00a0la regidora Lucina Cort\u00e9s Cornejo, el legislador Omar Ortega \u00c1lvarez se\u00f1al\u00f3 que la unidad es y ser\u00e1 el fortalecimiento del PRD.<\/p><\/div>\n<p>&nbsp;<\/p>\n<p><strong>Naucalpan, Estado de M\u00e9xico.\u2014<\/strong> Estoy convencido de que hemos ido caminando hacia atr\u00e1s. Los logros democr\u00e1ticos que se han ganado con dolor y l\u00e1grimas e inclusive con sangre de la izquierda para tener un mejor pa\u00eds,\u00a0 de nada han valido con las ocurrencias y violaciones a las Leyes que realiza el gobierno federal.<\/p>\n<p>As\u00ed lo manifest\u00f3 en entrevista, el dirigente y diputado local, Omar Ortega \u00c1lvarez, del Partido de la Revoluci\u00f3n Democr\u00e1tica (PRD) , durante la toma de protesta a Severiano Plata, como presidente del sol azteca y a los responsables de los Comit\u00e9s de Fortalecimiento Partidario en este municipio.<\/p>\n<p>Acompa\u00f1ado, de l\u00edderes sociales, militantes y de la regidora Lucina Cort\u00e9s Cornejo, el legislador record\u00f3 que \u201csin duda que la unidad es y ser\u00e1 el fortalecimiento de nuestro partido. Cerremos filas en torno al PRD en favor de las familias no s\u00f3lo del Estado de M\u00e9xico, sino del pa\u00eds entero\u201d, dijo<\/p>\n<p>Por otra parte, Ortega \u00c1lvarez exhort\u00f3 a los perredistas a formar un ej\u00e9rcito de simpatizantes y militantes \u201cque nos ayuden a llevar las causas y los principios del PRD, pues para nadie es desconocido que el de la Revoluci\u00f3n Democr\u00e1tica, es el \u00fanico partido de izquierda que vela por el bienestar del pueblo de M\u00e9xico\u201d, reiter\u00f3.<\/p>\n<p>Al hacer uso de la palabra, Severiano Plata,\u00a0 ahora nuevo\u00a0 dirigente de ese partido en Naucalpan, se comprometi\u00f3 a seguir luchando por las causas justas y regresar al PRD a ser la primera fuerza pol\u00edtica en esa localidad. \u201cEl fortalecimiento de nuestro partido va por buen camino\u201d, abund\u00f3.<\/p>\n<p>Finalmente, el legislador Omar Ortega, hizo un llamado a trabajar en unidad para ganar la gubernatura, \u201c y as\u00ed poder arreglar las cosas que tanto da\u00f1o han ocasionado a las familias. Hagamos desde ahora ese esfuerzo para que el PRD pueda ganar los pr\u00f3ximos procesos que se avecinan\u201d.<\/p>\n","protected":false},"excerpt":{"rendered":"<p>Estoy convencido de que hemos ido caminando hacia atr\u00e1s. Los logros democr\u00e1ticos que se han ganado con dolor y l\u00e1grimas e inclusive con sangre de la izquierda para tener un mejor pa\u00eds,\u00a0 de nada han valido con las ocurrencias y violaciones a las Leyes que realiza el gobierno federal.<\/p>\n","protected":false},"author":3,"featured_media":542668,"comment_status":"open","ping_status":"open","sticky":false,"template":"","format":"standard","meta":{"_monsterinsights_skip_tracking":false,"_monsterinsights_sitenote_active":false,"_monsterinsights_sitenote_note":"","_monsterinsights_sitenote_category":0,"footnotes":""},"categories":[5],"tags":[43675,970,95185,211],"class_list":["post-542565","post","type-post","status-publish","format-standard","has-post-thumbnail","hentry","category-estado-de-mexico","tag-estado-de-mexico","tag-naucalpan","tag-omar-ortega-alvarez","tag-prd"],"_links":{"self":[{"href":"https:\/\/www.diarioimagen.net\/index.php?rest_route=\/wp\/v2\/posts\/542565","targetHints":{"allow":["GET"]}}],"collection":[{"href":"https:\/\/www.diarioimagen.net\/index.php?rest_route=\/wp\/v2\/posts"}],"about":[{"href":"https:\/\/www.diarioimagen.net\/index.php?rest_route=\/wp\/v2\/types\/post"}],"author":[{"embeddable":true,"href":"https:\/\/www.diarioimagen.net\/index.php?rest_route=\/wp\/v2\/users\/3"}],"replies":[{"embeddable":true,"href":"https:\/\/www.diarioimagen.net\/index.php?rest_route=%2Fwp%2Fv2%2Fcomments&post=542565"}],"version-history":[{"count":0,"href":"https:\/\/www.diarioimagen.net\/index.php?rest_route=\/wp\/v2\/posts\/542565\/revisions"}],"wp:featuredmedia":[{"embeddable":true,"href":"https:\/\/www.diarioimagen.net\/index.php?rest_route=\/wp\/v2\/media\/542668"}],"wp:attachment":[{"href":"https:\/\/www.diarioimagen.net\/index.php?rest_route=%2Fwp%2Fv2%2Fmedia&parent=542565"}],"wp:term":[{"taxonomy":"category","embeddable":true,"href":"https:\/\/www.diarioimagen.net\/index.php?rest_route=%2Fwp%2Fv2%2Fcategories&post=542565"},{"taxonomy":"post_tag","embeddable":true,"href":"https:\/\/www.diarioimagen.net\/index.php?rest_route=%2Fwp%2Fv2%2Ftags&post=542565"}],"curies":[{"name":"wp","href":"https:\/\/api.w.org\/{rel}","templated":true}]}}