{"id":542566,"date":"2022-04-11T00:01:42","date_gmt":"2022-04-11T05:01:42","guid":{"rendered":"https:\/\/www.diarioimagen.net\/?p=542566"},"modified":"2022-04-11T01:12:18","modified_gmt":"2022-04-11T06:12:18","slug":"cumple-gobierno-de-naucalpan-compromisos-con-el-suteym-dice-tomas-palomares-parra","status":"publish","type":"post","link":"https:\/\/www.diarioimagen.net\/?p=542566","title":{"rendered":"Cumple gobierno de Naucalpan compromisos con el SUTEyM, dice Tom\u00e1s Palomares Parra"},"content":{"rendered":"<p>&nbsp;<\/p>\n<ul>\n<li><strong><em>Se les retribuyen salarios y prestaciones<\/em><\/strong><\/li>\n<\/ul>\n<p>&nbsp;<\/p>\n<div id=\"attachment_542674\" style=\"width: 470px\" class=\"wp-caption aligncenter\"><a href=\"https:\/\/www.diarioimagen.net\/?attachment_id=542674\" rel=\"attachment wp-att-542674\"><img loading=\"lazy\" decoding=\"async\" aria-describedby=\"caption-attachment-542674\" class=\"size-full wp-image-542674\" src=\"https:\/\/www.diarioimagen.net\/wp-content\/uploads\/2022\/04\/naucalpan-1-1.jpg\" alt=\"\" width=\"460\" height=\"270\" \/><\/a><p id=\"caption-attachment-542674\" class=\"wp-caption-text\">Destaca el dirigente Tom\u00e1s Palomares Parra en Naucalpan, que se les est\u00e1 retribuyendo a trabajadores sueldos y prestaciones que estaban atrasados.<\/p><\/div>\n<p>&nbsp;<\/p>\n<p><strong>Naucalpan, Estado de M\u00e9xico.\u2014<\/strong> Pese a que la pasada gesti\u00f3n dej\u00f3 un adeudo muy complejo de sueldos y prestaciones para empleados, proovedores, contratistas, bancos, \u00a0y dem\u00e1s, \u00a0hoy, gracias a la disposici\u00f3n y compromiso que adquiri\u00f3 la presidenta municipal Ang\u00e9lica Moya Mar\u00edn, con la clase trabajadora del SUTEyM, se les est\u00e1 retribuyendo sueldos y prestaciones que estaban atrasados.<\/p>\n<p>As\u00f1i lo destac\u00f3 en entrevista Tom\u00e1s Palomares Parra, secretario general de ese sindicato, al tiempo de se\u00f1alar que \u201ca pesar de la \u00a0grave crisis financiera que enfrenta el municipio, la alcaldesa Ang\u00e9lica Moya, \u00a0nos confirm\u00f3 el pago, \u00a0tanto de la quincena como de la prima vacacional de abril y, \u00a0adicionalmente, la de prima vacacional de diciembre, \u00a0que para nosotros es un avance muy importante y digno de reconocer\u201d, dijo.<\/p>\n<p>Palomares Parra destac\u00f3 que, efectivamente, se hered\u00f3 una administraci\u00f3n muy \u00a0complicada y qu\u00e9 ha \u00a0repercutido severamente en el arranque, sin embargo, \u201ccon est\u00e1s acciones (los pagos) nos da la certeza del cumplimiento y trabajo de la presidenta en favor del pueblo\u201d, reiter\u00f3.<\/p>\n<p>Por otra parte, el dirigente sindical en esta localidad afirm\u00f3 que \u201cello nos confirma que seguimos trabajando por el camino correcto y \u00e9ste, sin duda alguna, \u00a0es el de la recuperaci\u00f3n de las prestaciones a los \u00a0trabajadores. No ser\u00e1 de inmediato, \u00a0pero s\u00ed nos da la confianza que el cumplimiento de su compromiso se va dando\u201d.<\/p>\n<p>Reiter\u00f3 que con paciencia, con di\u00e1logo y en coordinaci\u00f3n entre la clase trabajadora y gobierno, \u00a0las cosas se ir\u00e1n resolviendo poco a poco. Tom\u00e1s Palomares abund\u00f3 que \u201ccomo siempre lo hemos hecho, los trabajadores seguiremos cumpliendo puntualmente a las familias naucalpenses. El SUTEyM es y ser\u00e1 una pieza fundamental de la actual administraci\u00f3n\u201d.<\/p>\n<p>Finalmente, afirm\u00f3 que \u201chay una comunicaci\u00f3n constante, \u00a0objetiva y cordial \u00a0entre el gobierno y la dirigencia. Estoy cierto de que la presidenta Ang\u00e9lica Moya, sabr\u00e1 cumplir su palabra \u00a0no s\u00f3lo a \u00a0los suteymistas, \u00a0sino a la ciudadan\u00eda en general\u201d, puntualiz\u00f3.<\/p>\n","protected":false},"excerpt":{"rendered":"<p>Pese a que la pasada gesti\u00f3n dej\u00f3 un adeudo muy complejo de sueldos y prestaciones para empleados, proovedores, contratistas, bancos, \u00a0y dem\u00e1s, \u00a0hoy, gracias a la disposici\u00f3n y compromiso que adquiri\u00f3 la presidenta municipal Ang\u00e9lica Moya Mar\u00edn, con la clase trabajadora del SUTEyM, se les est\u00e1 retribuyendo sueldos y prestaciones que estaban atrasados.<\/p>\n","protected":false},"author":3,"featured_media":542674,"comment_status":"open","ping_status":"open","sticky":false,"template":"","format":"standard","meta":{"_monsterinsights_skip_tracking":false,"_monsterinsights_sitenote_active":false,"_monsterinsights_sitenote_note":"","_monsterinsights_sitenote_category":0,"footnotes":""},"categories":[5],"tags":[43675,970,2572,56429],"class_list":["post-542566","post","type-post","status-publish","format-standard","has-post-thumbnail","hentry","category-estado-de-mexico","tag-estado-de-mexico","tag-naucalpan","tag-suteym","tag-tomas-palomares-parra"],"_links":{"self":[{"href":"https:\/\/www.diarioimagen.net\/index.php?rest_route=\/wp\/v2\/posts\/542566","targetHints":{"allow":["GET"]}}],"collection":[{"href":"https:\/\/www.diarioimagen.net\/index.php?rest_route=\/wp\/v2\/posts"}],"about":[{"href":"https:\/\/www.diarioimagen.net\/index.php?rest_route=\/wp\/v2\/types\/post"}],"author":[{"embeddable":true,"href":"https:\/\/www.diarioimagen.net\/index.php?rest_route=\/wp\/v2\/users\/3"}],"replies":[{"embeddable":true,"href":"https:\/\/www.diarioimagen.net\/index.php?rest_route=%2Fwp%2Fv2%2Fcomments&post=542566"}],"version-history":[{"count":0,"href":"https:\/\/www.diarioimagen.net\/index.php?rest_route=\/wp\/v2\/posts\/542566\/revisions"}],"wp:featuredmedia":[{"embeddable":true,"href":"https:\/\/www.diarioimagen.net\/index.php?rest_route=\/wp\/v2\/media\/542674"}],"wp:attachment":[{"href":"https:\/\/www.diarioimagen.net\/index.php?rest_route=%2Fwp%2Fv2%2Fmedia&parent=542566"}],"wp:term":[{"taxonomy":"category","embeddable":true,"href":"https:\/\/www.diarioimagen.net\/index.php?rest_route=%2Fwp%2Fv2%2Fcategories&post=542566"},{"taxonomy":"post_tag","embeddable":true,"href":"https:\/\/www.diarioimagen.net\/index.php?rest_route=%2Fwp%2Fv2%2Ftags&post=542566"}],"curies":[{"name":"wp","href":"https:\/\/api.w.org\/{rel}","templated":true}]}}