{"id":542598,"date":"2022-04-11T00:03:45","date_gmt":"2022-04-11T05:03:45","guid":{"rendered":"https:\/\/www.diarioimagen.net\/?p=542598"},"modified":"2022-04-12T01:57:57","modified_gmt":"2022-04-12T06:57:57","slug":"canonazos-revocacion-y-despues","status":"publish","type":"post","link":"https:\/\/www.diarioimagen.net\/?p=542598","title":{"rendered":"\u00bfCa\u00f1onazos?, revocaci\u00f3n\u2026 \u00bfy despu\u00e9s?"},"content":{"rendered":"<h2>Espacio Electoral<\/h2>\n<h5>Eleazar Flores<\/h5>\n<p><strong>\u00a0<\/strong><\/p>\n<p><strong>DISTRACTOR EFICIENTE-.<\/strong> Tan \u201cbuenos\u201d resultados medi\u00e1ticos da la Revocaci\u00f3n de Mandato que la opini\u00f3n p\u00fablica y algunos medios olvidan asuntos que estaban en el escaparate nacional como los casos Scherer contra Gertz-Olga, Conacyt-CIDE, o la declinaci\u00f3n de la Suprema Corte ante AMLO.<\/p>\n<p>Esa declinaci\u00f3n de la Suprema Corte de Justicia de la Naci\u00f3n se la anticip\u00e9 aqu\u00ed el viernes con el texto: \u201cNo obstante la f\u00e9rrea voluntad de la SCJN, el d\u00eda menos pensado nos sorprender\u00e1 con una opini\u00f3n favorable a AMLO\u201d\u2026y la dio al d\u00eda siguiente, aprobando la CONSTITUCIONALIDAD de la reforma el\u00e9ctrica.<\/p>\n<p>La declinaci\u00f3n del Poder Judicial la dio luego de la visita que hiciera al presidente de la instituci\u00f3n Arturo Zald\u00edvar Lelo de Larrea, el secretario de Gobernaci\u00f3n, Ad\u00e1n Augusto L\u00f3pez Hern\u00e1ndez, previo \u201cba\u00f1o de pueblo\u201d en el Metro, \u00bfel motivo de la visita?, Aver\u00edg\u00fcelo Vargas.<\/p>\n<p>Pero en la homil\u00eda del p\u00falpito ma\u00f1anero el padre de la Cuarta Transformaci\u00f3n denunci\u00f3 que cabilderos incluso extranjeros estaban presionando al poder judicial para torcerles el brazo, como antes, con ca\u00f1onazo$.<\/p>\n<p>No obstante su infraestructura de \u201cinteligencia\u201d pol\u00edtica, el presidente Andr\u00e9s Maanuel L\u00f3pez Obrador dif\u00edcilmente podr\u00eda probar sus dichos de\u00a0 los ca\u00f1onazos.<\/p>\n<p>Pero con esa misma hip\u00f3tesis podr\u00eda suponerse que la visita del secretario de Gobernaci\u00f3n, Ad\u00e1n Augusto L\u00f3pez, pudo haber ido a visitar a los integrantes del Poder Judicial de la Federaci\u00f3n a torcerles el brazo, pues da la mal pensada casualidad que justamente un d\u00eda despu\u00e9s, sale la opini\u00f3n aprobatoria de cuatro de los jueces para legitimar la \u201cLey Bartlett\u201d. Ni una ni otra hip\u00f3tesis podr\u00edan probarse.<\/p>\n<p>Sin embargo habr\u00eda que creerle al promotor n\u00famero uno del ejercicio de ayer, pues repite cuantas veces es necesario, la frase de que \u201cno somos los mismos, ya no es como antes\u201d, en lo que \u2014hasta ah\u00ed\u2014, sin exagerar, todo mundo est\u00e1 de acuerdo, ahora que la divergencia empieza con la pregunta consistente en que si estamos mejor o peor. Su opini\u00f3n es la \u00fanica v\u00e1lida.<\/p>\n<p>A prop\u00f3sito de la reiterada revocaci\u00f3n, cumpli\u00f3 con creces sus efectos distractores, pues ya pocos recuerdan casos que hab\u00edan llenado p\u00e1ginas y horas de medios, impresos y electr\u00f3nicos, respectivamente, del asesor jur\u00eddico Julio Sherer contra el fiscal Alejandro Gertz y la senadora Olga S\u00e1nchez.\u00a0 De los bienes inmobiliarios del junior presidencial en Estados Unidos, con m\u00e1s raz\u00f3n.<\/p>\n<p><strong>\u00bf<\/strong><strong>QU\u00c9 SIGUE?-.<\/strong> Convencidos de que el patriarca y sus disc\u00edpulos violaron impunemente la ley electoral vigente y que as\u00ed los llegue a sancionar el Tribunal Electoral del Poder Judicial de la Federaci\u00f3n, \u2014no el INE como lo dice con ignorancia supina Mario Delgado\u2014, no se resarcir\u00e1 el da\u00f1o, la jornada pas\u00f3 y a prepararnos con el narcisismo electoral tabasque\u00f1o.<\/p>\n<p><em><a href=\"mailto:elefa44@gmail.com\" target=\"_blank\" rel=\"noopener noreferrer\">elefa44@gmail.com<\/a><\/em><\/p>\n","protected":false},"excerpt":{"rendered":"<p><span style=\"color: #005497;\"><strong>Eleazar Flores<\/strong><\/span><\/p>\n","protected":false},"author":3,"featured_media":0,"comment_status":"open","ping_status":"open","sticky":false,"template":"","format":"standard","meta":{"_monsterinsights_skip_tracking":false,"_monsterinsights_sitenote_active":false,"_monsterinsights_sitenote_note":"","_monsterinsights_sitenote_category":0,"footnotes":""},"categories":[81743],"tags":[81744,81776,43674],"class_list":["post-542598","post","type-post","status-publish","format-standard","hentry","category-eleazar-flores","tag-eleazar-flores","tag-espacio-electoral","tag-opinion"],"_links":{"self":[{"href":"https:\/\/www.diarioimagen.net\/index.php?rest_route=\/wp\/v2\/posts\/542598","targetHints":{"allow":["GET"]}}],"collection":[{"href":"https:\/\/www.diarioimagen.net\/index.php?rest_route=\/wp\/v2\/posts"}],"about":[{"href":"https:\/\/www.diarioimagen.net\/index.php?rest_route=\/wp\/v2\/types\/post"}],"author":[{"embeddable":true,"href":"https:\/\/www.diarioimagen.net\/index.php?rest_route=\/wp\/v2\/users\/3"}],"replies":[{"embeddable":true,"href":"https:\/\/www.diarioimagen.net\/index.php?rest_route=%2Fwp%2Fv2%2Fcomments&post=542598"}],"version-history":[{"count":0,"href":"https:\/\/www.diarioimagen.net\/index.php?rest_route=\/wp\/v2\/posts\/542598\/revisions"}],"wp:attachment":[{"href":"https:\/\/www.diarioimagen.net\/index.php?rest_route=%2Fwp%2Fv2%2Fmedia&parent=542598"}],"wp:term":[{"taxonomy":"category","embeddable":true,"href":"https:\/\/www.diarioimagen.net\/index.php?rest_route=%2Fwp%2Fv2%2Fcategories&post=542598"},{"taxonomy":"post_tag","embeddable":true,"href":"https:\/\/www.diarioimagen.net\/index.php?rest_route=%2Fwp%2Fv2%2Ftags&post=542598"}],"curies":[{"name":"wp","href":"https:\/\/api.w.org\/{rel}","templated":true}]}}