{"id":542719,"date":"2022-04-12T00:02:50","date_gmt":"2022-04-12T05:02:50","guid":{"rendered":"https:\/\/www.diarioimagen.net\/?p=542719"},"modified":"2022-04-12T06:52:57","modified_gmt":"2022-04-12T11:52:57","slug":"en-veremos-alianza-pri-pan-y-prd-en-edomex-senala-horacio-jimenez","status":"publish","type":"post","link":"https:\/\/www.diarioimagen.net\/?p=542719","title":{"rendered":"En veremos, alianza PRI, PAN y PRD en Edomex, se\u00f1ala Horacio Jim\u00e9nez"},"content":{"rendered":"<p>&nbsp;<\/p>\n<ul>\n<li><strong><em>\u201cLo m\u00e1s seguro es que no se concrete\u201d<\/em><\/strong><\/li>\n<\/ul>\n<p>&nbsp;<\/p>\n<h6>Arturo Baena<\/h6>\n<p>&nbsp;<\/p>\n<div id=\"attachment_542839\" style=\"width: 470px\" class=\"wp-caption aligncenter\"><a href=\"https:\/\/www.diarioimagen.net\/?attachment_id=542839\" rel=\"attachment wp-att-542839\"><img loading=\"lazy\" decoding=\"async\" aria-describedby=\"caption-attachment-542839\" class=\"size-full wp-image-542839\" src=\"https:\/\/www.diarioimagen.net\/wp-content\/uploads\/2022\/04\/valle-alianza.jpg\" alt=\"\" width=\"460\" height=\"270\" \/><\/a><p id=\"caption-attachment-542839\" class=\"wp-caption-text\">El ex diputado Horacio Jim\u00e9nez L\u00f3pez no ve claro la alianza PRI-PAN-PRD en Edomex para 2023.<\/p><\/div>\n<p>&nbsp;<\/p>\n<p><strong>Valle de M\u00e9xico.\u2014<\/strong> Por sus propias palabras, las dirigencias de los partidos PRI, PAN y PRD,\u00a0 hacen ver que la coalici\u00f3n para el proceso electoral de 2023 en el Estado de M\u00e9xico no se concretar\u00e1. Cada uno podr\u00eda jalar por su lado, estos (los partidos) quieren que quien sustituya al gobernador Alfredo del Mazo sea su abanderado, cosa que se ve muy dif\u00edcil.<\/p>\n<p>Afirm\u00f3 en entrevista, el ex diputado y ex secretario del ayuntamiento de Naucalpan, Horacio Jim\u00e9nez L\u00f3pez, mismo que reconoci\u00f3 que \u201cello dar\u00eda pie para abrir el paso a Morena\u00a0 para ganar la gubernatura con el candidato que sea.\u201d.<\/p>\n<p>Jim\u00e9nez L\u00f3pez, abund\u00f3 que a poco m\u00e1s de un a\u00f1o de iniciar el handicap , el \u201cestira y afloja\u201d contin\u00faa ente los dirigentes nacionales y estatales, sin embargo, la militancia de esos partidos quieren que \u201cel bueno o buena\u201d salga de sus filas.<\/p>\n<p>El pol\u00edtico mexiquense, ejemplific\u00f3 que en la entidad \u201cel PAN ya tiene a Enrique Vargas del Villar como el \u00fanico y fuerte aspirante a la candidatura; en el PRD, la militancia ya destap\u00f3 a Omar Ortega, mientras que el PRI tiene a por lo menos tres, El\u00edas Rescala, Alejandra del Moral y Martha Hilda Gonz\u00e1lez, m\u00e1s los que se sumen, as\u00ed qu\u00e9, es muy dif\u00edcil y complicado que lleguen a alg\u00fan acuerdo pol\u00edtico\u201d, refiri\u00f3.<\/p>\n<p>El tambi\u00e9n ex funcionario del Instituto Electoral del Estado de M\u00e9xico (IEEM), record\u00f3 las declaraciones de los mandam\u00e1s de los partidos coaligados.<\/p>\n<p>PRD: \u201cLos \u00f3rganos de direcci\u00f3n y militancia ser\u00e1n quienes decidan s\u00ed nuestro partido se sumar\u00e1 en alianza al PRI y al PAN. Hasta\u00a0el momento quienes han manifestado y tienen inter\u00e9s de participar en el proceso, deben trabajar en su propio posicionamiento\u201d.<\/p>\n<p>PAN: \u201cEl candidato a la gubernatura Mexiquense, debe de ser quien est\u00e9 mejor posicionado y sin lugar a dudas que \u00e9ste es Enrique Vargas del Villar, quien\u00a0 demostr\u00f3 ser un buen gobernante en Huixquilucan. No hay m\u00e1s\u201d<\/p>\n<p>Y el PRI: \u201cEl candidato surgir\u00e1 de las filas del tricolor\u201d.<\/p>\n<p>Es decir, concluye Horacio Jim\u00e9nez, a\u00fan no hay nada seguro para nadie. La moneda est\u00e1 en el aire.<\/p>\n","protected":false},"excerpt":{"rendered":"<p>Por sus propias palabras, las dirigencias de los partidos PRI, PAN y PRD,\u00a0 hacen ver que la coalici\u00f3n para el proceso electoral de 2023 en el Estado de M\u00e9xico no se concretar\u00e1. Cada uno podr\u00eda jalar por su lado, estos (los partidos) quieren que quien sustituya al gobernador Alfredo del Mazo sea su abanderado, cosa que se ve muy dif\u00edcil.<\/p>\n","protected":false},"author":3,"featured_media":542839,"comment_status":"open","ping_status":"open","sticky":false,"template":"","format":"standard","meta":{"_monsterinsights_skip_tracking":false,"_monsterinsights_sitenote_active":false,"_monsterinsights_sitenote_note":"","_monsterinsights_sitenote_category":0,"footnotes":""},"categories":[5],"tags":[9453,91,211,362,34],"class_list":["post-542719","post","type-post","status-publish","format-standard","has-post-thumbnail","hentry","category-estado-de-mexico","tag-alianza","tag-pan","tag-prd","tag-pri","tag-valle-de-mexico"],"_links":{"self":[{"href":"https:\/\/www.diarioimagen.net\/index.php?rest_route=\/wp\/v2\/posts\/542719","targetHints":{"allow":["GET"]}}],"collection":[{"href":"https:\/\/www.diarioimagen.net\/index.php?rest_route=\/wp\/v2\/posts"}],"about":[{"href":"https:\/\/www.diarioimagen.net\/index.php?rest_route=\/wp\/v2\/types\/post"}],"author":[{"embeddable":true,"href":"https:\/\/www.diarioimagen.net\/index.php?rest_route=\/wp\/v2\/users\/3"}],"replies":[{"embeddable":true,"href":"https:\/\/www.diarioimagen.net\/index.php?rest_route=%2Fwp%2Fv2%2Fcomments&post=542719"}],"version-history":[{"count":0,"href":"https:\/\/www.diarioimagen.net\/index.php?rest_route=\/wp\/v2\/posts\/542719\/revisions"}],"wp:featuredmedia":[{"embeddable":true,"href":"https:\/\/www.diarioimagen.net\/index.php?rest_route=\/wp\/v2\/media\/542839"}],"wp:attachment":[{"href":"https:\/\/www.diarioimagen.net\/index.php?rest_route=%2Fwp%2Fv2%2Fmedia&parent=542719"}],"wp:term":[{"taxonomy":"category","embeddable":true,"href":"https:\/\/www.diarioimagen.net\/index.php?rest_route=%2Fwp%2Fv2%2Fcategories&post=542719"},{"taxonomy":"post_tag","embeddable":true,"href":"https:\/\/www.diarioimagen.net\/index.php?rest_route=%2Fwp%2Fv2%2Ftags&post=542719"}],"curies":[{"name":"wp","href":"https:\/\/api.w.org\/{rel}","templated":true}]}}