{"id":542721,"date":"2022-04-12T00:03:05","date_gmt":"2022-04-12T05:03:05","guid":{"rendered":"https:\/\/www.diarioimagen.net\/?p=542721"},"modified":"2022-04-12T04:33:53","modified_gmt":"2022-04-12T09:33:53","slug":"revocacion-de-mandato-un-avance-en-mexico-diputado-isaac-montoya","status":"publish","type":"post","link":"https:\/\/www.diarioimagen.net\/?p=542721","title":{"rendered":"Revocaci\u00f3n de Mandato, un avance en M\u00e9xico: diputado Isaac Montoya"},"content":{"rendered":"<p>&nbsp;<\/p>\n<ul>\n<li><strong><em>Consolidaci\u00f3n de la democracia<\/em><\/strong><\/li>\n<\/ul>\n<p>&nbsp;<\/p>\n<h6>Arturo Baena<\/h6>\n<p>&nbsp;<\/p>\n<div id=\"attachment_542836\" style=\"width: 470px\" class=\"wp-caption aligncenter\"><a href=\"https:\/\/www.diarioimagen.net\/?attachment_id=542836\" rel=\"attachment wp-att-542836\"><img loading=\"lazy\" decoding=\"async\" aria-describedby=\"caption-attachment-542836\" class=\"size-full wp-image-542836\" src=\"https:\/\/www.diarioimagen.net\/wp-content\/uploads\/2022\/04\/naucalpan-7.jpg\" alt=\"\" width=\"460\" height=\"270\" \/><\/a><p id=\"caption-attachment-542836\" class=\"wp-caption-text\">El diputado local Isaac Montoya M\u00e1rquez, luego \u00a0de participar en la consulta popular del domingo 10 de abril, se\u00f1al\u00f3 que\u00a0este ejercicio es hist\u00f3rico.<\/p><\/div>\n<p>&nbsp;<\/p>\n<p><strong>Naucalpan, Estado de M\u00e9xico.\u2014<\/strong> Para la consolidaci\u00f3n de la democracia en nuestro pa\u00eds, \u00a0es necesario llevar a cabo consultas para la revocaci\u00f3n de mandato a nivel estatal. Hoy se dio un avance e importante en la historia de M\u00e9xico.<\/p>\n<p>Afirm\u00f3 lo anterior el diputado local Isaac Montoya M\u00e1rquez, luego \u00a0de participar en la votaci\u00f3n en la consulta popular del domingo 10 de abril y se\u00f1al\u00f3 que\u00a0este ejercicio es hist\u00f3rico, en tanto implica una ampliaci\u00f3n de los derechos ciudadanos, sin embargo, consider\u00f3 que debe replicarse a nivel local.<\/p>\n<p>\u201cYa est\u00e1 establecido, desde la iniciativa constitucional, que este ejercicio pueda ser realizado en las entidades de la Rep\u00fablica, para que la ciudadan\u00eda eval\u00fae el desempe\u00f1o de las y los gobernadores\u201d, dijo.<\/p>\n<p>Isaac Montoya, record\u00f3 \u00a0que as\u00ed lo determin\u00f3 el Congreso de la Uni\u00f3n, pero falta voluntad pol\u00edtica para que se lleve a cabo y, as\u00ed, se cumpla a plenitud el esp\u00edritu de las consultas de revocaci\u00f3n\u201d, coment\u00f3. \u201cVot\u00e9 por que el Presidente Andr\u00e9s Manuel L\u00f3pez Obrador siga en el cargo y, as\u00ed, contin\u00fae estableciendo las bases de la Cuarta Transformaci\u00f3n\u201d, dijo<\/p>\n<p>Asimismo, dijo que \u201ces importante que la gente participe en este ejercicio in\u00e9dito en el pa\u00eds, que expresen su voto en el sentido que deseen, aqu\u00ed no hay ganadores ni perdedores, aqu\u00ed gana la democracia\u201d, dijo.<\/p>\n<p>\u201cYo espero que no haya ning\u00fan incidente. ( el d\u00eda de la consulta) Faltaron muchas casillas que el INE, no instal\u00f3 y dificult\u00f3 el proceso\u201d, \u00a0finaliz\u00f3.<\/p>\n","protected":false},"excerpt":{"rendered":"<p>Para la consolidaci\u00f3n de la democracia en nuestro pa\u00eds, \u00a0es necesario llevar a cabo consultas para la revocaci\u00f3n de mandato a nivel estatal. Hoy se dio un avance e importante en la historia de M\u00e9xico.<\/p>\n","protected":false},"author":3,"featured_media":542836,"comment_status":"open","ping_status":"open","sticky":false,"template":"","format":"standard","meta":{"_monsterinsights_skip_tracking":false,"_monsterinsights_sitenote_active":false,"_monsterinsights_sitenote_note":"","_monsterinsights_sitenote_category":0,"footnotes":""},"categories":[5],"tags":[43675,95192,970],"class_list":["post-542721","post","type-post","status-publish","format-standard","has-post-thumbnail","hentry","category-estado-de-mexico","tag-estado-de-mexico","tag-isaac-montoya","tag-naucalpan"],"_links":{"self":[{"href":"https:\/\/www.diarioimagen.net\/index.php?rest_route=\/wp\/v2\/posts\/542721","targetHints":{"allow":["GET"]}}],"collection":[{"href":"https:\/\/www.diarioimagen.net\/index.php?rest_route=\/wp\/v2\/posts"}],"about":[{"href":"https:\/\/www.diarioimagen.net\/index.php?rest_route=\/wp\/v2\/types\/post"}],"author":[{"embeddable":true,"href":"https:\/\/www.diarioimagen.net\/index.php?rest_route=\/wp\/v2\/users\/3"}],"replies":[{"embeddable":true,"href":"https:\/\/www.diarioimagen.net\/index.php?rest_route=%2Fwp%2Fv2%2Fcomments&post=542721"}],"version-history":[{"count":0,"href":"https:\/\/www.diarioimagen.net\/index.php?rest_route=\/wp\/v2\/posts\/542721\/revisions"}],"wp:featuredmedia":[{"embeddable":true,"href":"https:\/\/www.diarioimagen.net\/index.php?rest_route=\/wp\/v2\/media\/542836"}],"wp:attachment":[{"href":"https:\/\/www.diarioimagen.net\/index.php?rest_route=%2Fwp%2Fv2%2Fmedia&parent=542721"}],"wp:term":[{"taxonomy":"category","embeddable":true,"href":"https:\/\/www.diarioimagen.net\/index.php?rest_route=%2Fwp%2Fv2%2Fcategories&post=542721"},{"taxonomy":"post_tag","embeddable":true,"href":"https:\/\/www.diarioimagen.net\/index.php?rest_route=%2Fwp%2Fv2%2Ftags&post=542721"}],"curies":[{"name":"wp","href":"https:\/\/api.w.org\/{rel}","templated":true}]}}