{"id":542723,"date":"2022-04-12T00:04:27","date_gmt":"2022-04-12T05:04:27","guid":{"rendered":"https:\/\/www.diarioimagen.net\/?p=542723"},"modified":"2022-04-12T04:32:56","modified_gmt":"2022-04-12T09:32:56","slug":"la-consulta-ciudadana-un-fracaso-total-pan","status":"publish","type":"post","link":"https:\/\/www.diarioimagen.net\/?p=542723","title":{"rendered":"La consulta ciudadana, un fracaso total: PAN"},"content":{"rendered":"<p>&nbsp;<\/p>\n<div id=\"attachment_542832\" style=\"width: 470px\" class=\"wp-caption aligncenter\"><a href=\"https:\/\/www.diarioimagen.net\/?attachment_id=542832\" rel=\"attachment wp-att-542832\"><img loading=\"lazy\" decoding=\"async\" aria-describedby=\"caption-attachment-542832\" class=\"size-full wp-image-542832\" src=\"https:\/\/www.diarioimagen.net\/wp-content\/uploads\/2022\/04\/valle-PAN.jpg\" alt=\"\" width=\"460\" height=\"270\" \/><\/a><p id=\"caption-attachment-542832\" class=\"wp-caption-text\">Integrantes del Foro Nacional de Militantes de Morena exigieron la renuncia y salida de Mario Delgado de la dirigencia nacional.<\/p><\/div>\n<p>&nbsp;<\/p>\n<p><strong>Valle de M\u00e9xico.\u2014<\/strong> A Morena no le salieron bien las cuentas. Aunque digan lo contrario, los datos oficiales confirman que la consulta para la revocaci\u00f3n de mandato, fue un fracaso total Confirmaron lo anterior militantes y simpatizantes del PAN quienes respaldaron \u00a0lo expresado por Marko Cort\u00e9s, \u00a0en el sentido de que \u201ca pesar de haber usado todo el aparato del gobierno federal para eventos pol\u00edticos, de haber desviado todos los recursos p\u00fablicos para su consulta de revocaci\u00f3n, la gran farsa fue un rotundo fracaso\u201d.<\/p>\n<p>Desde Acci\u00f3n Nacional, afirm\u00f3 el regidor Agust\u00edn Belgodere, le seguiremos poniendo el ejemplo con nuestros gobiernos estatales y municipales, demostrando en los hechos que s\u00ed hay de otra forma de gobernar le seguiremos poniendo el ejemplo con nuestros legisladores, defendiendo al INE, la democracia, la libertad y proponiendo siempre soluciones para mejorar.<\/p>\n","protected":false},"excerpt":{"rendered":"<p>A Morena no le salieron bien las cuentas. Aunque digan lo contrario, los datos oficiales confirman que la consulta para la revocaci\u00f3n de mandato, fue un fracaso total Confirmaron lo anterior militantes y simpatizantes del PAN quienes respaldaron \u00a0lo expresado por Marko Cort\u00e9s, \u00a0en el sentido de que \u201ca pesar de haber usado todo el aparato del gobierno federal para eventos pol\u00edticos, de haber desviado todos los recursos p\u00fablicos para su consulta de revocaci\u00f3n, la gran farsa fue un rotundo fracaso\u201d.<\/p>\n","protected":false},"author":3,"featured_media":542832,"comment_status":"open","ping_status":"open","sticky":false,"template":"","format":"standard","meta":{"_monsterinsights_skip_tracking":false,"_monsterinsights_sitenote_active":false,"_monsterinsights_sitenote_note":"","_monsterinsights_sitenote_category":0,"footnotes":""},"categories":[5],"tags":[16619,1639,91,34],"class_list":["post-542723","post","type-post","status-publish","format-standard","has-post-thumbnail","hentry","category-estado-de-mexico","tag-consulta","tag-fracaso","tag-pan","tag-valle-de-mexico"],"_links":{"self":[{"href":"https:\/\/www.diarioimagen.net\/index.php?rest_route=\/wp\/v2\/posts\/542723","targetHints":{"allow":["GET"]}}],"collection":[{"href":"https:\/\/www.diarioimagen.net\/index.php?rest_route=\/wp\/v2\/posts"}],"about":[{"href":"https:\/\/www.diarioimagen.net\/index.php?rest_route=\/wp\/v2\/types\/post"}],"author":[{"embeddable":true,"href":"https:\/\/www.diarioimagen.net\/index.php?rest_route=\/wp\/v2\/users\/3"}],"replies":[{"embeddable":true,"href":"https:\/\/www.diarioimagen.net\/index.php?rest_route=%2Fwp%2Fv2%2Fcomments&post=542723"}],"version-history":[{"count":0,"href":"https:\/\/www.diarioimagen.net\/index.php?rest_route=\/wp\/v2\/posts\/542723\/revisions"}],"wp:featuredmedia":[{"embeddable":true,"href":"https:\/\/www.diarioimagen.net\/index.php?rest_route=\/wp\/v2\/media\/542832"}],"wp:attachment":[{"href":"https:\/\/www.diarioimagen.net\/index.php?rest_route=%2Fwp%2Fv2%2Fmedia&parent=542723"}],"wp:term":[{"taxonomy":"category","embeddable":true,"href":"https:\/\/www.diarioimagen.net\/index.php?rest_route=%2Fwp%2Fv2%2Fcategories&post=542723"},{"taxonomy":"post_tag","embeddable":true,"href":"https:\/\/www.diarioimagen.net\/index.php?rest_route=%2Fwp%2Fv2%2Ftags&post=542723"}],"curies":[{"name":"wp","href":"https:\/\/api.w.org\/{rel}","templated":true}]}}