{"id":542765,"date":"2022-04-12T00:08:54","date_gmt":"2022-04-12T05:08:54","guid":{"rendered":"https:\/\/www.diarioimagen.net\/?p=542765"},"modified":"2022-04-12T01:56:34","modified_gmt":"2022-04-12T06:56:34","slug":"la-violencia-se-instalo","status":"publish","type":"post","link":"https:\/\/www.diarioimagen.net\/?p=542765","title":{"rendered":"La violencia se instal\u00f3"},"content":{"rendered":"<h2>Punto por punto<\/h2>\n<h5>Augusto Corro<\/h5>\n<p>&nbsp;<\/p>\n<p>En algunos sitios del territorio mexicano la violencia se instal\u00f3 y no hay poder humano que la controle. Erradicarla parece m\u00e1s que imposible. Ahora le toc\u00f3 a Acapulco, Guerrero, ser el escenario de balaceras que dejaron cuatro personas muertas. En el puerto se instal\u00f3, desde hace mucho tiempo, la inseguridad. C\u00e1rteles del narcotr\u00e1fico y dem\u00e1s grupos de la delincuencia organizada constantemente se enfrascan en hechos sangrientos.<\/p>\n<p>Acapulco volvi\u00f3 a estar en el ojo de la tormenta antes de las vacaciones de Semana Santa, una de las temporadas en las que hay mayor afluencia de turistas. El caso que nos ocupa ocurri\u00f3 en la playa Manzanillo cuando dos hombres llegaron a un restaurante y mataron a balazos a dos comensales. Estos murieron en el lugar. Luego, polic\u00edas auxiliares persiguieron a los presuntos asesinos, quienes fueron abatidos a tiros.<\/p>\n<p>En la playa, los turistas fueron presas del p\u00e1nico. Lo primero que hicieron fue huir del lugar en busca de lugares seguros. Regres\u00f3 la calma y el borr\u00f3n y cuenta nueva de esos actos violentos, en un puerto que seguir\u00e1 sumido en la inseguridad hasta que se encuentre la f\u00f3rmula que brinde paz y tranquilidad a la poblaci\u00f3n. En el presente no se ve la estrategia para combatir a la delincuencia organizada.<\/p>\n<p>Guerrero y sus zonas se encuentran entre las entidades que encabezan hechos sangrientos derivados de las pugnas entre los c\u00e1rteles de la droga, con actos que van desde la extorsi\u00f3n hasta los secuestros. Hay lugares en los que es nula la presencia de las autoridades. Los representantes de la delincuencia son los encargados de gobernar de acuerdo a sus leyes e intereses.<\/p>\n<p>Por ejemplo, tambi\u00e9n fueron encontradas seis cabezas de personas sobre el toldo de un veh\u00edculo en la ciudad de Chilapa, Guerrero, ubicada en la zona de la Sierra. Como en un sinn\u00famero de casos, en el lugar tambi\u00e9n estaba una \u201cnarcomanta\u201d, con la advertencia de que est\u00e1 prohibido vender y consumir cristal (droga sint\u00e9tica), secuestrar, cobrar piso y robar; adem\u00e1s de que los mencionados delitos tienen como castigo la pena capital. En las poblaciones de la Sierra de Guerrero, hay una pugna entre la polic\u00eda comunitaria y el grupo criminal de \u201cLos Ardillos\u201d.<\/p>\n<p>As\u00ed pues, Guerrero se convirti\u00f3 en una de las entidades m\u00e1s violentas en la que la ciudadan\u00eda ve como actividades cotidianas la ola de secuestros, extorsiones y asesinatos. Seg\u00fan The International Crisis Group, \u201cal menos 40 grupos luchan por un diverso portafolio criminal, que incluyen activades como producci\u00f3n y tr\u00e1fico de drogas, as\u00ed como extorsi\u00f3n y secuestro\u201d.<\/p>\n<p>Es amplia la relaci\u00f3n de actos criminales en Guerrero. Cabe se\u00f1alar que en Iguala, en septiembre del 2014, se registr\u00f3 el secuestro y desaparici\u00f3n de 43 normalistas de Ayotzinapa, un hecho que impact\u00f3 a la opini\u00f3n p\u00fablica. A la fecha, se desconoce el paradero de los estudiantes. El presidente L\u00f3pez Obrador se comprometi\u00f3 a dar con el paradero de los j\u00f3venes, pero poco se sabe de la investigaci\u00f3n. Los padres de los desaparecidos, con un verdadero ejemplo de tenacidad, exigen justicia y la presentaci\u00f3n de sus hijos con vida.<\/p>\n<p>La presencia de la delincuencia organizada priv\u00f3 de seguridad a zonas de Michoac\u00e1n, Sinaloa, Jalisco, Guanajuato, Zacatecas, Tamaulipas y Colima.\u00a0 La embajada de Estados Unidos en M\u00e9xico emiti\u00f3 una alerta de seguridad a sus ciudadanos para evitar viajar a Colima, debido al aumento de la violencia entre organizaciones criminales. De acuerdo con la Gu\u00eda de Viajes realizada por las autoridades estadounidenses, M\u00e9xico se encuentra en el tercer nivel de riesgo para los visitantes.<\/p>\n<p>\u00bfUsted qu\u00e9 opina amable lector?<\/p>\n<p><a href=\"mailto:aco2742@hotmail.com\" target=\"_blank\" rel=\"noopener noreferrer\"><em>aco2742@hotmail.com<\/em><\/a><\/p>\n","protected":false},"excerpt":{"rendered":"<p><span style=\"color: #005497;\"><strong>Augusto Corro<\/strong><\/span><\/p>\n","protected":false},"author":3,"featured_media":0,"comment_status":"open","ping_status":"open","sticky":false,"template":"","format":"standard","meta":{"_monsterinsights_skip_tracking":false,"_monsterinsights_sitenote_active":false,"_monsterinsights_sitenote_note":"","_monsterinsights_sitenote_category":0,"footnotes":""},"categories":[157],"tags":[43686,43674,11515],"class_list":["post-542765","post","type-post","status-publish","format-standard","hentry","category-augusto-corro","tag-augusto-corro","tag-opinion","tag-punto-por-punto"],"_links":{"self":[{"href":"https:\/\/www.diarioimagen.net\/index.php?rest_route=\/wp\/v2\/posts\/542765","targetHints":{"allow":["GET"]}}],"collection":[{"href":"https:\/\/www.diarioimagen.net\/index.php?rest_route=\/wp\/v2\/posts"}],"about":[{"href":"https:\/\/www.diarioimagen.net\/index.php?rest_route=\/wp\/v2\/types\/post"}],"author":[{"embeddable":true,"href":"https:\/\/www.diarioimagen.net\/index.php?rest_route=\/wp\/v2\/users\/3"}],"replies":[{"embeddable":true,"href":"https:\/\/www.diarioimagen.net\/index.php?rest_route=%2Fwp%2Fv2%2Fcomments&post=542765"}],"version-history":[{"count":0,"href":"https:\/\/www.diarioimagen.net\/index.php?rest_route=\/wp\/v2\/posts\/542765\/revisions"}],"wp:attachment":[{"href":"https:\/\/www.diarioimagen.net\/index.php?rest_route=%2Fwp%2Fv2%2Fmedia&parent=542765"}],"wp:term":[{"taxonomy":"category","embeddable":true,"href":"https:\/\/www.diarioimagen.net\/index.php?rest_route=%2Fwp%2Fv2%2Fcategories&post=542765"},{"taxonomy":"post_tag","embeddable":true,"href":"https:\/\/www.diarioimagen.net\/index.php?rest_route=%2Fwp%2Fv2%2Ftags&post=542765"}],"curies":[{"name":"wp","href":"https:\/\/api.w.org\/{rel}","templated":true}]}}