{"id":542768,"date":"2022-04-12T00:10:36","date_gmt":"2022-04-12T05:10:36","guid":{"rendered":"https:\/\/www.diarioimagen.net\/?p=542768"},"modified":"2022-04-13T02:32:08","modified_gmt":"2022-04-13T07:32:08","slug":"la-corcholata-la-gran-perdedora","status":"publish","type":"post","link":"https:\/\/www.diarioimagen.net\/?p=542768","title":{"rendered":"\u201cLa corcholata\u201d, la gran perdedora"},"content":{"rendered":"<h2>Triple Erre<\/h2>\n<h5>Francisco Reynoso<\/h5>\n<p>&nbsp;<\/p>\n<p>Seg\u00fan el \u201ccaudillo\u201d L\u00f3pez y los morenazos que lidera Mario Delgado, la consulta de Revocaci\u00f3n de Mandato fue \u201ctodo un \u00e9xito\u201d.<\/p>\n<p>Sin embargo, no son pocos los que piensan, y lo festejan sin rubores, que \u201cla presidenta\u201d Claudia Sheinbaum Pardo fue la gran perdedora en la jornada dominical.<\/p>\n<p>La Ciudad de M\u00e9xico tiene un padr\u00f3n electoral de 4 millones de personas. Y seg\u00fan las cifras oficiales del INE, 19% acudi\u00f3 a las urnas. Es decir, menos de 1 mill\u00f3n de personas. En las elecciones del a\u00f1o pasado, Morena tuvo una cosecha de votos de 1 mill\u00f3n 577 mil, que representaron 40% del total.<\/p>\n<p>Este domingo, los operadores de la Sheinbaum no trabajaron como Dios manda y le fallaron a la jefa de Gobierno que, a su vez, le qued\u00f3 muy mal a su jefe amad\u00edsimo; la \u201ccorcholata\u201d favorita se le ator\u00f3 el \u201ccaudillo\u201d L\u00f3pez en el momento m\u00e1s importante, rumbo a la sucesi\u00f3n presidencial de 2024.<\/p>\n<p style=\"text-align: center;\"><strong>Operaci\u00f3n venganza<\/strong><\/p>\n<p>Desde luego, la operaci\u00f3n de brazos ca\u00eddos y la consigna de \u201cno voy, no voy y no voy\u201d a las urnas en la Ciudad de M\u00e9xico fue impulsada por los partidos del bloque opositor, principalmente por el PAN que tiene mayor\u00eda en las alcald\u00edas de la capital del pa\u00eds.<\/p>\n<p>Con toda seguridad, la alcaldesa de Cuauht\u00e9moc, Sandra Cuevas, bajita la tenaza \u201cayud\u00f3\u201d para el contra-acarreo de borregos.<\/p>\n<p>No se desestime, empero, el trabajo pol\u00edtico del senador Ricardo Monreal y de su cuaderno de doble raya y c\u00f3mplice en la operaci\u00f3n \u201ccorcholata\u201d, el \u201ccarnal\u201d Marcelo Ebrard.<\/p>\n<p>Fueron los art\u00edfices de que despu\u00e9s del discurso anodino y rid\u00edculo de la Sheinbaum, la capital del pa\u00eds tuviera un mill\u00f3n de votos, y de ellos, 900 mil para que el \u201ccaudillo\u201d L\u00f3pez siga con su obra macabra.<\/p>\n<p style=\"text-align: center;\"><strong>Morena, muy ovalado para huevo<\/strong><\/p>\n<p>Desde la \u00f3ptica de analistas pol\u00edticos, el domingo tambi\u00e9n qued\u00f3 claro que Morena no tiene fuerza ni capacidad para movilizar a las multitudes hacia las urnas.<\/p>\n<p>Pudo comprobar el \u201ccaudillo\u201d L\u00f3pez que su partido est\u00e1 muy ovalado para huevo y muy redondo para aguacate. No es garant\u00eda de que pueda, por s\u00ed solo, encargarse y garantizar el triunfo en la elecci\u00f3n presidencial, sea quien sea el candidato o candidata.<\/p>\n<p>A nadie le queda la menor duda de que fue el \u201ccaudillo\u201d L\u00f3pez quien gan\u00f3 las 11 gubernaturas que obtuvo Morena el a\u00f1o pasado. Y fue \u00e9l quien consigui\u00f3 la mayor\u00eda en las c\u00e1maras de Diputados y Senadores.<\/p>\n<p>Y est\u00e1 claro que en junio ser\u00e1 L\u00f3pez quien gane por lo menos cuatro de los seis estados que tendr\u00e1n elecciones para renovar gobernador.<\/p>\n<p>Pero en 2024 L\u00f3pez Obrador ya no estar\u00e1 en las boletas. Ser\u00e1, como hasta ahora, el gran animador. La mayor\u00eda de los mexicanos: ancianos con pensi\u00f3n, j\u00f3venes \u201cninis\u201d con beca escolar, mujeres abandonadas con \u201cchivo\u201d, etc\u00e9tera, votar\u00e1 por los candidatos de Morena en solidaridad con L\u00f3pez. Y es muy factible que su \u201ccorcholata\u201d o Ad\u00e1n Augusto L\u00f3pez, o Roc\u00edo Nahle, ganen la Presidencia con el rostro de L\u00f3pez en los carteles de campa\u00f1a.<\/p>\n<p>\u00bfY despu\u00e9s? Ya en Palacio Nacional su alfil, \u00bfquien podr\u00e1 defenderlo o defenderla de las v\u00edboras morenas?<\/p>\n<p>Este domingo, y desde que tom\u00f3 por su cuenta la estrategia de promoci\u00f3n de la Revocaci\u00f3n de Mandato, el \u201ccaudillo\u201d L\u00f3pez pudo comprobar que est\u00e1 solo. Morena y su \u00e9lite valen un sorbete en eso de manipular voluntades y de movilizar a las multitudes.<\/p>\n<p style=\"text-align: center;\"><strong>Los caudillos tambi\u00e9n apestan<\/strong><\/p>\n<p>De manera tal, el \u201ccaudillo\u201d tiene claro que su \u201ccorcholata\u201d Sheinbaum fue la gran perdedora en la Revocaci\u00f3n de Mandato. Y que le queda poco tiempo para impulsar la reforma electoral que le garantice el triunfo en las urnas, en 2024, para Claudia, Augusto, Roc\u00edo o cualquiera que entienda la lealtad a ciegas.<\/p>\n<p>Marcelo Ebrard y Ricardo Monreal tienen independencia y son lopezobradoristas de hueso colorado, pero ninguno de los dos dudar\u00eda en gritar, llegado el momento, \u201c\u00a1viva el rey! \u00a1Muera el rey!\u201d.<\/p>\n<p>Y L\u00f3pez Obrador no quiere que se repita la historia de Plutarco El\u00edas Calles y L\u00e1zaro C\u00e1rdenas.<\/p>\n<p>Para quien no la conozca, ah\u00ed les va.<\/p>\n<p>El 10 de abril de 1936, el \u201ccaudillo\u201d Calles se fue a dormir afectado por una gripe. A las 9 de la noche toc\u00f3 a la puerta de su casa campestre en Santa B\u00e1rbara, Texcoco, el general brigadier Navarro Cortina.<\/p>\n<p>Palabras m\u00e1s, palabras menos, el enviado explic\u00f3:<\/p>\n<p>\u2014Se\u00f1or general, debo informarle que por \u00f3rdenes del Presidente de la Rep\u00fablica (L\u00e1zaro C\u00e1rdenas) debe usted abandonar el pa\u00eds, ma\u00f1ana temprano. He de acompa\u00f1arlo hasta el aer\u00f3dromo de Balbuena (a\u00fan no estaba el Felipe \u00c1ngeles) donde ha sido dispuesto un avi\u00f3n especial para trasladarlo al extranjero.<\/p>\n<p>Plutarco ya se ol\u00eda la felon\u00eda de C\u00e1rdenas. Interrog\u00f3 a Navarro.<\/p>\n<p><em>\u2014\u00bfConoce usted el motivo?<\/em><\/p>\n<p>\u2014No mi general, s\u00f3lo s\u00e9 que son instrucciones del se\u00f1or presidente C\u00e1rdenas.<\/p>\n<p><em>\u2014Debe existir una raz\u00f3n.<\/em><\/p>\n<p>\u2014Creo que se trata de razones de salud p\u00fablica.<\/p>\n<p>El \u201ccaudillo\u201d El\u00edas fue desterrado a Brownsville junto con el l\u00edder obrero Luis Morones, Melchor Ortega, el diputado Luis Le\u00f3n y Alfredo El\u00edas, hijo de Plutarco, quien de ser todopoderoso pas\u00f3 a ser un apestado del presidente L\u00e1zaro C\u00e1rdenas, en esos momentos el m\u00e1s querido.<\/p>\n<p><a href=\"mailto:donrunrun@yahoo.es\" target=\"_blank\" rel=\"noopener\"><em>donrunrun@yahoo.es<\/em><\/a><\/p>\n","protected":false},"excerpt":{"rendered":"<p><span style=\"color: #005497;\"><strong>Francisco Reynoso<\/strong><\/span><br \/>\n<br \/>\nSeg\u00fan el \u201ccaudillo\u201d L\u00f3pez y los morenazos que lidera Mario Delgado, la consulta de Revocaci\u00f3n de Mandato fue \u201ctodo un \u00e9xito\u201d.<\/p>\n","protected":false},"author":3,"featured_media":0,"comment_status":"open","ping_status":"open","sticky":false,"template":"","format":"standard","meta":{"_monsterinsights_skip_tracking":false,"_monsterinsights_sitenote_active":false,"_monsterinsights_sitenote_note":"","_monsterinsights_sitenote_category":0,"footnotes":""},"categories":[94855],"tags":[94857,43674,94856],"class_list":["post-542768","post","type-post","status-publish","format-standard","hentry","category-francisco-reynoso","tag-francisco-reynoso","tag-opinion","tag-triple-erre"],"_links":{"self":[{"href":"https:\/\/www.diarioimagen.net\/index.php?rest_route=\/wp\/v2\/posts\/542768","targetHints":{"allow":["GET"]}}],"collection":[{"href":"https:\/\/www.diarioimagen.net\/index.php?rest_route=\/wp\/v2\/posts"}],"about":[{"href":"https:\/\/www.diarioimagen.net\/index.php?rest_route=\/wp\/v2\/types\/post"}],"author":[{"embeddable":true,"href":"https:\/\/www.diarioimagen.net\/index.php?rest_route=\/wp\/v2\/users\/3"}],"replies":[{"embeddable":true,"href":"https:\/\/www.diarioimagen.net\/index.php?rest_route=%2Fwp%2Fv2%2Fcomments&post=542768"}],"version-history":[{"count":0,"href":"https:\/\/www.diarioimagen.net\/index.php?rest_route=\/wp\/v2\/posts\/542768\/revisions"}],"wp:attachment":[{"href":"https:\/\/www.diarioimagen.net\/index.php?rest_route=%2Fwp%2Fv2%2Fmedia&parent=542768"}],"wp:term":[{"taxonomy":"category","embeddable":true,"href":"https:\/\/www.diarioimagen.net\/index.php?rest_route=%2Fwp%2Fv2%2Fcategories&post=542768"},{"taxonomy":"post_tag","embeddable":true,"href":"https:\/\/www.diarioimagen.net\/index.php?rest_route=%2Fwp%2Fv2%2Ftags&post=542768"}],"curies":[{"name":"wp","href":"https:\/\/api.w.org\/{rel}","templated":true}]}}