{"id":542897,"date":"2022-04-13T00:06:05","date_gmt":"2022-04-13T05:06:05","guid":{"rendered":"https:\/\/www.diarioimagen.net\/?p=542897"},"modified":"2022-04-14T00:51:38","modified_gmt":"2022-04-14T05:51:38","slug":"seguridad-economica-principal-vulnerabilidad-en-la-vejez","status":"publish","type":"post","link":"https:\/\/www.diarioimagen.net\/?p=542897","title":{"rendered":"Seguridad econ\u00f3mica, principal vulnerabilidad en la vejez"},"content":{"rendered":"<p><em>\u00a0<\/em><\/p>\n<ul>\n<li><strong><em>Durante esta etapa existen ciertas desigualdades econ\u00f3micas en torno al g\u00e9nero que parten desde la ni\u00f1ez y que se van acumulando a lo largo de la vida<\/em><\/strong><\/li>\n<\/ul>\n<p>&nbsp;<\/p>\n<div id=\"attachment_542978\" style=\"width: 470px\" class=\"wp-caption aligncenter\"><a href=\"https:\/\/www.diarioimagen.net\/?attachment_id=542978\" rel=\"attachment wp-att-542978\"><img loading=\"lazy\" decoding=\"async\" aria-describedby=\"caption-attachment-542978\" class=\"size-full wp-image-542978\" src=\"https:\/\/www.diarioimagen.net\/wp-content\/uploads\/2022\/04\/uaem-6.jpg\" alt=\"\" width=\"460\" height=\"270\" \/><\/a><p id=\"caption-attachment-542978\" class=\"wp-caption-text\">Una de estas desigualdades es en la educaci\u00f3n, siendo que las mujeres no siempre pueden acceder a ella, d\u00e1ndole a los varones una mayor participaci\u00f3n en actividades econ\u00f3micas.<\/p><\/div>\n<p>&nbsp;<\/p>\n<p><strong>Toluca, Estado de M\u00e9xico.\u2014 <\/strong>Es importante brindar seguridad econ\u00f3mica durante la vejez para garantizar el cuidado de la salud y la vivienda, as\u00ed como brindar una mayor autonom\u00eda y bienes de consumo en este tramo de la vida, asegur\u00f3 Isalia Nava Bola\u00f1os, especialista del Instituto de Investigaciones Econ\u00f3mica de la Universidad Nacional Aut\u00f3noma de M\u00e9xico (UNAM), en el marco del Seminario Permanente de G\u00e9nero, Violencia y Pol\u00edticas P\u00fablicas de la Universidad Aut\u00f3noma del Estado de M\u00e9xico (UAEM\u00e9x).<\/p>\n<p>En redes sociales de la M\u00e1xima Casa de Estudios mexiquense explic\u00f3 que la seguridad econ\u00f3mica es la capacidad de que disponen las personas para adquirir de forma independiente de una cantidad de recursos econ\u00f3micos que van a tener ciertas particularidades, una de ellas es que tienen que ser recibidos de manera regular y que sean suficientes para garantizar una buena calidad de vida y atender las necesidades que se presenten a lo largo de la vida.<\/p>\n<p>En el caso particular de la vejez o edad avanzada se llega a un momento en la vida en el cual ya no se pueden obtener esos ingresos de manera regular o tradicional, por lo tanto, se necesitan ocupar otro tipo de mecanismos para poder satisfacer necesidades b\u00e1sicas como la vivienda y la salud.<\/p>\n<p>Nava Bola\u00f1os explic\u00f3 que durante la vejez existen ciertas desigualdades econ\u00f3micas en torno al g\u00e9nero que parten desde la ni\u00f1ez y que se van acumulan a lo largo de la vida.\u00a0 Una de estas desigualdades es en la educaci\u00f3n, siendo que las mujeres no siempre pueden acceder a ella, d\u00e1ndole a los varones una mayor participaci\u00f3n en actividades econ\u00f3micas.<\/p>\n<p>En este sentido, mencion\u00f3 que es importante hablar de estas desigualdades de g\u00e9nero vinculadas con la econom\u00eda, ya que dentro del mercado laboral, el trabajo de las mujeres se han invisibilizado, debido a que realizan trabajos de cuidado y dom\u00e9sticos, lo cual tambi\u00e9n es importante para la sostenibilidad de la vida humana; sin embargo, es invisibilizado por desarrollarse en el \u00e1mbito de lo privado y sin una retribuci\u00f3n econ\u00f3mica, mientras que la contribuci\u00f3n masculina es mayormente reconocida debido a que se desarrolla en el \u00e1mbito de lo p\u00fablico.<\/p>\n<p>La doctora en estudios de poblaci\u00f3n explic\u00f3 que en M\u00e9xico se ha observado un aumento en la poblaci\u00f3n de personas mayores, por ello es necesario garantizar a la poblaci\u00f3n recursos econ\u00f3micos que le permitan gozar de seguridad econ\u00f3mica, lo que puede evitar que las personas al entrar a la edad adulta caigan en una situaci\u00f3n de pobreza, asegurando el bienestar de la vejez, una buena calidad de vida y subsistir con buenas condiciones econ\u00f3micas, brind\u00e1ndoles una mayor autonom\u00eda y bienes de consumo en este tramo de la vida.<\/p>\n<p>Concluy\u00f3 que para brindar seguridad econ\u00f3mica en la vejez es necesario dise\u00f1ar pol\u00edticas p\u00fablicas con acciones e instrumentos relacionados con las pensiones, que\u00a0 establezcan mecanismos de seguridad econ\u00f3mica, no solo de cobertura, revisando\u00a0 los montos, pensando las estrategias para cubrir a los sectores de mayor desventaja y que protejan a los grupos que no cuentan con estos apoyos en las edades avanzadas a partir de programas de apoyo gubernamental.<\/p>\n","protected":false},"excerpt":{"rendered":"<p>Es importante brindar seguridad econ\u00f3mica durante la vejez para garantizar el cuidado de la salud y la vivienda, as\u00ed como brindar una mayor autonom\u00eda y bienes de consumo en este tramo de la vida, asegur\u00f3 Isalia Nava Bola\u00f1os, especialista del Instituto de Investigaciones Econ\u00f3mica de la Universidad Nacional Aut\u00f3noma de M\u00e9xico (UNAM), en el marco del Seminario Permanente de G\u00e9nero, Violencia y Pol\u00edticas P\u00fablicas de la Universidad Aut\u00f3noma del Estado de M\u00e9xico (UAEM\u00e9x).<\/p>\n","protected":false},"author":3,"featured_media":542978,"comment_status":"open","ping_status":"open","sticky":false,"template":"","format":"standard","meta":{"_monsterinsights_skip_tracking":false,"_monsterinsights_sitenote_active":false,"_monsterinsights_sitenote_note":"","_monsterinsights_sitenote_category":0,"footnotes":""},"categories":[5],"tags":[43677,23840,71521],"class_list":["post-542897","post","type-post","status-publish","format-standard","has-post-thumbnail","hentry","category-estado-de-mexico","tag-seguridad","tag-vejez","tag-vulnerabilidad"],"_links":{"self":[{"href":"https:\/\/www.diarioimagen.net\/index.php?rest_route=\/wp\/v2\/posts\/542897","targetHints":{"allow":["GET"]}}],"collection":[{"href":"https:\/\/www.diarioimagen.net\/index.php?rest_route=\/wp\/v2\/posts"}],"about":[{"href":"https:\/\/www.diarioimagen.net\/index.php?rest_route=\/wp\/v2\/types\/post"}],"author":[{"embeddable":true,"href":"https:\/\/www.diarioimagen.net\/index.php?rest_route=\/wp\/v2\/users\/3"}],"replies":[{"embeddable":true,"href":"https:\/\/www.diarioimagen.net\/index.php?rest_route=%2Fwp%2Fv2%2Fcomments&post=542897"}],"version-history":[{"count":0,"href":"https:\/\/www.diarioimagen.net\/index.php?rest_route=\/wp\/v2\/posts\/542897\/revisions"}],"wp:featuredmedia":[{"embeddable":true,"href":"https:\/\/www.diarioimagen.net\/index.php?rest_route=\/wp\/v2\/media\/542978"}],"wp:attachment":[{"href":"https:\/\/www.diarioimagen.net\/index.php?rest_route=%2Fwp%2Fv2%2Fmedia&parent=542897"}],"wp:term":[{"taxonomy":"category","embeddable":true,"href":"https:\/\/www.diarioimagen.net\/index.php?rest_route=%2Fwp%2Fv2%2Fcategories&post=542897"},{"taxonomy":"post_tag","embeddable":true,"href":"https:\/\/www.diarioimagen.net\/index.php?rest_route=%2Fwp%2Fv2%2Ftags&post=542897"}],"curies":[{"name":"wp","href":"https:\/\/api.w.org\/{rel}","templated":true}]}}