{"id":542909,"date":"2022-04-13T00:02:44","date_gmt":"2022-04-13T05:02:44","guid":{"rendered":"https:\/\/www.diarioimagen.net\/?p=542909"},"modified":"2022-04-13T04:28:49","modified_gmt":"2022-04-13T09:28:49","slug":"15-millones-de-mexicanos-no-creen-en-amlo-afirma-lider-del-pan-en-edomex","status":"publish","type":"post","link":"https:\/\/www.diarioimagen.net\/?p=542909","title":{"rendered":"15 millones de mexicanos no creen en AMLO, afirma l\u00edder del PAN en Edomex"},"content":{"rendered":"<p>&nbsp;<\/p>\n<ul>\n<li><strong><em>Consulta, lejos de sus expectativas: Anuar Azar\u00a0<\/em><\/strong><\/li>\n<\/ul>\n<p>&nbsp;<\/p>\n<h6>Arturo Baena<\/h6>\n<p>&nbsp;<\/p>\n<div id=\"attachment_543000\" style=\"width: 470px\" class=\"wp-caption aligncenter\"><a href=\"https:\/\/www.diarioimagen.net\/?attachment_id=543000\" rel=\"attachment wp-att-543000\"><img loading=\"lazy\" decoding=\"async\" aria-describedby=\"caption-attachment-543000\" class=\"size-full wp-image-543000\" src=\"https:\/\/www.diarioimagen.net\/wp-content\/uploads\/2022\/04\/naucalpan-8.jpg\" alt=\"\" width=\"460\" height=\"270\" \/><\/a><p id=\"caption-attachment-543000\" class=\"wp-caption-text\">Alexander Torres Rodr\u00edguez, certificado en la elaboraci\u00f3n de informes de sostenibilidad por la Global Reporting Initiative (GRI), se\u00f1al\u00f3 la importancia de estandarizar el pensamiento de los sujetos, de manera que estos logren repensar sus h\u00e1bitos de consumo.<\/p><\/div>\n<p>&nbsp;<\/p>\n<p><strong>Naucalpan, Estado de M\u00e9xico.\u2014<\/strong> Ocho de cada 10 mexicanas y mexicanos decidieron no participar en la farsa del Gobierno federal. Manipularon programas sociales, rellenaron urnas y quedaron lej\u00edsimos de sus expectativas.<\/p>\n<p>Afirm\u00f3 entrevista,\u00a0Anuar Azar Figueroa, presidente del Partido Acci\u00f3n Nacional (PAN)\u00a0 en el Estado de M\u00e9xico, al tiempo de agregar que \u201cel presidente nacional de Morena, acarre\u00f3 votantes, lo cual fue denunciado ante el Instituto Nacional Electoral (INE). Quedaron lej\u00edsimos de cumplir su expectativa. Vamos por buen camino y vamos a seguir defendiendo la dignidad de las familias\u201d, dijo.<\/p>\n<p>El rotundo fracaso de la farsa llamada \u201cRevocaci\u00f3n de Mandato\u201d signific\u00f3 el derroche de 1,700 millones de pesos, recursos con los que se dej\u00f3 de comprar millones de medicamentos para ni\u00f1os con c\u00e1ncer, mujeres y hombres; de igual forma, para abrir estancias infantiles, nuevas escuelas y brindar seguridad a las y los mexicanos.<\/p>\n<p>Es claro que el fracaso rotundo de L\u00f3pez Obrador se materializ\u00f3 con el desaire de la gente. Perdi\u00f3 por lo menos15 millones de los votos que recibi\u00f3 en 2018. El mensaje de la ciudadan\u00eda al Presidente de no salir a votar 8 de cada 10 mexicanas y mexicanos le dicen al mandatario que ya basta de despilfarro y de politiquer\u00edas, que son tiempos de trabajar por el pa\u00eds.<\/p>\n<p>Hoy el mensaje es claro: \u201cYa basta de circo, morena y teatro\u201d. Hoy la gente le ha dicho no al presidente L\u00f3pez Obrador. Ya basta de mentiras, es hora de dar resultados, sin pretextos, dijo Anuar Azar. \u00a0 Agreg\u00f3: Ni con d\u00e1divas, ni con amenazas lograron llevar a 15 millones de ciudadanos que creyeron en el Presidente en 2018. Se quedaron muy, pero muy lejos de los 30 millones de votos que obtuvieron en el 2018.<\/p>\n<p>\u00a1S\u00ed, hay de otra! Los gobiernos de Acci\u00f3n Nacional est\u00e1n comprometidos con la democracia<\/p>\n<p>Acci\u00f3n Nacional seguir\u00e1 alzando la voz por un pa\u00eds libre, que garantice una mejor calidad de vida, con salud, seguridad y empleo para todas y todos los mexicanos, que permita tener un ingreso familiar digno y se restablezca la estabilidad y confianza de M\u00e9xico, pero sobre todo que exista democracia, trasparencia y libertad de expresi\u00f3n.<\/p>\n<p><strong>\u00ac\u00ac\u00ac<br \/>\n<\/strong><\/p>\n<p><strong>Anuar Azar Figueroa,<\/strong> presidente del PAN en el Estado de M\u00e9xico, se\u00f1al\u00f3 que fue un rotundo fracaso la llamada consulta para Revocaci\u00f3n de Mandato.<\/p>\n","protected":false},"excerpt":{"rendered":"<p>Ocho de cada 10 mexicanas y mexicanos decidieron no participar en la farsa del Gobierno federal. Manipularon programas sociales, rellenaron urnas y quedaron lej\u00edsimos de sus expectativas.<\/p>\n","protected":false},"author":3,"featured_media":543000,"comment_status":"open","ping_status":"open","sticky":false,"template":"","format":"standard","meta":{"_monsterinsights_skip_tracking":false,"_monsterinsights_sitenote_active":false,"_monsterinsights_sitenote_note":"","_monsterinsights_sitenote_category":0,"footnotes":""},"categories":[5],"tags":[2545,43675,970,91],"class_list":["post-542909","post","type-post","status-publish","format-standard","has-post-thumbnail","hentry","category-estado-de-mexico","tag-amlo","tag-estado-de-mexico","tag-naucalpan","tag-pan"],"_links":{"self":[{"href":"https:\/\/www.diarioimagen.net\/index.php?rest_route=\/wp\/v2\/posts\/542909","targetHints":{"allow":["GET"]}}],"collection":[{"href":"https:\/\/www.diarioimagen.net\/index.php?rest_route=\/wp\/v2\/posts"}],"about":[{"href":"https:\/\/www.diarioimagen.net\/index.php?rest_route=\/wp\/v2\/types\/post"}],"author":[{"embeddable":true,"href":"https:\/\/www.diarioimagen.net\/index.php?rest_route=\/wp\/v2\/users\/3"}],"replies":[{"embeddable":true,"href":"https:\/\/www.diarioimagen.net\/index.php?rest_route=%2Fwp%2Fv2%2Fcomments&post=542909"}],"version-history":[{"count":0,"href":"https:\/\/www.diarioimagen.net\/index.php?rest_route=\/wp\/v2\/posts\/542909\/revisions"}],"wp:featuredmedia":[{"embeddable":true,"href":"https:\/\/www.diarioimagen.net\/index.php?rest_route=\/wp\/v2\/media\/543000"}],"wp:attachment":[{"href":"https:\/\/www.diarioimagen.net\/index.php?rest_route=%2Fwp%2Fv2%2Fmedia&parent=542909"}],"wp:term":[{"taxonomy":"category","embeddable":true,"href":"https:\/\/www.diarioimagen.net\/index.php?rest_route=%2Fwp%2Fv2%2Fcategories&post=542909"},{"taxonomy":"post_tag","embeddable":true,"href":"https:\/\/www.diarioimagen.net\/index.php?rest_route=%2Fwp%2Fv2%2Ftags&post=542909"}],"curies":[{"name":"wp","href":"https:\/\/api.w.org\/{rel}","templated":true}]}}