{"id":542910,"date":"2022-04-13T00:01:19","date_gmt":"2022-04-13T05:01:19","guid":{"rendered":"https:\/\/www.diarioimagen.net\/?p=542910"},"modified":"2022-04-13T04:32:44","modified_gmt":"2022-04-13T09:32:44","slug":"el-10-de-abril-historico-para-mexico-destaca-el-legislador-morenista-maurilio-hernandez","status":"publish","type":"post","link":"https:\/\/www.diarioimagen.net\/?p=542910","title":{"rendered":"El 10 de abril, hist\u00f3rico para M\u00e9xico, destaca el legislador morenista Maurilio Hern\u00e1ndez"},"content":{"rendered":"<p>&nbsp;<\/p>\n<ul>\n<li><strong><em>\u201cSe frefrend\u00f3 el apoyo al Presidente\u201d<\/em><\/strong><\/li>\n<\/ul>\n<p>&nbsp;<\/p>\n<h6>Manuel Mu\u00f1iz<\/h6>\n<p>&nbsp;<\/p>\n<div id=\"attachment_543009\" style=\"width: 470px\" class=\"wp-caption aligncenter\"><a href=\"https:\/\/www.diarioimagen.net\/?attachment_id=543009\" rel=\"attachment wp-att-543009\"><img loading=\"lazy\" decoding=\"async\" aria-describedby=\"caption-attachment-543009\" class=\"size-full wp-image-543009\" src=\"https:\/\/www.diarioimagen.net\/wp-content\/uploads\/2022\/04\/tultitlan.jpg\" alt=\"\" width=\"460\" height=\"270\" \/><\/a><p id=\"caption-attachment-543009\" class=\"wp-caption-text\">El presidente de la Junta de Coordinaci\u00f3n Pol\u00edtica del Congreso mexiquense, Maurilio Hern\u00e1ndez, reconoci\u00f3 a los millones de mexicanos que participaron en la jornada c\u00edvica.<\/p><\/div>\n<p>&nbsp;<\/p>\n<p><strong>Tultitlan, Estado de M\u00e9xico.\u2014<\/strong> Maurilio Hern\u00e1ndez, presidente del Grupo Parlamentario de Morena en la entidad mexiquense declar\u00f3 que la jornada de Revocaci\u00f3n de Mandato, demostr\u00f3 a todas aquellas posiciones conservadoras, que cuando el pueblo toma la decisi\u00f3n, se moviliza y sobre todo se expresa por la v\u00eda pac\u00edfica y democr\u00e1tica para cambiar este estado y el pa\u00eds.<\/p>\n<p>\u201cEl domingo, fue un d\u00eda hist\u00f3rico, porque marc\u00f3 la pauta de que muchos millones de mexicanos queremos transformar el estado y queremos transformar a nuestro pa\u00eds, porque con un tercio de las casillas que normalmente se establecen para una elecci\u00f3n ordinaria, logramos lo que nadie hab\u00eda logrado, demostrar que el cambio en M\u00e9xico y en nuestro estado viene avanzando con mucha firmeza\u201d, dijo.<\/p>\n<p>Luego de la consulta de Revocaci\u00f3n de Mandato, donde de acuerdo a cifras oficiales, participaron 16 millones 501 mil 137 personas en todo pa\u00eds y en el Estado de M\u00e9xico, 1 mill\u00f3n 967 mil 340 ciudadanos, el tambi\u00e9n presidente de la Junta de Coordinaci\u00f3n Pol\u00edtica del Congreso mexiquense reconoci\u00f3 a los millones de mexicanos que participaron en esta jornada y destac\u00f3 que \u201csalimos a manifestar nuestra decisi\u00f3n hist\u00f3rica para efecto de seguir fortaleciendo la democracia\u201d.<\/p>\n<p>Sostuvo que millones de mexicanas y mexicanos refrendaron su apoyo al Presidente de la Republica, Andr\u00e9s Manuel L\u00f3pez Obrador para que \u201ccontin\u00fae dando lo mejor de s\u00ed, para poder cambiar el estado de cosas que prevalece en nuestro pa\u00eds\u201d.<\/p>\n","protected":false},"excerpt":{"rendered":"<p>Maurilio Hern\u00e1ndez, presidente del Grupo Parlamentario de Morena en la entidad mexiquense declar\u00f3 que la jornada de Revocaci\u00f3n de Mandato, demostr\u00f3 a todas aquellas posiciones conservadoras, que cuando el pueblo toma la decisi\u00f3n, se moviliza y sobre todo se expresa por la v\u00eda pac\u00edfica y democr\u00e1tica para cambiar este estado y el pa\u00eds.<\/p>\n","protected":false},"author":3,"featured_media":543009,"comment_status":"open","ping_status":"open","sticky":false,"template":"","format":"standard","meta":{"_monsterinsights_skip_tracking":false,"_monsterinsights_sitenote_active":false,"_monsterinsights_sitenote_note":"","_monsterinsights_sitenote_category":0,"footnotes":""},"categories":[5],"tags":[43675,74991,95211,77235,578],"class_list":["post-542910","post","type-post","status-publish","format-standard","has-post-thumbnail","hentry","category-estado-de-mexico","tag-estado-de-mexico","tag-historico","tag-legislador","tag-morenista","tag-tultitlan"],"_links":{"self":[{"href":"https:\/\/www.diarioimagen.net\/index.php?rest_route=\/wp\/v2\/posts\/542910","targetHints":{"allow":["GET"]}}],"collection":[{"href":"https:\/\/www.diarioimagen.net\/index.php?rest_route=\/wp\/v2\/posts"}],"about":[{"href":"https:\/\/www.diarioimagen.net\/index.php?rest_route=\/wp\/v2\/types\/post"}],"author":[{"embeddable":true,"href":"https:\/\/www.diarioimagen.net\/index.php?rest_route=\/wp\/v2\/users\/3"}],"replies":[{"embeddable":true,"href":"https:\/\/www.diarioimagen.net\/index.php?rest_route=%2Fwp%2Fv2%2Fcomments&post=542910"}],"version-history":[{"count":0,"href":"https:\/\/www.diarioimagen.net\/index.php?rest_route=\/wp\/v2\/posts\/542910\/revisions"}],"wp:featuredmedia":[{"embeddable":true,"href":"https:\/\/www.diarioimagen.net\/index.php?rest_route=\/wp\/v2\/media\/543009"}],"wp:attachment":[{"href":"https:\/\/www.diarioimagen.net\/index.php?rest_route=%2Fwp%2Fv2%2Fmedia&parent=542910"}],"wp:term":[{"taxonomy":"category","embeddable":true,"href":"https:\/\/www.diarioimagen.net\/index.php?rest_route=%2Fwp%2Fv2%2Fcategories&post=542910"},{"taxonomy":"post_tag","embeddable":true,"href":"https:\/\/www.diarioimagen.net\/index.php?rest_route=%2Fwp%2Fv2%2Ftags&post=542910"}],"curies":[{"name":"wp","href":"https:\/\/api.w.org\/{rel}","templated":true}]}}