{"id":542913,"date":"2022-04-13T00:04:38","date_gmt":"2022-04-13T05:04:38","guid":{"rendered":"https:\/\/www.diarioimagen.net\/?p=542913"},"modified":"2022-04-13T04:33:10","modified_gmt":"2022-04-13T09:33:10","slug":"inicia-en-huixquilucan-programa-escuelas-captadoras-de-vida","status":"publish","type":"post","link":"https:\/\/www.diarioimagen.net\/?p=542913","title":{"rendered":"Inicia en Huixquilucan programa Escuelas Captadoras de Vida"},"content":{"rendered":"<p>&nbsp;<\/p>\n<p><a href=\"https:\/\/www.diarioimagen.net\/?attachment_id=543005\" rel=\"attachment wp-att-543005\"><img loading=\"lazy\" decoding=\"async\" class=\"aligncenter wp-image-543005 size-full\" src=\"https:\/\/www.diarioimagen.net\/wp-content\/uploads\/2022\/04\/huixquilucan-3.jpg\" alt=\"\" width=\"460\" height=\"270\" \/><\/a><\/p>\n<p>&nbsp;<\/p>\n<p><strong>Huixquilucan, Estado de M\u00e9xico.\u2014<\/strong> Como parte del compromiso que tiene la administraci\u00f3n municipal para impulsar la educaci\u00f3n y la salud de las ni\u00f1as y ni\u00f1os, el gobierno y el Sistema Aguas de Huixquilucan dieron inicio al programa Escuelas Captadoras de Vida, con el que se instalar\u00e1n sistemas de recolecci\u00f3n de agua pluvial en instituciones educativas de esta demarcaci\u00f3n, la cual se aprovechar\u00e1 para mejorar las condiciones sanitarias y de higiene de los planteles, al tiempo en que se avanza hacia la sustentabilidad y el cuidado del medio ambiente.<\/p>\n<p>Al acudir a la Escuela Primaria \u201cAdolfo L\u00f3pez Mateos\u201d, en la colonia El Pedregal, la presidenta municipal, Romina Contreras Carrasco, se\u00f1al\u00f3 que el objetivo de este programa es cuidar de la salud de los estudiantes, docentes y personal administrativo, pues, con este sistema, las escuelas podr\u00e1n almacenar agua de lluvia que emplear\u00e1n para la limpieza y descargas de los sanitarios, as\u00ed como para el lavado frecuente de manos y de las aulas, especialmente, tras la pandemia de Covid-19.<\/p>\n","protected":false},"excerpt":{"rendered":"<p>Como parte del compromiso que tiene la administraci\u00f3n municipal para impulsar la educaci\u00f3n y la salud de las ni\u00f1as y ni\u00f1os, el gobierno y el Sistema Aguas de Huixquilucan dieron inicio al programa Escuelas Captadoras de Vida, con el que se instalar\u00e1n sistemas de recolecci\u00f3n de agua pluvial en instituciones educativas de esta demarcaci\u00f3n, la cual se aprovechar\u00e1 para mejorar las condiciones sanitarias y de higiene de los planteles, al tiempo en que se avanza hacia la sustentabilidad y el cuidado del medio ambiente.<\/p>\n","protected":false},"author":3,"featured_media":543005,"comment_status":"open","ping_status":"open","sticky":false,"template":"","format":"standard","meta":{"_monsterinsights_skip_tracking":false,"_monsterinsights_sitenote_active":false,"_monsterinsights_sitenote_note":"","_monsterinsights_sitenote_category":0,"footnotes":""},"categories":[5],"tags":[95212,43675,1097],"class_list":["post-542913","post","type-post","status-publish","format-standard","has-post-thumbnail","hentry","category-estado-de-mexico","tag-escuelas-captadoras-de-vida","tag-estado-de-mexico","tag-huixquilucan"],"_links":{"self":[{"href":"https:\/\/www.diarioimagen.net\/index.php?rest_route=\/wp\/v2\/posts\/542913","targetHints":{"allow":["GET"]}}],"collection":[{"href":"https:\/\/www.diarioimagen.net\/index.php?rest_route=\/wp\/v2\/posts"}],"about":[{"href":"https:\/\/www.diarioimagen.net\/index.php?rest_route=\/wp\/v2\/types\/post"}],"author":[{"embeddable":true,"href":"https:\/\/www.diarioimagen.net\/index.php?rest_route=\/wp\/v2\/users\/3"}],"replies":[{"embeddable":true,"href":"https:\/\/www.diarioimagen.net\/index.php?rest_route=%2Fwp%2Fv2%2Fcomments&post=542913"}],"version-history":[{"count":0,"href":"https:\/\/www.diarioimagen.net\/index.php?rest_route=\/wp\/v2\/posts\/542913\/revisions"}],"wp:featuredmedia":[{"embeddable":true,"href":"https:\/\/www.diarioimagen.net\/index.php?rest_route=\/wp\/v2\/media\/543005"}],"wp:attachment":[{"href":"https:\/\/www.diarioimagen.net\/index.php?rest_route=%2Fwp%2Fv2%2Fmedia&parent=542913"}],"wp:term":[{"taxonomy":"category","embeddable":true,"href":"https:\/\/www.diarioimagen.net\/index.php?rest_route=%2Fwp%2Fv2%2Fcategories&post=542913"},{"taxonomy":"post_tag","embeddable":true,"href":"https:\/\/www.diarioimagen.net\/index.php?rest_route=%2Fwp%2Fv2%2Ftags&post=542913"}],"curies":[{"name":"wp","href":"https:\/\/api.w.org\/{rel}","templated":true}]}}