{"id":542915,"date":"2022-04-13T00:03:02","date_gmt":"2022-04-13T05:03:02","guid":{"rendered":"https:\/\/www.diarioimagen.net\/?p=542915"},"modified":"2022-04-13T04:30:03","modified_gmt":"2022-04-13T09:30:03","slug":"hay-un-gobierno-de-puertas-abiertas-en-naucalpan-alcaldesa-angelica-moya","status":"publish","type":"post","link":"https:\/\/www.diarioimagen.net\/?p=542915","title":{"rendered":"Hay un gobierno de puertas abiertas en Naucalpan: alcaldesa Ang\u00e9lica Moya"},"content":{"rendered":"<p>&nbsp;<\/p>\n<ul>\n<li><strong><em>Toma de protesta a integrantes de los Copaci<\/em><\/strong><\/li>\n<\/ul>\n<p>&nbsp;<\/p>\n<h6>Arturo Baena<\/h6>\n<p>&nbsp;<\/p>\n<div id=\"attachment_543003\" style=\"width: 470px\" class=\"wp-caption aligncenter\"><a href=\"https:\/\/www.diarioimagen.net\/?attachment_id=543003\" rel=\"attachment wp-att-543003\"><img loading=\"lazy\" decoding=\"async\" aria-describedby=\"caption-attachment-543003\" class=\"size-full wp-image-543003\" src=\"https:\/\/www.diarioimagen.net\/wp-content\/uploads\/2022\/04\/naucalpan-1-2.jpg\" alt=\"\" width=\"460\" height=\"270\" \/><\/a><p id=\"caption-attachment-543003\" class=\"wp-caption-text\">La alcaldesa Ang\u00e9lica Moya reconoci\u00f3 el esfuerzo de todas las personas que hicieron posible las elecciones de delegados, subdelegados e integrantes de los Copaci.<\/p><\/div>\n<p>&nbsp;<\/p>\n<p><strong>Naucalpan, Estado de M\u00e9xico.\u2014<\/strong> Diversos sectores de la poblaci\u00f3n, inclusive partidistas, aplaudieron la labor de la presidenta municipal, Ang\u00e9lica Moya Mar\u00edn, durante la toma de\u00a0 protesta a cerca de mil 200 delegados, subdelegados e integrantes de Consejos de Participaci\u00f3n Ciudadana (Copaci) de 197 comunidades, a los que pidi\u00f3 trabajar de manera coordinada para \u201clevantar r\u00e1pidamente\u201d al municipio.<\/p>\n<p>Moya Mar\u00edn afirm\u00f3 que en la elecci\u00f3n de autoridades auxiliares realizada el 20 de marzo sufragaron m\u00e1s de 105 mil personas, la mayor votaci\u00f3n de este tipo en la historia de Naucalpan, \u201cejercicio que por cierto despert\u00f3 mucho m\u00e1s inter\u00e9s que el proceso que tuvimos el d\u00eda domingo (revocaci\u00f3n de mandato)\u201d, cuando no llegaron a los 43 mil electores.<\/p>\n<p>Indic\u00f3 que en la elecci\u00f3n de autoridades auxiliares participaron cuatro mil 562 ciudadanos como candidatos en 674 f\u00f3rmulas y planillas registradas, lo que refleja el gran inter\u00e9s de la poblaci\u00f3n.<\/p>\n<p>La alcaldesa reconoci\u00f3 el esfuerzo por parte de todas las personas que hicieron posible estas hist\u00f3ricas elecciones, \u201cuna vez m\u00e1s nuestros vecinos hicieron valer sus derechos, confirmando que los valores c\u00edvicos y la participaci\u00f3n ciudadana siguen siendo los motores de un Naucalpan cada vez m\u00e1s democr\u00e1tico y diverso\u201d.<\/p>\n<p>Expres\u00f3 que la administraci\u00f3n municipal tiene las puertas abiertas para todos los ciudadanos, sin excluir a nadie, \u201cpero no vamos a consentir colores, ni sabores, ni sirios y troyanos. El que no quiera trabajar en favor de la comunidad se topar\u00e1 con pared, debemos buscar que la pol\u00edtica no le estorbe al bien com\u00fan y nosotros estaremos atentos para que eso no suceda\u201d.<\/p>\n<p>Jos\u00e9 Luis S\u00e1nchez Vel\u00e1zquez, presidente del Copaci del pueblo Santiago Tepatlaxco, dijo que \u201cvamos a buscar apoyos para los adultos mayores y trabajaremos por mejorar la imagen urbana de nuestro pueblo con alumbrado p\u00fablico y mantenimiento de calles y avenidas. Tenemos confianza en que trabajaremos en coordinaci\u00f3n con la presidenta municipal y los funcionarios\u201d.<\/p>\n","protected":false},"excerpt":{"rendered":"<p>Diversos sectores de la poblaci\u00f3n, inclusive partidistas, aplaudieron la labor de la presidenta municipal, Ang\u00e9lica Moya Mar\u00edn, durante la toma de\u00a0 protesta a cerca de mil 200 delegados, subdelegados e integrantes de Consejos de Participaci\u00f3n Ciudadana (Copaci) de 197 comunidades, a los que pidi\u00f3 trabajar de manera coordinada para \u201clevantar r\u00e1pidamente\u201d al municipio.<\/p>\n","protected":false},"author":3,"featured_media":543003,"comment_status":"open","ping_status":"open","sticky":false,"template":"","format":"standard","meta":{"_monsterinsights_skip_tracking":false,"_monsterinsights_sitenote_active":false,"_monsterinsights_sitenote_note":"","_monsterinsights_sitenote_category":0,"footnotes":""},"categories":[5],"tags":[87919,93139,87920],"class_list":["post-542915","post","type-post","status-publish","format-standard","has-post-thumbnail","hentry","category-estado-de-mexico","tag-abiertas","tag-angelica-moya-marin","tag-puertas"],"_links":{"self":[{"href":"https:\/\/www.diarioimagen.net\/index.php?rest_route=\/wp\/v2\/posts\/542915","targetHints":{"allow":["GET"]}}],"collection":[{"href":"https:\/\/www.diarioimagen.net\/index.php?rest_route=\/wp\/v2\/posts"}],"about":[{"href":"https:\/\/www.diarioimagen.net\/index.php?rest_route=\/wp\/v2\/types\/post"}],"author":[{"embeddable":true,"href":"https:\/\/www.diarioimagen.net\/index.php?rest_route=\/wp\/v2\/users\/3"}],"replies":[{"embeddable":true,"href":"https:\/\/www.diarioimagen.net\/index.php?rest_route=%2Fwp%2Fv2%2Fcomments&post=542915"}],"version-history":[{"count":0,"href":"https:\/\/www.diarioimagen.net\/index.php?rest_route=\/wp\/v2\/posts\/542915\/revisions"}],"wp:featuredmedia":[{"embeddable":true,"href":"https:\/\/www.diarioimagen.net\/index.php?rest_route=\/wp\/v2\/media\/543003"}],"wp:attachment":[{"href":"https:\/\/www.diarioimagen.net\/index.php?rest_route=%2Fwp%2Fv2%2Fmedia&parent=542915"}],"wp:term":[{"taxonomy":"category","embeddable":true,"href":"https:\/\/www.diarioimagen.net\/index.php?rest_route=%2Fwp%2Fv2%2Fcategories&post=542915"},{"taxonomy":"post_tag","embeddable":true,"href":"https:\/\/www.diarioimagen.net\/index.php?rest_route=%2Fwp%2Fv2%2Ftags&post=542915"}],"curies":[{"name":"wp","href":"https:\/\/api.w.org\/{rel}","templated":true}]}}