{"id":543024,"date":"2022-04-14T00:05:13","date_gmt":"2022-04-14T05:05:13","guid":{"rendered":"https:\/\/www.diarioimagen.net\/?p=543024"},"modified":"2022-04-15T01:29:36","modified_gmt":"2022-04-15T06:29:36","slug":"necesario-reconocer-los-cuidados-familiares-como-trabajo-remunerado","status":"publish","type":"post","link":"https:\/\/www.diarioimagen.net\/?p=543024","title":{"rendered":"Necesario, reconocer los cuidados familiares como trabajo remunerado"},"content":{"rendered":"<p>&nbsp;<\/p>\n<ul>\n<li><strong><em>La econom\u00eda del cuidado se refiere a m\u00faltiples actividades que han sido invisibilizadas por la teor\u00eda econ\u00f3mica tradicional, por lo que la perspectiva feminista trabaja en reconocer su contribuci\u00f3n social<\/em><\/strong><\/li>\n<\/ul>\n<p>&nbsp;<\/p>\n<div id=\"attachment_543088\" style=\"width: 470px\" class=\"wp-caption aligncenter\"><a href=\"https:\/\/www.diarioimagen.net\/?attachment_id=543088\" rel=\"attachment wp-att-543088\"><img loading=\"lazy\" decoding=\"async\" aria-describedby=\"caption-attachment-543088\" class=\"size-full wp-image-543088\" src=\"https:\/\/www.diarioimagen.net\/wp-content\/uploads\/2022\/04\/Uaem.jpg\" alt=\"\" width=\"460\" height=\"270\" \/><\/a><p id=\"caption-attachment-543088\" class=\"wp-caption-text\">El trabajo desarrollado en casa por las mujeres es vital para el sustento de la familia y de la vida en general.<\/p><\/div>\n<p>&nbsp;<\/p>\n<p><strong>Toluca, Estado de M\u00e9xico.\u2014 <\/strong>Con el objetivo de analizar al campo como un espacio para repensar el trabajo, los cuidados y el g\u00e9nero, el Instituto de Ciencias Agropecuarias y Rurales (ICAR) de la Universidad Aut\u00f3noma del Estado de M\u00e9xico (UAEM\u00e9x), a trav\u00e9s del Cuerpo Acad\u00e9mico G\u00e9nero, Migraciones y Desigualdades (GeMDe), desarrolla el Seminario \u201cLa vida en el centro. Trabajo, cuidado y g\u00e9nero en territorios rurales\u201d.<\/p>\n<p>La problem\u00e1tica fue expuesta por quienes coordinan el seminario, Norma Baca Tavira y Octavio Guti\u00e9rrez Dom\u00ednguez, en el art\u00edculo \u201cTrabajo, cuidados y g\u00e9nero en territorios rurales\u201d, publicado en el n\u00famero 37 de la Revista Universitaria.<\/p>\n<p>Los expertos subrayan que \u201ces importante identificar la distribuci\u00f3n de los tiempos de trabajo remunerado y no remunerado por g\u00e9nero\u201d para resolver las demandas de cuidado de la sociedad. La econom\u00eda del cuidado, aclaran, se refiere a m\u00faltiples actividades que han sido invisibilizadas por la teor\u00eda econ\u00f3mica tradicional, por lo que la perspectiva feminista trabaja en reconocer su contribuci\u00f3n social.<\/p>\n<p>Asimismo, afirman que el trabajo desarrollado en casa por las mujeres es vital para el sustento de la familia y de la vida en general, como \u201cel cuidado de semillas y plantas, lengua materna, uso de la herbolaria, la parter\u00eda tradicional, los saberes y sus pr\u00e1cticas, entre otras\u201d.<\/p>\n<p>En el seminario, enfatizan, discuten sobre la posibilidad de ver los cuidados compartidos no solo como un trabajo, sino tambi\u00e9n como un derecho y que se reconozca como tal, pues es un bien p\u00fablico que beneficia a la sociedad, la cultura, la econom\u00eda y el ambiente.<\/p>\n<p>La edici\u00f3n completa de Universitaria se encuentra en http:\/\/bit.ly\/universitaria37 y este art\u00edculo en https:\/\/bit.ly\/3CSfQEP<\/p>\n","protected":false},"excerpt":{"rendered":"<p>Con el objetivo de analizar al campo como un espacio para repensar el trabajo, los cuidados y el g\u00e9nero, el Instituto de Ciencias Agropecuarias y Rurales (ICAR) de la Universidad Aut\u00f3noma del Estado de M\u00e9xico (UAEM\u00e9x), a trav\u00e9s del Cuerpo Acad\u00e9mico G\u00e9nero, Migraciones y Desigualdades (GeMDe), desarrolla el Seminario \u201cLa vida en el centro. Trabajo, cuidado y g\u00e9nero en territorios rurales\u201d.<\/p>\n","protected":false},"author":3,"featured_media":543088,"comment_status":"open","ping_status":"open","sticky":false,"template":"","format":"standard","meta":{"_monsterinsights_skip_tracking":false,"_monsterinsights_sitenote_active":false,"_monsterinsights_sitenote_note":"","_monsterinsights_sitenote_category":0,"footnotes":""},"categories":[5],"tags":[43675,72939,452,67878],"class_list":["post-543024","post","type-post","status-publish","format-standard","has-post-thumbnail","hentry","category-estado-de-mexico","tag-estado-de-mexico","tag-icar","tag-toluca","tag-uaemex"],"_links":{"self":[{"href":"https:\/\/www.diarioimagen.net\/index.php?rest_route=\/wp\/v2\/posts\/543024","targetHints":{"allow":["GET"]}}],"collection":[{"href":"https:\/\/www.diarioimagen.net\/index.php?rest_route=\/wp\/v2\/posts"}],"about":[{"href":"https:\/\/www.diarioimagen.net\/index.php?rest_route=\/wp\/v2\/types\/post"}],"author":[{"embeddable":true,"href":"https:\/\/www.diarioimagen.net\/index.php?rest_route=\/wp\/v2\/users\/3"}],"replies":[{"embeddable":true,"href":"https:\/\/www.diarioimagen.net\/index.php?rest_route=%2Fwp%2Fv2%2Fcomments&post=543024"}],"version-history":[{"count":0,"href":"https:\/\/www.diarioimagen.net\/index.php?rest_route=\/wp\/v2\/posts\/543024\/revisions"}],"wp:featuredmedia":[{"embeddable":true,"href":"https:\/\/www.diarioimagen.net\/index.php?rest_route=\/wp\/v2\/media\/543088"}],"wp:attachment":[{"href":"https:\/\/www.diarioimagen.net\/index.php?rest_route=%2Fwp%2Fv2%2Fmedia&parent=543024"}],"wp:term":[{"taxonomy":"category","embeddable":true,"href":"https:\/\/www.diarioimagen.net\/index.php?rest_route=%2Fwp%2Fv2%2Fcategories&post=543024"},{"taxonomy":"post_tag","embeddable":true,"href":"https:\/\/www.diarioimagen.net\/index.php?rest_route=%2Fwp%2Fv2%2Ftags&post=543024"}],"curies":[{"name":"wp","href":"https:\/\/api.w.org\/{rel}","templated":true}]}}