{"id":543039,"date":"2022-04-14T00:02:23","date_gmt":"2022-04-14T05:02:23","guid":{"rendered":"https:\/\/www.diarioimagen.net\/?p=543039"},"modified":"2022-04-14T03:10:45","modified_gmt":"2022-04-14T08:10:45","slug":"amlo-tiene-el-apoyo-de-los-mexicanos-sergio-perez-dirigente-de-asociacion-civil","status":"publish","type":"post","link":"https:\/\/www.diarioimagen.net\/?p=543039","title":{"rendered":"AMLO tiene el apoyo de los mexicanos: Sergio P\u00e9rez, dirigente de asociaci\u00f3n civil"},"content":{"rendered":"<p>&nbsp;<\/p>\n<ul>\n<li><strong><em>Promotora de la consulta para Revocaci\u00f3n de Mandato<\/em><\/strong><\/li>\n<\/ul>\n<p>&nbsp;<\/p>\n<div id=\"attachment_543127\" style=\"width: 470px\" class=\"wp-caption aligncenter\"><a href=\"https:\/\/www.diarioimagen.net\/?attachment_id=543127\" rel=\"attachment wp-att-543127\"><img loading=\"lazy\" decoding=\"async\" aria-describedby=\"caption-attachment-543127\" class=\"size-full wp-image-543127\" src=\"https:\/\/www.diarioimagen.net\/wp-content\/uploads\/2022\/04\/toluca-3.jpg\" alt=\"\" width=\"460\" height=\"270\" \/><\/a><p id=\"caption-attachment-543127\" class=\"wp-caption-text\">Sergio P\u00e9rez Hern\u00e1ndez, secretario de \u201cQue siga la democracia\u201d, indic\u00f3 que se cosecharon incre\u00edbles n\u00fameros de participaci\u00f3n\u00a0en la consulta.<\/p><\/div>\n<p>&nbsp;<\/p>\n<p><strong>Toluca, Estado de M\u00e9xico.\u2014<\/strong> La asociaci\u00f3n civil \u201cQue siga la democracia A.C.\u201d ,que preside a nivel nacional, Gabriela Jim\u00e9nez Godoy, principal promotora de la consulta popular sobre Revocaci\u00f3n de Mandato, expres\u00f3 que el domingo 10 de abril se demostr\u00f3 que la mayor\u00eda de los mexicanos est\u00e1n de acuerdo con este tipo de ejercicios democr\u00e1ticos y expresaron que los resultados confirman que Andr\u00e9s Manuel L\u00f3pez Obrador tiene el apoyo de los mexicanos para concretar una transformaci\u00f3n de fondo de la vida pol\u00edtica del pa\u00eds.<\/p>\n<p>Sergio P\u00e9rez Hern\u00e1ndez, secretario de esta organizaci\u00f3n, indic\u00f3 que se cosecharon incre\u00edbles n\u00fameros de participaci\u00f3n, \u201ca pesar de tener casillas dispersas y alejadas de las zonas de concentraci\u00f3n poblacional, y del evidente trabajo que diversos actores pol\u00edticos hicieron para llamar a los ciudadanos a no acudir a las casillas a expresar su opini\u00f3n sobre la continuidad del Presidente de M\u00e9xico\u201d.<\/p>\n<p>Anunci\u00f3 que la organizaci\u00f3n Que siga la democracia solicitar\u00e1, por las v\u00edas institucionales, que el Instituto Nacional Electoral (INE) investigue a fondo y eventualmente sancione a quienes descaradamente montaron una campa\u00f1a en contra de la consulta popular, incluyendo a aquellos que, con actitudes violentas, impidieron la instalaci\u00f3n de casillas en algunos puntos del pa\u00eds, como en el municipio mexiquense de Atenco.<\/p>\n<p>\u201cA pesar de que nos escondieron las casillas el ejercicio democr\u00e1tico se llev\u00f3 a cabo con \u00e9xito, adem\u00e1s de que le vamos a pedir al INE que sancione a esos actores pol\u00edticos porque estuvieron llamando a no votar, que el INE haga su trabajo y que sancione\u201d, puntualiz\u00f3 Sergio P\u00e9rez Hern\u00e1ndez.<\/p>\n<p>Manifest\u00f3 que hay quienes intentan minimizar la importancia de captar 17 millones de votos en esta consulta popular, pero les record\u00f3 que esos 17 millones de votos son m\u00e1s que los que lograron Vicente Fox Quesada y Felipe Calder\u00f3n Hinojosa para llegar la Presidencia de la Rep\u00fablica.<\/p>\n<p>\u201cLogramos 17 millones de votos superando todas las adversidades, y si se hubieran instalado todas las casillas se hubieran tenido m\u00e1s de 43 millones de votos\u201d, asegur\u00f3 P\u00e9rez Hern\u00e1ndez.<\/p>\n","protected":false},"excerpt":{"rendered":"<p>La asociaci\u00f3n civil \u201cQue siga la democracia A.C.\u201d ,que preside a nivel nacional, Gabriela Jim\u00e9nez Godoy, principal promotora de la consulta popular sobre Revocaci\u00f3n de Mandato, expres\u00f3 que el domingo 10 de abril se demostr\u00f3 que la mayor\u00eda de los mexicanos est\u00e1n de acuerdo con este tipo de ejercicios democr\u00e1ticos y expresaron que los resultados confirman que Andr\u00e9s Manuel L\u00f3pez Obrador tiene el apoyo de los mexicanos para concretar una transformaci\u00f3n de fondo de la vida pol\u00edtica del pa\u00eds.<\/p>\n","protected":false},"author":3,"featured_media":543127,"comment_status":"open","ping_status":"open","sticky":false,"template":"","format":"standard","meta":{"_monsterinsights_skip_tracking":false,"_monsterinsights_sitenote_active":false,"_monsterinsights_sitenote_note":"","_monsterinsights_sitenote_category":0,"footnotes":""},"categories":[5],"tags":[2545,95215,43675,452],"class_list":["post-543039","post","type-post","status-publish","format-standard","has-post-thumbnail","hentry","category-estado-de-mexico","tag-amlo","tag-asociacion","tag-estado-de-mexico","tag-toluca"],"_links":{"self":[{"href":"https:\/\/www.diarioimagen.net\/index.php?rest_route=\/wp\/v2\/posts\/543039","targetHints":{"allow":["GET"]}}],"collection":[{"href":"https:\/\/www.diarioimagen.net\/index.php?rest_route=\/wp\/v2\/posts"}],"about":[{"href":"https:\/\/www.diarioimagen.net\/index.php?rest_route=\/wp\/v2\/types\/post"}],"author":[{"embeddable":true,"href":"https:\/\/www.diarioimagen.net\/index.php?rest_route=\/wp\/v2\/users\/3"}],"replies":[{"embeddable":true,"href":"https:\/\/www.diarioimagen.net\/index.php?rest_route=%2Fwp%2Fv2%2Fcomments&post=543039"}],"version-history":[{"count":0,"href":"https:\/\/www.diarioimagen.net\/index.php?rest_route=\/wp\/v2\/posts\/543039\/revisions"}],"wp:featuredmedia":[{"embeddable":true,"href":"https:\/\/www.diarioimagen.net\/index.php?rest_route=\/wp\/v2\/media\/543127"}],"wp:attachment":[{"href":"https:\/\/www.diarioimagen.net\/index.php?rest_route=%2Fwp%2Fv2%2Fmedia&parent=543039"}],"wp:term":[{"taxonomy":"category","embeddable":true,"href":"https:\/\/www.diarioimagen.net\/index.php?rest_route=%2Fwp%2Fv2%2Fcategories&post=543039"},{"taxonomy":"post_tag","embeddable":true,"href":"https:\/\/www.diarioimagen.net\/index.php?rest_route=%2Fwp%2Fv2%2Ftags&post=543039"}],"curies":[{"name":"wp","href":"https:\/\/api.w.org\/{rel}","templated":true}]}}