{"id":543042,"date":"2022-04-14T00:03:26","date_gmt":"2022-04-14T05:03:26","guid":{"rendered":"https:\/\/www.diarioimagen.net\/?p=543042"},"modified":"2022-04-14T03:12:12","modified_gmt":"2022-04-14T08:12:12","slug":"cuautitlan-amanece-con-un-nuevo-rostro-afirma-el-edil-aldo-ledezma","status":"publish","type":"post","link":"https:\/\/www.diarioimagen.net\/?p=543042","title":{"rendered":"Cuautitl\u00e1n amanece con un nuevo rostro, afirma el edil Aldo Ledezma\u00a0"},"content":{"rendered":"<p>&nbsp;<\/p>\n<ul>\n<li><strong><em>Cambio de imagen urbana<\/em><\/strong><\/li>\n<\/ul>\n<p>&nbsp;<\/p>\n<h6>Manuel Mu\u00f1iz<\/h6>\n<p>&nbsp;<\/p>\n<div id=\"attachment_543130\" style=\"width: 470px\" class=\"wp-caption aligncenter\"><a href=\"https:\/\/www.diarioimagen.net\/?attachment_id=543130\" rel=\"attachment wp-att-543130\"><img loading=\"lazy\" decoding=\"async\" aria-describedby=\"caption-attachment-543130\" class=\"size-full wp-image-543130\" src=\"https:\/\/www.diarioimagen.net\/wp-content\/uploads\/2022\/04\/cuautitlan-1.jpg\" alt=\"\" width=\"460\" height=\"270\" \/><\/a><p id=\"caption-attachment-543130\" class=\"wp-caption-text\">El presidente municipal de Cuautitl\u00e1n, Aldo Ledezma, entrega los trabajos de cambio de imagen urbana en la emblem\u00e1tica calzada de Guadalupe y la iglesia del cerrito.<\/p><\/div>\n<p>&nbsp;<\/p>\n<p><strong>Cuautitl\u00e1n, Estado de M\u00e9xico.\u2014<\/strong> Una ciudad con historia como Cuautitl\u00e1n no puede quedar rezagada en el abandono, la apat\u00eda y la indolencia; los cuautitl\u00e9nses somos gente trabajadora y cumplidora, dijo el presidente municipal, Aldo Ledezma Reyna, al entregar ante cientos de vecinos los trabajos de cambio de imagen urbana en la emblem\u00e1tica calzada de Guadalupe y la iglesia del cerrito.<\/p>\n<p>Pintura, bacheo, banquetas, guarniciones, camell\u00f3n, iluminaci\u00f3n, postes y balizamiento son los trabajos que se realizaron en un consenso ejemplar con la participaci\u00f3n de los vecinos entusiastas que aplauden las acciones el nuevo gobierno y que autorizaron la pintura en sus fachadas y que, adem\u00e1s, pusieron de su bolsa la mitad de la pintura, un litro el vecino y un litro el gobierno.<\/p>\n<p>Las obras estuvieron a cargo de profesionales de ingenier\u00eda e imagen urbana de la Direcci\u00f3n General de Desarrollo Metropolitano, quienes en un tiempo r\u00e9cord rehabilitaron el arco de identidad y entrada al municipio con la construcci\u00f3n de 700 metros cuadrados de banquetas, reparaci\u00f3n de guarniciones, remodelaci\u00f3n total del camell\u00f3n central con concreto estampado.<\/p>\n<p>Adem\u00e1s, se colocaron 109 postes nuevos con luminarias led, con el programa litro por litro se aplicaron 5 mil 800 metros cuadrados de pintura, se pintaron herrer\u00eda de casas y limpieza de espacios que se hab\u00edan convertido en basureros.<\/p>\n<p>Esta obra es un ejemplo de que con voluntad se pueden hacer las cosas, dijo el alcalde Aldo Ledezma ante consejos de participaci\u00f3n y comerciantes quienes tambi\u00e9n acudieron a la entrega de la obra, que no s\u00f3lo se ha realizado este trabajo, tambi\u00e9n se han rehabilitado parques y jardines; falta mucho, pero no hemos descansado y seguiremos con el ritmo que demanda nuestro tiempo, haciendo as\u00ed de Cuautitl\u00e1n una ciudad con historia y de vanguardia.<\/p>\n","protected":false},"excerpt":{"rendered":"<p>Una ciudad con historia como Cuautitl\u00e1n no puede quedar rezagada en el abandono, la apat\u00eda y la indolencia; los cuautitl\u00e9nses somos gente trabajadora y cumplidora, dijo el presidente municipal, Aldo Ledezma Reyna, al entregar ante cientos de vecinos los trabajos de cambio de imagen urbana en la emblem\u00e1tica calzada de Guadalupe y la iglesia del cerrito.<\/p>\n","protected":false},"author":3,"featured_media":543130,"comment_status":"open","ping_status":"open","sticky":false,"template":"","format":"standard","meta":{"_monsterinsights_skip_tracking":false,"_monsterinsights_sitenote_active":false,"_monsterinsights_sitenote_note":"","_monsterinsights_sitenote_category":0,"footnotes":""},"categories":[5],"tags":[70005,681,43675],"class_list":["post-543042","post","type-post","status-publish","format-standard","has-post-thumbnail","hentry","category-estado-de-mexico","tag-aldo-ledezma-reyna","tag-cuautitlan","tag-estado-de-mexico"],"_links":{"self":[{"href":"https:\/\/www.diarioimagen.net\/index.php?rest_route=\/wp\/v2\/posts\/543042","targetHints":{"allow":["GET"]}}],"collection":[{"href":"https:\/\/www.diarioimagen.net\/index.php?rest_route=\/wp\/v2\/posts"}],"about":[{"href":"https:\/\/www.diarioimagen.net\/index.php?rest_route=\/wp\/v2\/types\/post"}],"author":[{"embeddable":true,"href":"https:\/\/www.diarioimagen.net\/index.php?rest_route=\/wp\/v2\/users\/3"}],"replies":[{"embeddable":true,"href":"https:\/\/www.diarioimagen.net\/index.php?rest_route=%2Fwp%2Fv2%2Fcomments&post=543042"}],"version-history":[{"count":0,"href":"https:\/\/www.diarioimagen.net\/index.php?rest_route=\/wp\/v2\/posts\/543042\/revisions"}],"wp:featuredmedia":[{"embeddable":true,"href":"https:\/\/www.diarioimagen.net\/index.php?rest_route=\/wp\/v2\/media\/543130"}],"wp:attachment":[{"href":"https:\/\/www.diarioimagen.net\/index.php?rest_route=%2Fwp%2Fv2%2Fmedia&parent=543042"}],"wp:term":[{"taxonomy":"category","embeddable":true,"href":"https:\/\/www.diarioimagen.net\/index.php?rest_route=%2Fwp%2Fv2%2Fcategories&post=543042"},{"taxonomy":"post_tag","embeddable":true,"href":"https:\/\/www.diarioimagen.net\/index.php?rest_route=%2Fwp%2Fv2%2Ftags&post=543042"}],"curies":[{"name":"wp","href":"https:\/\/api.w.org\/{rel}","templated":true}]}}