{"id":543046,"date":"2022-04-14T00:04:54","date_gmt":"2022-04-14T05:04:54","guid":{"rendered":"https:\/\/www.diarioimagen.net\/?p=543046"},"modified":"2022-04-14T03:08:02","modified_gmt":"2022-04-14T08:08:02","slug":"denuncian-en-cuautitlan-izcalli-abusos-en-contra-de-transportistas","status":"publish","type":"post","link":"https:\/\/www.diarioimagen.net\/?p=543046","title":{"rendered":"Denuncian en Cuautitl\u00e1n Izcalli abusos en contra de transportistas"},"content":{"rendered":"<p>&nbsp;<\/p>\n<p><a href=\"https:\/\/www.diarioimagen.net\/?attachment_id=543121\" rel=\"attachment wp-att-543121\"><img loading=\"lazy\" decoding=\"async\" class=\"aligncenter size-full wp-image-543121\" src=\"https:\/\/www.diarioimagen.net\/wp-content\/uploads\/2022\/04\/izcalli.jpg\" alt=\"\" width=\"460\" height=\"270\" \/><\/a><\/p>\n<p>&nbsp;<\/p>\n<p><strong>Cuautitl\u00e1n Izcalli, Estado de M\u00e9xico.\u2014<\/strong> Propietarios y representantes de las m\u00e1s importantes empresas de arrastre, salvamento y dep\u00f3sito de veh\u00edculos (gr\u00faas) afiliadas a la Alianza de Autotransportistas, Comerciantes y Anexas de M\u00e9xico (ACME) se pronunciaron porque se ponga un alto a los abusos de poder y extorsiones en su contra por parte de algunas autoridades \u00a0federales, estatales municipales.<\/p>\n<p>En conferencia de prensa, encabezada por el presidente nacional de ACME Jafet Sainz, en voz de Hugo Piz, Coordinador nacional de la Divisi\u00f3n Gr\u00faas, los transportistas evidenciaron que lejos de ayudar a reactivar la econom\u00eda, algunos funcionarios y elementos de corporaciones de todo nivel siguen con las viejas pr\u00e1cticas de corrupci\u00f3n en contra de este sector que, recalcaron se ven obligados a incrementar los costos de sus servicios a los usuarios, \u201cquienes finalmente tienen que pagar las consecuencias de este c\u00edrculo vicioso generado por malas autoridades\u201d, enfatizaron.<\/p>\n","protected":false},"excerpt":{"rendered":"<p>Propietarios y representantes de las m\u00e1s importantes empresas de arrastre, salvamento y dep\u00f3sito de veh\u00edculos (gr\u00faas) afiliadas a la Alianza de Autotransportistas, Comerciantes y Anexas de M\u00e9xico (ACME) se pronunciaron porque se ponga un alto a los abusos de poder y extorsiones en su contra por parte de algunas autoridades \u00a0federales, estatales municipales.<\/p>\n","protected":false},"author":3,"featured_media":543121,"comment_status":"open","ping_status":"open","sticky":false,"template":"","format":"standard","meta":{"_monsterinsights_skip_tracking":false,"_monsterinsights_sitenote_active":false,"_monsterinsights_sitenote_note":"","_monsterinsights_sitenote_category":0,"footnotes":""},"categories":[5],"tags":[971,43675,12963],"class_list":["post-543046","post","type-post","status-publish","format-standard","has-post-thumbnail","hentry","category-estado-de-mexico","tag-cuautitlan-izcalli","tag-estado-de-mexico","tag-transportistas"],"_links":{"self":[{"href":"https:\/\/www.diarioimagen.net\/index.php?rest_route=\/wp\/v2\/posts\/543046","targetHints":{"allow":["GET"]}}],"collection":[{"href":"https:\/\/www.diarioimagen.net\/index.php?rest_route=\/wp\/v2\/posts"}],"about":[{"href":"https:\/\/www.diarioimagen.net\/index.php?rest_route=\/wp\/v2\/types\/post"}],"author":[{"embeddable":true,"href":"https:\/\/www.diarioimagen.net\/index.php?rest_route=\/wp\/v2\/users\/3"}],"replies":[{"embeddable":true,"href":"https:\/\/www.diarioimagen.net\/index.php?rest_route=%2Fwp%2Fv2%2Fcomments&post=543046"}],"version-history":[{"count":0,"href":"https:\/\/www.diarioimagen.net\/index.php?rest_route=\/wp\/v2\/posts\/543046\/revisions"}],"wp:featuredmedia":[{"embeddable":true,"href":"https:\/\/www.diarioimagen.net\/index.php?rest_route=\/wp\/v2\/media\/543121"}],"wp:attachment":[{"href":"https:\/\/www.diarioimagen.net\/index.php?rest_route=%2Fwp%2Fv2%2Fmedia&parent=543046"}],"wp:term":[{"taxonomy":"category","embeddable":true,"href":"https:\/\/www.diarioimagen.net\/index.php?rest_route=%2Fwp%2Fv2%2Fcategories&post=543046"},{"taxonomy":"post_tag","embeddable":true,"href":"https:\/\/www.diarioimagen.net\/index.php?rest_route=%2Fwp%2Fv2%2Ftags&post=543046"}],"curies":[{"name":"wp","href":"https:\/\/api.w.org\/{rel}","templated":true}]}}