{"id":543081,"date":"2022-04-14T00:10:36","date_gmt":"2022-04-14T05:10:36","guid":{"rendered":"https:\/\/www.diarioimagen.net\/?p=543081"},"modified":"2022-04-18T02:09:57","modified_gmt":"2022-04-18T07:09:57","slug":"claudia-candidata-2","status":"publish","type":"post","link":"https:\/\/www.diarioimagen.net\/?p=543081","title":{"rendered":"Claudia \u00bfcandidata?"},"content":{"rendered":"<h2>De frente y de perfil<\/h2>\n<h5>Ram\u00f3n Zurita Sahag\u00fan<\/h5>\n<p>&nbsp;<\/p>\n<p>Nadie duda de las preferencias presidenciales para que Claudia Sheinbaum sea la candidata presidencial de Morena y por consiguiente, casi, Ejecutiva federal.<\/p>\n<p>Los dados est\u00e1n marcados a favor del Movimiento Regeneraci\u00f3n Nacional, para que surja nuevamente ganador del proceso electoral de 2024, por lo que el candidato que proponga ser\u00e1 el pr\u00f3ximo Presidente o la primera Presidenta de la Rep\u00fablica.<\/p>\n<p>En el caso de Claudia, la carga es cada vez m\u00e1s ostensible y sus acciones lo manifiestan, con su presencia frecuente en campa\u00f1as electorales y eventos pol\u00edticos.<\/p>\n<p>Sin embargo, hay quienes se muestran recelosos ante la inminente nominaci\u00f3n de Claudia, ya que los resultados electorales del pasado junio de 21 muestran su deficiente operaci\u00f3n electoral.<\/p>\n<p>La prueba de fuego viene para Claudia como operadora pol\u00edtica en la votaci\u00f3n de Revocaci\u00f3n de Mandato, del pr\u00f3ximo domingo 10 de abril, donde se ver\u00e1 si realmente Claudia y sus operadores cuentan con el talento suficiente para motivar a la poblaci\u00f3n a que acuda a sufragar.<\/p>\n<p>El esfuerzo se ver\u00e1 traducido en la respuesta que se d\u00e9 a los constantes llamados realizados a la ciudadan\u00eda para que apoye el proyecto de Revocaci\u00f3n de Mandato, aunque lo esencial es que se retraten en las urnas para ense\u00f1ar el m\u00fasculo de Morena.<\/p>\n<p>La capacidad pol\u00edtica de Claudia no se ha visto reflejada, y que los problemas fuertes que enfrent\u00f3 en su gesti\u00f3n como Jefa de Gobierno no han sido resueltos en su totalidad y todav\u00eda se arrastran como es el caso del percance en la L12 del Metro.<\/p>\n<p>Es cierto que los problemas no han sido tan grandes, pero en los principales tuvieron que intervenir desde otros niveles de gobierno para resolv\u00e9rselos, para evitar que el llamado plan A de la sucesi\u00f3n se viera afectado.<\/p>\n<p>Claudia pretende hacer lo que sus antecesores no cumplieron y que el actual Presidente tard\u00f3 doce a\u00f1os en lograrlo, ser Jefe de Gobierno de la capital del pa\u00eds y luego Presidente de la Rep\u00fablica.<\/p>\n<p>Varios de sus antecesores lo pretendieron, siendo el m\u00e1s cercano de ellos, Cuauht\u00e9moc C\u00e1rdenas quien salt\u00f3 de la jefatura de Gobierno a la candidatura presidencial, la que perdi\u00f3 en las urnas. Su sucesor Andr\u00e9s Manuel L\u00f3pez Obrador tropez\u00f3 con algo similar, ya que salt\u00f3 del gobierno citadino a la candidatura presidencial y tambi\u00e9n perdi\u00f3 en una elecci\u00f3n sumamente pol\u00e9mica.<\/p>\n<p>Marcelo Ebrard tambi\u00e9n pretendi\u00f3 lo mismo, pero en el camino se le atraves\u00f3 el hoy Presidente Andr\u00e9s Manuel L\u00f3pez Obrador y qued\u00f3 relegado, al quedar segundo en las encuestas realizadas para ello.<\/p>\n<p>Desde que se instrumentaron los sexenios en M\u00e9xico en 1934, varios personajes que disfrutaron de la silla de Regente o Jefe de Gobierno intentaron saltar a la candidatura presidencial, sin \u00e9xito.<\/p>\n<p>El primero de ellos fue Javier Rojo G\u00f3mez, quien gobern\u00f3 tres entidades del pa\u00eds, Hidalgo, el entonces Distrito Federal y el territorio de Quintana Roo. Rojo G\u00f3mez fue desplazado por Miguel Alem\u00e1n quien obtuvo la nominaci\u00f3n priista y se convirti\u00f3 en Presidente de la Rep\u00fablica.<\/p>\n<p>Otro hidalguense, Alfonso Corona del Rosal, crey\u00f3 ser\u00eda candidato presidencial priista, pero fue desplazado por Luis Echeverr\u00eda, quien result\u00f3 candidato del tricolor y Ejecutivo federal.<\/p>\n<p>Otro m\u00e1s, Ram\u00f3n Aguirre Vel\u00e1zquez, form\u00f3 parte de los seis precandidatos del PRI y particip\u00f3 en la pasarela-farsa, efectuada por la dirigencia nacional del PRI. El candidato result\u00f3 ser Carlos Salinas de Gortari.<\/p>\n<p>Manuel Camacho Sol\u00eds era el favorito para suceder a Carlos Salinas de Gortari, ya que desde la jefatura de Gobierno del DF estableci\u00f3 acuerdos y alianzas con distintos grupos y parec\u00eda encaminado a serlo, pero Luis Donaldo Colosio fue el ungido, aunque no el Presidente, ya que fue asesinado y su relevo, Ernesto Zedillo Ponce de Le\u00f3n, obtuvo la Presidencia de la Rep\u00fablica.<\/p>\n<p>Despu\u00e9s de los priistas llegaron los perredistas al gobierno capitalino y C\u00e1rdenas fracaso y L\u00f3pez Obrador lo consigui\u00f3, aunque doce a\u00f1os despu\u00e9s.<\/p>\n<p style=\"text-align: center;\"><strong>*****<\/strong><\/p>\n<p>Hablando de ex regentes de la capital del pa\u00eds, Ram\u00f3n Aguirre Vel\u00e1zquez, ser\u00e1 homenajeado en su tierra natal, Guanajuato, por la dirigencia estatal del PRI, la que har\u00e1 un reconocimiento a su trayectoria pol\u00edtica en la que consta su paso por la secretar\u00eda de programaci\u00f3n y Presupuesto y la jefatura de Gobierno del Distrito Federal.<\/p>\n<p><a href=\"mailto:ramonzurita44@hotmail.com\" target=\"_blank\" rel=\"noopener noreferrer\"><em>ramonzurita44@hotmail.com<\/em><\/a><\/p>\n","protected":false},"excerpt":{"rendered":"<p><span style=\"color: #005497;\"><strong>Ram\u00f3n Zurita Sahag\u00fan<\/strong><\/span><br \/>\n<br \/>\nNadie duda de las preferencias presidenciales para que Claudia Sheinbaum sea la candidata presidencial de Morena y por consiguiente, casi, Ejecutiva federal.<\/p>\n","protected":false},"author":3,"featured_media":0,"comment_status":"open","ping_status":"open","sticky":false,"template":"","format":"standard","meta":{"_monsterinsights_skip_tracking":false,"_monsterinsights_sitenote_active":false,"_monsterinsights_sitenote_note":"","_monsterinsights_sitenote_category":0,"footnotes":""},"categories":[234],"tags":[304,43674,43687],"class_list":["post-543081","post","type-post","status-publish","format-standard","hentry","category-ramon-zurita-sahagun","tag-de-frente-y-de-perfil","tag-opinion","tag-ramon-zurita-sahagun"],"_links":{"self":[{"href":"https:\/\/www.diarioimagen.net\/index.php?rest_route=\/wp\/v2\/posts\/543081","targetHints":{"allow":["GET"]}}],"collection":[{"href":"https:\/\/www.diarioimagen.net\/index.php?rest_route=\/wp\/v2\/posts"}],"about":[{"href":"https:\/\/www.diarioimagen.net\/index.php?rest_route=\/wp\/v2\/types\/post"}],"author":[{"embeddable":true,"href":"https:\/\/www.diarioimagen.net\/index.php?rest_route=\/wp\/v2\/users\/3"}],"replies":[{"embeddable":true,"href":"https:\/\/www.diarioimagen.net\/index.php?rest_route=%2Fwp%2Fv2%2Fcomments&post=543081"}],"version-history":[{"count":0,"href":"https:\/\/www.diarioimagen.net\/index.php?rest_route=\/wp\/v2\/posts\/543081\/revisions"}],"wp:attachment":[{"href":"https:\/\/www.diarioimagen.net\/index.php?rest_route=%2Fwp%2Fv2%2Fmedia&parent=543081"}],"wp:term":[{"taxonomy":"category","embeddable":true,"href":"https:\/\/www.diarioimagen.net\/index.php?rest_route=%2Fwp%2Fv2%2Fcategories&post=543081"},{"taxonomy":"post_tag","embeddable":true,"href":"https:\/\/www.diarioimagen.net\/index.php?rest_route=%2Fwp%2Fv2%2Ftags&post=543081"}],"curies":[{"name":"wp","href":"https:\/\/api.w.org\/{rel}","templated":true}]}}