{"id":543152,"date":"2022-04-15T00:01:30","date_gmt":"2022-04-15T05:01:30","guid":{"rendered":"https:\/\/www.diarioimagen.net\/?p=543152"},"modified":"2022-04-15T04:42:19","modified_gmt":"2022-04-15T09:42:19","slug":"julio-mes-de-la-guelaguetza-2022-homenaje-para-celebrar-su-90-aniversario","status":"publish","type":"post","link":"https:\/\/www.diarioimagen.net\/?p=543152","title":{"rendered":"\u201cJulio, mes de la Guelaguetza 2022\u201d, homenaje para celebrar su 90 aniversario"},"content":{"rendered":"<h2>De cinco estrellas<\/h2>\n<h5>Victoria Gonz\u00e1lez Prado<\/h5>\n<p>&nbsp;<\/p>\n<ul>\n<li><strong><em>Abri\u00f3 el nuevo \u201cLATAM Lounge\u201d, para pasajeros preferentes y socios<\/em><\/strong><\/li>\n<\/ul>\n<p>&nbsp;<\/p>\n<div id=\"attachment_543179\" style=\"width: 470px\" class=\"wp-caption aligncenter\"><a href=\"https:\/\/www.diarioimagen.net\/?attachment_id=543179\" rel=\"attachment wp-att-543179\"><img loading=\"lazy\" decoding=\"async\" aria-describedby=\"caption-attachment-543179\" class=\"size-full wp-image-543179\" src=\"https:\/\/www.diarioimagen.net\/wp-content\/uploads\/2022\/04\/turismo-5.jpg\" alt=\"\" width=\"460\" height=\"270\" \/><\/a><p id=\"caption-attachment-543179\" class=\"wp-caption-text\">Funcionarios oaxaque\u00f1os con representantes de las ocho regiones.<\/p><\/div>\n<p>&nbsp;<\/p>\n<p><strong>Alejandro Murat Hinojosa<\/strong>, gobernador del estado de Oaxaca, encabez\u00f3 la presentaci\u00f3n de las actividades de \u201cJulio, mes de la Guelaguetza 2022\u201d, homenaje que se har\u00e1 para celebrar su 90 aniversario.<\/p>\n<p>El Palacio de las Bellas Artes, en el Centro Hist\u00f3rico capitalino, se llev\u00f3 a cabo la presentaci\u00f3n de la celebraci\u00f3n que volver\u00e1 de manera presencial a la Rotonda de las Azucenas para disfrutar unidas y unidos de la fiesta m\u00e1s grande, la Guelaguetza.<\/p>\n<p>\u201cMe llena de orgullo estar aqu\u00ed, en el principal recinto de las artes de M\u00e9xico, para anunciar la realizaci\u00f3n de nuestra fiesta m\u00e1xima, la Guelaguetza, la cual despu\u00e9s del reto que vivimos como humanidad ante la pandemia, simboliza la hermandad, la uni\u00f3n y la vida; por eso venimos aqu\u00ed, para invitar a todo M\u00e9xico y el mundo a que nos acompa\u00f1e. Estamos listos para demostrar que Oaxaca es uno de los estados m\u00e1s diversos, pr\u00f3speros y pac\u00edficos de M\u00e9xico\u201d, afirm\u00f3 y agradeci\u00f3\u00a0 al Gobierno de M\u00e9xico por todo el apoyo y respaldo.<\/p>\n<p>Asegur\u00f3 que la Guelaguetza es sin\u00f3nimo de esperanza, y \u201ccon la celebraci\u00f3n rendiremos homenaje a quienes ya no est\u00e1n con nosotros, y homenaje a las mexicanas y mexicanos del sector salud que apoyaron a tantas personas, y buscamos enviar un mensaje de llamado a la vida\u201d.<\/p>\n<p><strong>Juan Carlos Rivera Castellanos,<\/strong> secretario de Turismo de la entidad, al hacer uso de la palabra dijo que el Auditorio Guelaguetza ser\u00e1 sitio seguro que respetar\u00e1 las medidas de higiene que estipulan los protocolos del sello <em>Safe Travels<\/em> otorgado por el Consejo Mundial de Viajes y Turismo, por lo que las y los visitantes pueden estar tranquilos al asistir a cada una de las cuatro ediciones de la Guelaguetza que se llevar\u00e1n a cabo los d\u00edas 25 de julio y 1 de agosto.<\/p>\n<p>Asimismo, dijo, se vigilar\u00e1n las medidas de higiene en las actividades de los d\u00edas 8, 9, 15 y 16 de julio cuando tendr\u00e1n lugar los esperados \u2018Convites de Guelaguetza\u2019, que recorrer\u00e1n las principales calles del Centro Hist\u00f3rico, y los d\u00edas 23 y 30 de julio, con el Desfile Oficial de Delegaciones, en la v\u00edspera de los Lunes del Cerro.<\/p>\n<p>\u201cAl igual que hace 90 a\u00f1os, hoy, el encuentro racial rinde homenaje a la vida tras una pausa que nos hizo valorar la distancia para apreciar la cercan\u00eda, honrar a los que se fueron y valorar la importancia de cuidarnos unos a otros. El encuentro \u00e9tnico de 1932 se celebr\u00f3 para devolver la esperanza a las y los oaxaque\u00f1os tras un devastador sismo; y al igual que en esos a\u00f1os se celebr\u00f3 la vida, este 2022, nos reunimos nuevamente en el sentido m\u00e1s amplio de la Guelaguetza: dar en reciprocidad hermandad y bienestar com\u00fan\u201d, expres\u00f3 el titular de turismo.<\/p>\n<p>Se presentar\u00e1:\u00a0 \u201cDonaj\u00ed, la Leyenda\u201d, espect\u00e1culo de danza, m\u00fasica, luces y folclor \u201424 y 31 de julio\u2014 que narra la historia de amor y de hero\u00edsmo de la princesa zapoteca Donaj\u00ed y el pr\u00edncipe Nucano. La belleza de la representaci\u00f3n incluye m\u00fasica en vivo con tambores y caracoles marinos adem\u00e1s, son de admirarse los huipiles que portan, creados por manos artesanas, hermosos penachos de los guerreros mixtecos.<\/p>\n<p>En su oportunidad, el secretario de Econom\u00eda de Oaxaca, <strong>Juan Pablo Guzm\u00e1n Cobi\u00e1n<\/strong>, se refiri\u00f3 a la Feria del Mezcal \u2014del 22 de julio al 3 de agosto\u2014 en el Centro Cultural y de Convenciones de la capital del estado, con la participaci\u00f3n de 125 empresas locales, entre mezcaleras, agroindustriales, del sector artesanal y gastron\u00f3mico de Oaxaca, a lo largo de 13 d\u00edas en los que se espera la llegada de 130 mil visitantes.<\/p>\n<p>\u201cHoy en d\u00eda, nuestra bebida insignia llega a 72 pa\u00edses, y la presencia sigue avanzando, cumpliendo con el objetivo de llevar m\u00e1s de Oaxaca al mundo, para fortalecer la econom\u00eda de las familias oaxaque\u00f1as.<\/p>\n<p>La secretaria de las Culturas y Artes de Oaxaca, <strong>Karla Villaca\u00f1a Quevedo<\/strong>, asegur\u00f3 que la dependencia \u201cha preparado una serie extraordinaria de actividades que iniciar\u00e1n el 11 de julio y durar\u00e1n hasta el mi\u00e9rcoles 3 de agosto, contando con poco m\u00e1s de 80 presentaciones art\u00edsticas y culturales para celebrar y difundir la riqueza de nuestro estado y la maravillosa diversidad de las ocho regiones\u201d.<\/p>\n<p>Es importante recordar que los accesos para presenciar los Lunes del Cerro se podr\u00e1n adquirir a trav\u00e9s de Superboletos, en preventa a partir del 15 de mayo, con costo de: mil 335 pesos en la secci\u00f3n A, y mil 55 en la secci\u00f3n B. La venta, a partir del 1 de junio costar\u00e1: mil 475 pesos en la secci\u00f3n A, y mil 195 en la secci\u00f3n B.<\/p>\n<p>\u2730\u2730\u2730\u2730\u2730 Bajo el nombre de <em>\u201cLATAM Lounge\u201d,<\/em> abri\u00f3 el renovado espacio dedicado a pasajeros preferentes y socios de aerol\u00edneas asociadas para que puedan esperar la salida de su vuelo o la conexi\u00f3n a\u00a0\u00a0 su destino. La nueva propuesta, reemplaza al antiguo sal\u00f3n VIP y, el nuevo, ofrecer\u00e1 servicio m\u00e1s sostenible y con marcada influencia latinoamericana.<\/p>\n<p><strong>Paulo Miranda<\/strong>, vicepresidente de clientes de <em>LATAM Airlines Group <\/em>dijo: \u201cnuestros clientes siempre est\u00e1n guiando nuestras decisiones, y seguimos avanzando en una experiencia donde cada uno puede elegir lo que es importante para su viaje. Hemos impulsado cambios e innovaciones en nuestro nuevo <em>Lounge <\/em>para crear un espacio que destaca lo mejor de nuestra regi\u00f3n y donde hay opciones para que cada uno disfrute de su tiempo como m\u00e1s le convenga\u201d.<\/p>\n<p>En l\u00ednea con el compromiso del grupo de integrar la sostenibilidad en toda su operaci\u00f3n, dijo el directivo \u201cel\u00a0\u00a0\u00a0 nuevo <em>Lounge<\/em> cuenta con importantes atributos sostenibles como uso de energ\u00edas renovables 90 por ciento para su funcionamiento, juegos interactivos con tem\u00e1ticas educativas en torno al reciclaje y la conservaci\u00f3n, reducci\u00f3n de residuos a trav\u00e9s del reciclaje y reutilizaci\u00f3n y, compensaci\u00f3n de huella de carbono a trav\u00e9s de proyectos de conservaci\u00f3n de ecosistemas \u00fanicos en la regi\u00f3n\u201d.<\/p>\n<p>El nuevo espacio cuenta con esculturas realizadas, en su mayor\u00eda con materiales reciclados por artistas emergentes sudamericanos. <strong>Ximena Guzm\u00e1n<\/strong> (Chile), <strong>Sof\u00eda Donov\u00e1n<\/strong> (Argentina), y <strong>Percy Zorrilla <\/strong>(Per\u00fa) son parte de los 21 artistas que exhibir\u00e1n sus obras en el nuevo sal\u00f3n.<\/p>\n<p>Ofrece a sus pasajeros; <em>lockers <\/em>para equipaje de mano, \u00e1rea de <em>sleeping<\/em>, \u00e1rea especial para ni\u00f1os y familias, duchas, bar abierto, <em>buffet <\/em>con gastronom\u00eda latinoamericana, servicio de planchado, lustrado de zapatos y zonas de <em>co-work.<\/em><\/p>\n<p>Est\u00e1 disponible para todos los pasajeros que viajen o realicen escala en vuelos internacionales. Est\u00e1 ubicado en la nueva Terminal 2 del Aeropuerto de Santiago de Chile, y abierto para todos los pasajeros del programa\u00a0\u00a0 viajero frecuente <em>LATAM Pass<\/em> en las categor\u00edas <em>Black Signature, Black<\/em> y <em>Platinum,<\/em> para pasajeros volando en cabina <em>Premium,<\/em> pasajeros de aerol\u00edneas asociadas y socios comerciales.<\/p>\n<p>&nbsp;<\/p>\n<blockquote>\n<p style=\"text-align: right;\">\u201c<strong>El<\/strong> <strong>\u00e1ngel de la fama tiene sus alas hechas de papel&#8230; peri\u00f3dico\u201d.<br \/>\n<\/strong><\/p>\n<\/blockquote>\n<p>&nbsp;<\/p>\n<p><em><span class=\"Apple-converted-space\"><a href=\"mailto:victoriagprado@gmail.com\" target=\"_blank\" rel=\"noopener noreferrer\">victoriagprado@gmail.com<\/a><br \/>\nTwitter: <a href=\"https:\/\/twitter.com\/victoriagprado\" target=\"_blank\" rel=\"noopener noreferrer\">@victoriagprado<\/a><\/span><\/em><\/p>\n","protected":false},"excerpt":{"rendered":"<p><strong>Alejandro Murat Hinojosa<\/strong>, gobernador del estado de Oaxaca, encabez\u00f3 la presentaci\u00f3n de las actividades de \u201cJulio, mes de la Guelaguetza 2022\u201d, homenaje que se har\u00e1 para celebrar su 90 aniversario.<\/p>\n","protected":false},"author":3,"featured_media":543179,"comment_status":"open","ping_status":"open","sticky":false,"template":"","format":"standard","meta":{"_monsterinsights_skip_tracking":false,"_monsterinsights_sitenote_active":false,"_monsterinsights_sitenote_note":"","_monsterinsights_sitenote_category":0,"footnotes":""},"categories":[11],"tags":[107,43674,43681,106],"class_list":["post-543152","post","type-post","status-publish","format-standard","has-post-thumbnail","hentry","category-turismo","tag-de-cinco-estrellas","tag-opinion","tag-turismo","tag-victoria-gonzalez-prado"],"_links":{"self":[{"href":"https:\/\/www.diarioimagen.net\/index.php?rest_route=\/wp\/v2\/posts\/543152","targetHints":{"allow":["GET"]}}],"collection":[{"href":"https:\/\/www.diarioimagen.net\/index.php?rest_route=\/wp\/v2\/posts"}],"about":[{"href":"https:\/\/www.diarioimagen.net\/index.php?rest_route=\/wp\/v2\/types\/post"}],"author":[{"embeddable":true,"href":"https:\/\/www.diarioimagen.net\/index.php?rest_route=\/wp\/v2\/users\/3"}],"replies":[{"embeddable":true,"href":"https:\/\/www.diarioimagen.net\/index.php?rest_route=%2Fwp%2Fv2%2Fcomments&post=543152"}],"version-history":[{"count":0,"href":"https:\/\/www.diarioimagen.net\/index.php?rest_route=\/wp\/v2\/posts\/543152\/revisions"}],"wp:featuredmedia":[{"embeddable":true,"href":"https:\/\/www.diarioimagen.net\/index.php?rest_route=\/wp\/v2\/media\/543179"}],"wp:attachment":[{"href":"https:\/\/www.diarioimagen.net\/index.php?rest_route=%2Fwp%2Fv2%2Fmedia&parent=543152"}],"wp:term":[{"taxonomy":"category","embeddable":true,"href":"https:\/\/www.diarioimagen.net\/index.php?rest_route=%2Fwp%2Fv2%2Fcategories&post=543152"},{"taxonomy":"post_tag","embeddable":true,"href":"https:\/\/www.diarioimagen.net\/index.php?rest_route=%2Fwp%2Fv2%2Ftags&post=543152"}],"curies":[{"name":"wp","href":"https:\/\/api.w.org\/{rel}","templated":true}]}}