{"id":543235,"date":"2022-04-18T00:02:36","date_gmt":"2022-04-18T05:02:36","guid":{"rendered":"https:\/\/www.diarioimagen.net\/?p=543235"},"modified":"2022-04-18T02:41:33","modified_gmt":"2022-04-18T07:41:33","slug":"con-enrique-vargas-del-villar-ganaremos-el-gobierno-del-edomex-afirman-panistas","status":"publish","type":"post","link":"https:\/\/www.diarioimagen.net\/?p=543235","title":{"rendered":"Con Enrique Vargas del Villar, ganaremos el gobierno del Edomex, afirman panistas"},"content":{"rendered":"<p>&nbsp;<\/p>\n<ul>\n<li><strong><em>\u201cEl mejor posicionado en la entidad\u201d<\/em><\/strong><\/li>\n<\/ul>\n<p>&nbsp;<\/p>\n<h6>Arturo Baena<\/h6>\n<p>&nbsp;<\/p>\n<div id=\"attachment_543381\" style=\"width: 470px\" class=\"wp-caption aligncenter\"><a href=\"https:\/\/www.diarioimagen.net\/?attachment_id=543381\" rel=\"attachment wp-att-543381\"><img loading=\"lazy\" decoding=\"async\" aria-describedby=\"caption-attachment-543381\" class=\"size-full wp-image-543381\" src=\"https:\/\/www.diarioimagen.net\/wp-content\/uploads\/2022\/04\/valle-5.jpg\" alt=\"\" width=\"460\" height=\"270\" \/><\/a><p id=\"caption-attachment-543381\" class=\"wp-caption-text\">Enrique Vargas del Villar es, en este momento, el mejor posicionado en la entidad mexiquense, aseguraron panistas.<\/p><\/div>\n<p>&nbsp;<\/p>\n<p><strong>Valle de Mexico.\u2014<\/strong> Legisladores, alcaldes, s\u00edndicos, regidores y militantes del PAN en el Estado de M\u00e9xico, le apuestan a qu\u00e9 ese instituto pol\u00edtico encabece la alianza entre el PRI y PRD con Enrique Vargas del Villar, quien en este momento es el mejor posicionado en la entidad mexiquense, aseguraron.<\/p>\n<p>Los panistas mexiquenses afirmaron que \u201cen Acci\u00f3n Nacional\u00a0 decimos s\u00ed a la coalici\u00f3n, pero en el PAN ni nos faltan cuadros, ni nos faltan propuestas, ni nos falta partido, en el PAN estamos listos para luchar solos y decimos desde aqu\u00ed a otras fuerzas pol\u00edticas,\u00a0si logramos empatar nuestras coincidencias, nuestra agenda y anteponer los intereses de las y los mexiquenses, cuenten con el PAN\u201d, reiteraron.<\/p>\n<p>En ese sentido, el dirigente del PAN mexiquense, Anuar Azar Figueroa, reiter\u00f3 que ese partido \u201cllegar\u00e1 con planeaci\u00f3n pol\u00edtica, con actitud ganadora , unido y fuerte al 2023 y 2024. El albiazul tiene la mirada en lo alto y con un futuro que hoy construye con una planeaci\u00f3n que le lleve al \u00e9xito, para los retos de ganar la Gubernatura del Estado de M\u00e9xico y recuperar la Presidencia de la Rep\u00fablica en el 2024\u201d, dijo.<\/p>\n<p>Anuar Azar se\u00f1al\u00f3 que el PAN est\u00e1 unido, fuerte, s\u00f3lido y desde ahora con las herramientas necesarias para ganar. Acci\u00f3n Nacional est\u00e1 a la altura de las expectativas pol\u00edticas que tienen la militancia, as\u00ed como las y los mexiquenses que ya quieren haya una alternancia pol\u00edtica. Una actitud ganadora y una gran planeaci\u00f3n es la que tiene que tener el PAN\u00a0 ante los retos que se aproximan, expres\u00f3.<\/p>\n<p>Adem\u00e1s de una actitud ganadora, continu\u00f3\u00a0 el dirigente del PAN, \u201cse\u00a0 reflejar\u00e1 ante la ciudadan\u00eda que es la mejor opci\u00f3n de gobierno, as\u00ed como un partido unido, s\u00f3lido y fuerte que busca el Bien Com\u00fan, un verdadero bienestar de la Familia, para todos los mexiquenses y mexicanos.<\/p>\n<p>Finalmente, los panistas mexiquenses en voz de la diputada Martha Moya y del regidor Agust\u00edn Belgodere, aseguraron.\u201dVamos con Enrique Vargas para ganar la gubernatura, no hay m\u00e1s\u201d, concluyeron.<\/p>\n","protected":false},"excerpt":{"rendered":"<p>Legisladores, alcaldes, s\u00edndicos, regidores y militantes del PAN en el Estado de M\u00e9xico, le apuestan a qu\u00e9 ese instituto pol\u00edtico encabece la alianza entre el PRI y PRD con Enrique Vargas del Villar, quien en este momento es el mejor posicionado en la entidad mexiquense, aseguraron.<\/p>\n","protected":false},"author":3,"featured_media":543381,"comment_status":"open","ping_status":"open","sticky":false,"template":"","format":"standard","meta":{"_monsterinsights_skip_tracking":false,"_monsterinsights_sitenote_active":false,"_monsterinsights_sitenote_note":"","_monsterinsights_sitenote_category":0,"footnotes":""},"categories":[5],"tags":[47218,95230,7196,16828],"class_list":["post-543235","post","type-post","status-publish","format-standard","has-post-thumbnail","hentry","category-estado-de-mexico","tag-enrique-vargas-del-villar","tag-ganaremos","tag-gobierno","tag-panistas"],"_links":{"self":[{"href":"https:\/\/www.diarioimagen.net\/index.php?rest_route=\/wp\/v2\/posts\/543235","targetHints":{"allow":["GET"]}}],"collection":[{"href":"https:\/\/www.diarioimagen.net\/index.php?rest_route=\/wp\/v2\/posts"}],"about":[{"href":"https:\/\/www.diarioimagen.net\/index.php?rest_route=\/wp\/v2\/types\/post"}],"author":[{"embeddable":true,"href":"https:\/\/www.diarioimagen.net\/index.php?rest_route=\/wp\/v2\/users\/3"}],"replies":[{"embeddable":true,"href":"https:\/\/www.diarioimagen.net\/index.php?rest_route=%2Fwp%2Fv2%2Fcomments&post=543235"}],"version-history":[{"count":0,"href":"https:\/\/www.diarioimagen.net\/index.php?rest_route=\/wp\/v2\/posts\/543235\/revisions"}],"wp:featuredmedia":[{"embeddable":true,"href":"https:\/\/www.diarioimagen.net\/index.php?rest_route=\/wp\/v2\/media\/543381"}],"wp:attachment":[{"href":"https:\/\/www.diarioimagen.net\/index.php?rest_route=%2Fwp%2Fv2%2Fmedia&parent=543235"}],"wp:term":[{"taxonomy":"category","embeddable":true,"href":"https:\/\/www.diarioimagen.net\/index.php?rest_route=%2Fwp%2Fv2%2Fcategories&post=543235"},{"taxonomy":"post_tag","embeddable":true,"href":"https:\/\/www.diarioimagen.net\/index.php?rest_route=%2Fwp%2Fv2%2Ftags&post=543235"}],"curies":[{"name":"wp","href":"https:\/\/api.w.org\/{rel}","templated":true}]}}