{"id":543237,"date":"2022-04-18T00:03:45","date_gmt":"2022-04-18T05:03:45","guid":{"rendered":"https:\/\/www.diarioimagen.net\/?p=543237"},"modified":"2022-04-18T02:40:28","modified_gmt":"2022-04-18T07:40:28","slug":"el-verde-ecologista-opcion-real-para-2023-asegura-jose-luis-duran-reveles","status":"publish","type":"post","link":"https:\/\/www.diarioimagen.net\/?p=543237","title":{"rendered":"El Verde Ecologista, opci\u00f3n real para 2023, asegura Jos\u00e9 Luis Dur\u00e1n Reveles"},"content":{"rendered":"<ul>\n<li><strong><em>Pide que no se le descarte<\/em><\/strong><\/li>\n<\/ul>\n<p>&nbsp;<\/p>\n<h6>Arturo Baena<\/h6>\n<p>&nbsp;<\/p>\n<div id=\"attachment_543378\" style=\"width: 470px\" class=\"wp-caption aligncenter\"><a href=\"https:\/\/www.diarioimagen.net\/?attachment_id=543378\" rel=\"attachment wp-att-543378\"><img loading=\"lazy\" decoding=\"async\" aria-describedby=\"caption-attachment-543378\" class=\"size-full wp-image-543378\" src=\"https:\/\/www.diarioimagen.net\/wp-content\/uploads\/2022\/04\/naucalpan-verde.jpg\" alt=\"\" width=\"460\" height=\"270\" \/><\/a><p id=\"caption-attachment-543378\" class=\"wp-caption-text\">Jos\u00e9 Luis Dur\u00e1n Reveles, presidente de la Comisi\u00f3n Pol\u00edtica Estatal del Partido Verde Ecologista.<\/p><\/div>\n<p>&nbsp;<\/p>\n<p><strong>Naucalpan, Estado de M\u00e9xico.\u2014<\/strong> El Partido Verde Ecologista (PVEM), en la entidad mexiquense, seguir\u00e1 reforzando sus estructuras para apuntalarlo como la mejor opci\u00f3n para los procesos de 2023. Vamos por el camino correcto.<\/p>\n<p>As\u00ed lo asegur\u00f3 en entrevista, Jos\u00e9 Luis Dur\u00e1n Reveles, presidente de la Comisi\u00f3n Pol\u00edtica Estatal de ese instituto, luego de ratificar lo dicho por el dirigente\u00a0 estatal, Jos\u00e9 Couttolenc,\u00a0 en el sentido de que existe la posibilidad que en los pr\u00f3ximos procesos, el Verde,\u00a0 \u201cpudiera participar con una o un candidato propio, por ello pide que no los descarten para la gubernatura mexiquense\u201d.<\/p>\n<p>Dur\u00e1n Reveles, record\u00f3 qu\u00e9 en las elecciones de 2018 como las de 2021, la expectativa se super\u00f3 y su decisi\u00f3n de ir solos fue la mejor.<\/p>\n<p>Adelant\u00f3 que ese es el camino a seguir, pues les ha dado resultados, por lo cual prev\u00e9n competir sin aliados en la elecci\u00f3n por la gubernatura de la entidad en 2023. \u201cEstamos convencidos que es el camino que vamos a seguir porque nos ha dado resultados\u201d, explic\u00f3.<\/p>\n<p>Insisti\u00f3 para en se\u00f1alar que\u00a0 el 2023 podr\u00edan presentar una o un candidato propio, pues se va en constante crecimiento en todo el territorio mexiquense. Finalmente,\u00a0 en ese sentido, Victor Armenta, delegado regional del PVEM en Naucalpan,\u00a0 reiter\u00f3 que \u201c d\u00eda a d\u00eda,\u00a0 se suman al proyecto de nuestro partido diversos actores pol\u00edticos. Seguimos trabajando para convertir a nuestro instituto pol\u00edtico como una opci\u00f3n real\u201d, concluy\u00f3.<\/p>\n","protected":false},"excerpt":{"rendered":"<p>El Partido Verde Ecologista (PVEM), en la entidad mexiquense, seguir\u00e1 reforzando sus estructuras para apuntalarlo como la mejor opci\u00f3n para los procesos de 2023. Vamos por el camino correcto.<\/p>\n","protected":false},"author":3,"featured_media":543378,"comment_status":"open","ping_status":"open","sticky":false,"template":"","format":"standard","meta":{"_monsterinsights_skip_tracking":false,"_monsterinsights_sitenote_active":false,"_monsterinsights_sitenote_note":"","_monsterinsights_sitenote_category":0,"footnotes":""},"categories":[5],"tags":[43675,95231,970,95232],"class_list":["post-543237","post","type-post","status-publish","format-standard","has-post-thumbnail","hentry","category-estado-de-mexico","tag-estado-de-mexico","tag-jose-luis-duran-reveles","tag-naucalpan","tag-partido-verde-ecologista"],"_links":{"self":[{"href":"https:\/\/www.diarioimagen.net\/index.php?rest_route=\/wp\/v2\/posts\/543237","targetHints":{"allow":["GET"]}}],"collection":[{"href":"https:\/\/www.diarioimagen.net\/index.php?rest_route=\/wp\/v2\/posts"}],"about":[{"href":"https:\/\/www.diarioimagen.net\/index.php?rest_route=\/wp\/v2\/types\/post"}],"author":[{"embeddable":true,"href":"https:\/\/www.diarioimagen.net\/index.php?rest_route=\/wp\/v2\/users\/3"}],"replies":[{"embeddable":true,"href":"https:\/\/www.diarioimagen.net\/index.php?rest_route=%2Fwp%2Fv2%2Fcomments&post=543237"}],"version-history":[{"count":0,"href":"https:\/\/www.diarioimagen.net\/index.php?rest_route=\/wp\/v2\/posts\/543237\/revisions"}],"wp:featuredmedia":[{"embeddable":true,"href":"https:\/\/www.diarioimagen.net\/index.php?rest_route=\/wp\/v2\/media\/543378"}],"wp:attachment":[{"href":"https:\/\/www.diarioimagen.net\/index.php?rest_route=%2Fwp%2Fv2%2Fmedia&parent=543237"}],"wp:term":[{"taxonomy":"category","embeddable":true,"href":"https:\/\/www.diarioimagen.net\/index.php?rest_route=%2Fwp%2Fv2%2Fcategories&post=543237"},{"taxonomy":"post_tag","embeddable":true,"href":"https:\/\/www.diarioimagen.net\/index.php?rest_route=%2Fwp%2Fv2%2Ftags&post=543237"}],"curies":[{"name":"wp","href":"https:\/\/api.w.org\/{rel}","templated":true}]}}