{"id":543241,"date":"2022-04-18T00:01:27","date_gmt":"2022-04-18T05:01:27","guid":{"rendered":"https:\/\/www.diarioimagen.net\/?p=543241"},"modified":"2022-04-18T02:38:04","modified_gmt":"2022-04-18T07:38:04","slug":"en-naucalpan-vamos-con-paso-firme-dice-edgardo-solis-secretario-del-ayuntamiento","status":"publish","type":"post","link":"https:\/\/www.diarioimagen.net\/?p=543241","title":{"rendered":"En Naucalpan, vamos con paso firme, dice Edgardo Sol\u00eds, secretario del Ayuntamiento"},"content":{"rendered":"<p>&nbsp;<\/p>\n<ul>\n<li><strong><em>Recibieron un municipio en crisis financiera<\/em><\/strong><\/li>\n<\/ul>\n<p>&nbsp;<\/p>\n<h6>Arturo Baena<\/h6>\n<p>&nbsp;<\/p>\n<div id=\"attachment_543371\" style=\"width: 470px\" class=\"wp-caption aligncenter\"><a href=\"https:\/\/www.diarioimagen.net\/?attachment_id=543371\" rel=\"attachment wp-att-543371\"><img loading=\"lazy\" decoding=\"async\" aria-describedby=\"caption-attachment-543371\" class=\"wp-image-543371 size-full\" src=\"https:\/\/www.diarioimagen.net\/wp-content\/uploads\/2022\/04\/naucalpan-10.jpg\" alt=\"\" width=\"460\" height=\"270\" \/><\/a><p id=\"caption-attachment-543371\" class=\"wp-caption-text\">Edgardo Sol\u00eds, secretario del ayuntamiento de Naucalpan, destac\u00f3 que se est\u00e1n tomando decisiones importantes.<\/p><\/div>\n<p>&nbsp;<\/p>\n<p><strong>Naucalpan, Estado de M\u00e9xico.\u2014<\/strong> Todo mundo sabe que se recibi\u00f3 un municipio con dificultades financieras. Naucalpan pasa por una de las peores crisis de que se tenga en la historia, con una deuda de 3 mil millones de pesos. Hoy, se est\u00e1 poniendo orden. La casa se est\u00e1 limpiando, vamos\u00a0 con paso firme y\u00a0 estamos saliendo.<\/p>\n<p>Entrevistado en sus oficinas, se\u00f1al\u00f3 lo anterior, Edgardo Solis, secretario del ayuntamiento en la administraci\u00f3n de Ang\u00e9lica Moya Mar\u00edn, destac\u00f3 que se est\u00e1n tomando decisiones importantes. \u201cSe est\u00e1 tomando al toro por los cuernos, sin hacer a un lado la realidad\u00a0 que todos los d\u00edas nos aqueja, \u00a0cubriendo pagos y adeudos que nos dej\u00f3 la pasada gesti\u00f3n de Patricia Dur\u00e1n Reveles\u201d, dijo<\/p>\n<p>Edgardo Solis record\u00f3 que la semana pasada se aprob\u00f3 un programa anual de obra p\u00fablica, por un monto de 162 millones de pesos, \u00a0que le permitir\u00e1 al actual Gobierno salir a diferentes colonias y comunidades y \u201cempezar a dar muestras de la voluntad de que \u00e9ste gobierno viene a hacer las cosas bien\u201d, reiter\u00f3<\/p>\n<p>El responsable de la pol\u00edtica interna y externa de Naucalpan es claro: \u00a0\u201cSe est\u00e1 dando la cara a los naucalpenses, hablando con la verdad, dici\u00e9ndoles que podemos y no podemos hacer. Hoy nos detiene el gran problema financiero que dejaron administraciones anteriores, pero, reiter\u00f3, vamos con paso firme y con la voluntad de la presidenta Ang\u00e9lica Moya, de salir adelante\u201d, acot\u00f3.<\/p>\n<p>Se le record\u00f3, \u00a0lo expresado a \u00a0Claudia Oyoque, al tomar protesta como secretaria del ayuntamiento en la gesti\u00f3n de Patricia Dur\u00e1n, a \u00a0quien le dijeron: \u201cbienvenida al infierno\u201d, \u00bfest\u00e1s en el infierno?, se le cuestiona?.<\/p>\n<p>De inmediato responde: \u201cEstamos en d\u00f3nde queremos estar. Estamos en un municipio con complicaciones, s\u00ed, pero hemos ido solventando, con la gu\u00eda de la presidenta municipal Ang\u00e9lica Moya, los problemas que nos aquejan y vamos a resolver, de la mano de la ciudadan\u00eda esta situaci\u00f3n y no, no estamos en el infierno, vamos a devolver el brillo a la joya de la corona\u201d, abund\u00f3.<\/p>\n<p>Finalmente, Edgardo Sol\u00eds, destac\u00f3 que contrario a lo que muchos piensan, en Naucalpan hay gobernabilidad y se trabaja para todos sin colores partidistas o religiosos, \u201cvamos a cumplir, tal y como lo ha reiterado la presidenta Moya Mar\u00edn, los compromisos adquiridos. Vamos con paso firme\u201d, finaliz\u00f3.<\/p>\n","protected":false},"excerpt":{"rendered":"<p>Todo mundo sabe que se recibi\u00f3 un municipio con dificultades financieras. Naucalpan pasa por una de las peores crisis de que se tenga en la historia, con una deuda de 3 mil millones de pesos. Hoy, se est\u00e1 poniendo orden. La casa se est\u00e1 limpiando, vamos\u00a0 con paso firme y\u00a0 estamos saliendo.<\/p>\n","protected":false},"author":3,"featured_media":543371,"comment_status":"open","ping_status":"open","sticky":false,"template":"","format":"standard","meta":{"_monsterinsights_skip_tracking":false,"_monsterinsights_sitenote_active":false,"_monsterinsights_sitenote_note":"","_monsterinsights_sitenote_category":0,"footnotes":""},"categories":[5],"tags":[43675,95233,970,77023],"class_list":["post-543241","post","type-post","status-publish","format-standard","has-post-thumbnail","hentry","category-estado-de-mexico","tag-estado-de-mexico","tag-firme","tag-naucalpan","tag-paso"],"_links":{"self":[{"href":"https:\/\/www.diarioimagen.net\/index.php?rest_route=\/wp\/v2\/posts\/543241","targetHints":{"allow":["GET"]}}],"collection":[{"href":"https:\/\/www.diarioimagen.net\/index.php?rest_route=\/wp\/v2\/posts"}],"about":[{"href":"https:\/\/www.diarioimagen.net\/index.php?rest_route=\/wp\/v2\/types\/post"}],"author":[{"embeddable":true,"href":"https:\/\/www.diarioimagen.net\/index.php?rest_route=\/wp\/v2\/users\/3"}],"replies":[{"embeddable":true,"href":"https:\/\/www.diarioimagen.net\/index.php?rest_route=%2Fwp%2Fv2%2Fcomments&post=543241"}],"version-history":[{"count":0,"href":"https:\/\/www.diarioimagen.net\/index.php?rest_route=\/wp\/v2\/posts\/543241\/revisions"}],"wp:featuredmedia":[{"embeddable":true,"href":"https:\/\/www.diarioimagen.net\/index.php?rest_route=\/wp\/v2\/media\/543371"}],"wp:attachment":[{"href":"https:\/\/www.diarioimagen.net\/index.php?rest_route=%2Fwp%2Fv2%2Fmedia&parent=543241"}],"wp:term":[{"taxonomy":"category","embeddable":true,"href":"https:\/\/www.diarioimagen.net\/index.php?rest_route=%2Fwp%2Fv2%2Fcategories&post=543241"},{"taxonomy":"post_tag","embeddable":true,"href":"https:\/\/www.diarioimagen.net\/index.php?rest_route=%2Fwp%2Fv2%2Ftags&post=543241"}],"curies":[{"name":"wp","href":"https:\/\/api.w.org\/{rel}","templated":true}]}}