{"id":543243,"date":"2022-04-18T00:01:19","date_gmt":"2022-04-18T05:01:19","guid":{"rendered":"https:\/\/www.diarioimagen.net\/?p=543243"},"modified":"2022-04-18T02:17:12","modified_gmt":"2022-04-18T07:17:12","slug":"dubai-arabia-saudita-bahrein-y-qatar-buscan-trabajadores-mexicanos-del-sector-turistico","status":"publish","type":"post","link":"https:\/\/www.diarioimagen.net\/?p=543243","title":{"rendered":"Dub\u00e1i, Arabia Saudita, Bahr\u00e9in y Qatar buscan trabajadores mexicanos del sector tur\u00edstico"},"content":{"rendered":"<h2>De cinco estrellas<\/h2>\n<h5>Victoria Gonz\u00e1lez Prado<\/h5>\n<p>&nbsp;<\/p>\n<ul>\n<li><em><strong>\u201cChefs Michelin Meets Quer\u00e9taro\u201d, experiencia de gastronom\u00eda, arte, vino y oferta tur\u00edstica<\/strong><\/em><\/li>\n<li><strong>Secrets de <\/strong><strong>AMR Collection<\/strong><em><strong> debutar\u00e1 en 2023 en la isla de Santa Luc\u00eda en el Caribe<\/strong><\/em><\/li>\n<\/ul>\n<p>&nbsp;<\/p>\n<div id=\"attachment_543329\" style=\"width: 470px\" class=\"wp-caption aligncenter\"><a href=\"https:\/\/www.diarioimagen.net\/?attachment_id=543329\" rel=\"attachment wp-att-543329\"><img loading=\"lazy\" decoding=\"async\" aria-describedby=\"caption-attachment-543329\" class=\"size-full wp-image-543329\" src=\"https:\/\/www.diarioimagen.net\/wp-content\/uploads\/2022\/04\/turismo-6.jpg\" alt=\"\" width=\"460\" height=\"270\" \/><\/a><p id=\"caption-attachment-543329\" class=\"wp-caption-text\">Dub\u00e1i, Arabia Saudita, Bahr\u00e9in o Qatar para trabajar.<\/p><\/div>\n<p>&nbsp;<\/p>\n<p>Trabajadores del sector tur\u00edstico en nuestro pa\u00eds podr\u00e1n trabajar en Dub\u00e1i, Arabia Saudita, Bahr\u00e9in o Qatar, que ser\u00e1 sede del pr\u00f3ximo mundial de futbol.<\/p>\n<p><em>PHRS Hospitality Experts<\/em>, empresa de reclutamiento en el ramo hotelero, restaurantero y de cruceros la convoca para que trabajadores del sector tur\u00edstico en M\u00e9xico puedan optar por alg\u00fan puesto.<\/p>\n<p>La empresa busca cubrir alrededor de dos mil vacantes para compa\u00f1\u00edas como <em>JW Marriot, Four Seasons, Le Royal Meridien, Hilton Salwa Beach, Mondrian, W Doha, Kempinski Duba<\/em>i y <em>The Ritz Carlton Doha.<\/em><\/p>\n<p><strong>Carlos D\u00edaz<\/strong>, director de la consultora indic\u00f3: \u201cbuscamos al talento del sector tur\u00edstico de M\u00e9xico, que es reconocido a nivel internacional por su profesionalismo, calidez y calidad en su servicio\u201d.<\/p>\n<p>Qatar abri\u00f3 m\u00e1s de 20 nuevos hoteles durante 2021, lo que se traduce en m\u00e1s de 5 mil 540 habitaciones, y se espera que otros 17 complejos sean inaugurados durante este a\u00f1o, lo que requiere demanda log\u00edstica y de operaci\u00f3n. Es por ello que la firma de reclutamiento, con oficinas en Medio Oriente, Asia, \u00c1frica y Am\u00e9rica Latina, abri\u00f3 su convocatoria para trabajadores del sector en M\u00e9xico.<\/p>\n<p>La empresa da a conocer vacantes durante todo el a\u00f1o con contratos que van de los seis a los 24 meses para puestos como: meseros, <em>bartenders,<\/em> <em>hostess,<\/em> asistentes de cocina, recamareras, limpieza de \u00e1reas p\u00fablicas, personal para lavander\u00eda, para dep\u00f3sito, porteros, botones, recepcionistas, supervisores para todas las \u00e1reas y personal de spa y recreaci\u00f3n. Los trabajadores podr\u00edan trabajar en resorts de lujo, spas, restaurantes y l\u00edneas de cruceros.<\/p>\n<p>Las propuestas laborales incluyen alojamiento, transporte de casa al centro de trabajo, comidas, cobertura de salud, pasajes a\u00e9reos al inicio y fin del contrato, incluso pasajes para vacaciones hacia su lugar de origen despu\u00e9s de un a\u00f1o de trabajo, adem\u00e1s de gastos de visado. El sueldo var\u00eda en funci\u00f3n de la posici\u00f3n a la que la parte interesada aplique, as\u00ed como de la localizaci\u00f3n geogr\u00e1fica. Adem\u00e1s, los trabajadores podr\u00edan laborar en otros pa\u00edses de Medio Oriente.<\/p>\n<p>Los interesados en postularse deben subir su CV a: http:\/\/www.workinqatar2022.com o enviarlo v\u00eda correo electr\u00f3nico: workinqatar2022@phrsrecruitment.com. Entre los principales requisitos est\u00e1n: ser mayor de 21 a\u00f1os, contar con experiencia en el sector y nivel de ingl\u00e9s entre intermedio y avanzado.<\/p>\n<p>\u2730\u2730\u2730\u2730\u2730 \u201cChefs <em>Michelin Meets Quer\u00e9taro<\/em>\u201d, es la experiencia que combinar\u00e1 gastronom\u00eda, arte, vino queretano y oferta tur\u00edstica de la entidad, al recibir a reconocidos chefs en Quer\u00e9taro que realizar\u00e1n diversos eventos gastron\u00f3micos, as\u00ed lo dieron a conocer: <strong>Mariela Mor\u00e1n Ocampo<\/strong>, secretaria de Turismo estatal y <strong>Rodrigo Vel\u00e1zquez<\/strong>, director del restaurante Labrant\u00edo de Hacienda Lagunillas.<\/p>\n<p>La titular de turismo, dijo: \u201ces importante contar con eventos gastron\u00f3micos que ponen a Quer\u00e9taro en la palestra nacional e internacional y que abren la posibilidad de disfrutar de cocina de talla internacional, en nuestro territorio.<\/p>\n<p>\u201cQuer\u00e9taro recibe a lo mejor del mundo de la gastronom\u00eda, para combinarlo con lo mejor de nuestros vinos, el arte y nuestra oferta tur\u00edstica. <em>Michelin Chefs Meets Quer\u00e9taro,<\/em> se est\u00e1 convirtiendo en un evento que llama la atenci\u00f3n en el centro del pa\u00eds, y coloca a la gastronom\u00eda como un pilar de la atracci\u00f3n tur\u00edstica para nuestro estado\u201d afirm\u00f3.<\/p>\n<p>Por su parte, el director general para Europa de la Secretar\u00eda de Relaciones Exteriores, <strong>Bernardo Aguilar Calvo<\/strong>, subray\u00f3 \u201cel desempe\u00f1o del estado de Quer\u00e9taro, como un ejemplo del desarrollo industrial, comercial y tur\u00edstico lo convierte, en centro de atracci\u00f3n de importantes eventos que cuentan con el respaldo y el prestigio de grandes marcas internacionales. Quer\u00e9taro le imprime un importante dinamismo a su econom\u00eda; con una visi\u00f3n de vanguardia y modernidad, apostando a la reactivaci\u00f3n de la econom\u00eda y de diferentes \u00e1mbitos y esferas; y eso habla bastante bien de este estado.<\/p>\n<p>De igual forma, <strong>Rodrigo Vel\u00e1zquez<\/strong>, dijo que <em>Michelin Chefs Meets Quer\u00e9taro,<\/em> contempla la realizaci\u00f3n de tres eventos donde los chefs reconocidos con Estrellas <em>Michelin,<\/em> preparar\u00e1n men\u00fas especiales maridados con vinos y destilados mexicanos, y visitar\u00e1n lugares emblem\u00e1ticos del estado de Quer\u00e9taro combinando experiencias con el arte, cultura y el estilo de vida. En cada una de las tres ediciones se espera la participaci\u00f3n de 250 personas.<\/p>\n<p>El 13 de mayo ser\u00e1 la primera edici\u00f3n en el Museo Regional de Quer\u00e9taro, con los chefs <em>Michelin,<\/em> <strong>Aurelio Morales<\/strong> y <strong>Vicente Torres<\/strong>, quienes preparar\u00e1n men\u00fa especial maridado con vinos de la bodega queretana Puerta del Lobo. Habr\u00e1 subasta de arte a beneficio del Museo Regional de Quer\u00e9taro y a cargo de la Galer\u00eda de Arte Impulso con obras de <strong>Rams\u00e9s de la Cruz<\/strong>, <strong>Fernando Garrido<\/strong>, entre otros artistas y la presencia de <em>Quer\u00e9taro Fashion Show.<\/em><\/p>\n<p>El chef <strong>Vicente Torres<\/strong>, originario de Ibiza, Espa\u00f1a, cuenta con m\u00e1s de 25 a\u00f1os de experiencia en la cocina. Galardonado con una estrella Michelin en el restaurante La Sucursal, en el Instituto Valenciano de Arte Moderno (IVAM).<\/p>\n<p>El chef <strong>Aurelio Morales<\/strong>, es el cocinero principal del restaurante Cebo en Madrid, Espa\u00f1a. Galardonado con Estrella <em>Michelin,<\/em> dos Soles Repsol desde 2018. Formado en Catalu\u00f1a de la mano de <strong>Paco P\u00e9rez<\/strong> (seis Estrellas <em>Michelin<\/em>) siendo su mano derecha como jefe de cocina y creatividad en Miramar.<\/p>\n<p>El segundo evento ser\u00e1 en agosto, en el corredor gastron\u00f3mico Barrio Santiago y el tercero en octubre en Hacienda Lagunillas.<\/p>\n<p>En la conferencia de prensa estuvieron: <strong>Paulina Aguado Romero<\/strong>, diputada federal por Quer\u00e9taro e integrante de la Comisi\u00f3n de Turismo; <strong>Werner Ruess<\/strong>, director de Relaciones <em>Michelin;<\/em> <strong>Ra\u00fal Ch\u00e1vez<\/strong>, director de la Galer\u00eda Arte Impulso; <strong>Paulina Mac\u00edas<\/strong>, directora del Museo Regional de Quer\u00e9taro; y <strong>Karla Sabre<\/strong>, directora de <em>Quer\u00e9taro Fashion Show.<\/em><\/p>\n<p>\u2730\u2730\u2730\u2730\u2730 <em>AMR Collection, <\/em>filial de <em>Apple Leisure Group,<\/em> abrir\u00e1, en 2023, su segundo resort <em>\u2014Secrets St. Lucia Resort &amp; Spa\u2014<\/em> en la isla de Santa Luc\u00eda en el Caribe. El inmueble abrir\u00e1 despu\u00e9s de que el nuevo <em>Zo\u00ebtry Marigot Bay St. Lucia<\/em> \u2014otra marca de la cadena\u2014 abra sus puertas.<\/p>\n<p>Conocido actualmente como <em>St. James\u2019s Club Morgan Bay<\/em>, el inmueble ser\u00e1 sometido a exhaustiva transformaci\u00f3n \u2014a partir de septiembre de este a\u00f1o\u2014 para adaptarlo a los est\u00e1ndares de la hotelera. Una vez reconvertido, el nuevo <em>Secrets St. Lucia Resort &amp; Spa<\/em> funcionar\u00e1 bajo el modelo \u2018Solo adultos\u2019 y contar\u00e1 con 342 habitaciones.<\/p>\n<p><strong>Javier Coll<\/strong>, presidente de Desarrollo Global de <em>Apple Leisure Group, indic\u00f3: \u201cAMR Collection<\/em> est\u00e1 feliz de aumentar su presencia en el Caribe, Santa Luc\u00eda, la espectacular isla, llena de maravillas naturales, destino perfecto para que la marca d\u00e9 la bienvenida a los hu\u00e9spedes que buscan escapadas de lujo s\u00f3lo para adultos\u201d.<\/p>\n<p>&nbsp;<\/p>\n<blockquote>\n<p style=\"text-align: right;\">\u201c<strong>El<\/strong> <strong>\u00e1ngel de la fama tiene sus alas hechas de papel&#8230; peri\u00f3dico\u201d.<br \/>\n<\/strong><\/p>\n<\/blockquote>\n<p>&nbsp;<\/p>\n<p><em><span class=\"Apple-converted-space\"><a href=\"mailto:victoriagprado@gmail.com\" target=\"_blank\" rel=\"noopener noreferrer\">victoriagprado@gmail.com<\/a><br \/>\nTwitter: <a href=\"https:\/\/twitter.com\/victoriagprado\" target=\"_blank\" rel=\"noopener noreferrer\">@victoriagprado<\/a><\/span><\/em><\/p>\n","protected":false},"excerpt":{"rendered":"<p>Trabajadores del sector tur\u00edstico en nuestro pa\u00eds podr\u00e1n trabajar en Dub\u00e1i, Arabia Saudita, Bahr\u00e9in o Qatar, que ser\u00e1 sede del pr\u00f3ximo mundial de futbol.<\/p>\n","protected":false},"author":3,"featured_media":543329,"comment_status":"open","ping_status":"open","sticky":false,"template":"","format":"standard","meta":{"_monsterinsights_skip_tracking":false,"_monsterinsights_sitenote_active":false,"_monsterinsights_sitenote_note":"","_monsterinsights_sitenote_category":0,"footnotes":""},"categories":[11],"tags":[107,43674,43681,106],"class_list":["post-543243","post","type-post","status-publish","format-standard","has-post-thumbnail","hentry","category-turismo","tag-de-cinco-estrellas","tag-opinion","tag-turismo","tag-victoria-gonzalez-prado"],"_links":{"self":[{"href":"https:\/\/www.diarioimagen.net\/index.php?rest_route=\/wp\/v2\/posts\/543243","targetHints":{"allow":["GET"]}}],"collection":[{"href":"https:\/\/www.diarioimagen.net\/index.php?rest_route=\/wp\/v2\/posts"}],"about":[{"href":"https:\/\/www.diarioimagen.net\/index.php?rest_route=\/wp\/v2\/types\/post"}],"author":[{"embeddable":true,"href":"https:\/\/www.diarioimagen.net\/index.php?rest_route=\/wp\/v2\/users\/3"}],"replies":[{"embeddable":true,"href":"https:\/\/www.diarioimagen.net\/index.php?rest_route=%2Fwp%2Fv2%2Fcomments&post=543243"}],"version-history":[{"count":0,"href":"https:\/\/www.diarioimagen.net\/index.php?rest_route=\/wp\/v2\/posts\/543243\/revisions"}],"wp:featuredmedia":[{"embeddable":true,"href":"https:\/\/www.diarioimagen.net\/index.php?rest_route=\/wp\/v2\/media\/543329"}],"wp:attachment":[{"href":"https:\/\/www.diarioimagen.net\/index.php?rest_route=%2Fwp%2Fv2%2Fmedia&parent=543243"}],"wp:term":[{"taxonomy":"category","embeddable":true,"href":"https:\/\/www.diarioimagen.net\/index.php?rest_route=%2Fwp%2Fv2%2Fcategories&post=543243"},{"taxonomy":"post_tag","embeddable":true,"href":"https:\/\/www.diarioimagen.net\/index.php?rest_route=%2Fwp%2Fv2%2Ftags&post=543243"}],"curies":[{"name":"wp","href":"https:\/\/api.w.org\/{rel}","templated":true}]}}