{"id":543286,"date":"2022-04-18T00:05:37","date_gmt":"2022-04-18T05:05:37","guid":{"rendered":"https:\/\/www.diarioimagen.net\/?p=543286"},"modified":"2022-04-18T01:58:09","modified_gmt":"2022-04-18T06:58:09","slug":"el-judas-del-pri","status":"publish","type":"post","link":"https:\/\/www.diarioimagen.net\/?p=543286","title":{"rendered":"El judas del PRI"},"content":{"rendered":"<h2>Perfil de M\u00e9xico<\/h2>\n<h5>Armando R\u00edos Ruiz<\/h5>\n<p>&nbsp;<\/p>\n<p>El judas del PRI, Carlos Miguel Aysa Damas, parece haber escogido el\u00a0 mejor momento para emular al Iscariote, que vendi\u00f3 a Jes\u00fas por 30\u00a0 monedas de plata (aunque desfasado s\u00f3lo unos d\u00edas), para despu\u00e9s, arrepentido por su terrible y alt\u00edsima traici\u00f3n, colgarse de un \u00e1rbol. \u00bfC\u00f3mo ser\u00e1 el sacrificio del moderno \u00e9mulo? \u00bfTendr\u00e1 la suficiente entereza y valor para concretar al pie de la letra su remedo?<\/p>\n<p>La reforma el\u00e9ctrica se discutir\u00eda ayer y de acuerdo con lo que se ve\u00eda, no hab\u00eda de d\u00f3nde se colgar\u00edan los morenistas para conseguir 57 votos (O 56) que le hac\u00edan falta para aprobarla. Aunque nunca se sabe, porque el primer traidor tiene el nombre que ser\u00e1 hecho pedazos por los cr\u00edticos. Los que siguen se notar\u00e1n menos y en este caso, es posible que otros legisladores den su brazo a torcer y no sean tan se\u00f1alados, por pasar inadvertidos.<\/p>\n<p>Como quiera que sea, el caso de Aysa Damas ha sonado con fuerza, porque engendra en la cabeza de muchos mexicanos, la idea de que su padre, Carlos Miguel Aysa Gonz\u00e1lez -quien sustituy\u00f3 interinamente a Alejandro Moreno, cuando \u00e9ste decidi\u00f3 dejar el gobierno de Campeche para incorporarse de lleno al PRI como presidente de este menguado partido-, le solicit\u00f3 que se convirtiera en traidor, para que el Presidente decidiera enviarlo a la embajada de Rep\u00fablica Dominicana.<\/p>\n<p>En su momento se supo que la decisi\u00f3n de enviarlo a la isla del caribe estaba en el filo del arrepentimiento. Luego se liber\u00f3 a favor del ex gobernador y enseguida se supo que el hijo hab\u00eda decidido traicionar a su partido, despu\u00e9s de que su presidente nacional dio a conocer a los cuatro vientos, que ya hab\u00eda dado instrucci\u00f3n para que sus legisladores votaran en contra.<\/p>\n<p>Hay que reconocer tambi\u00e9n que los mismos priistas tuvieron la culpa de que los de Morena decidieran buscar en sus filas a los traidores que podr\u00edan dar su brazo a torcer a favor de la tan criticada reforma, ya que en diferentes momentos han coqueteado o han dejado ver que no estaban alejados de dar el s\u00ed. El PRI fue el \u00fanico partido que se dijo abierto al di\u00e1logo. Su coordinador en San L\u00e1zaro,\u00a0Rub\u00e9n Moreira, declar\u00f3 que no deb\u00eda cerrarse.<\/p>\n<p>Durante el Parlamento Abierto, el gobernador pri\u00edsta,\u00a0Omar Fayad, propuso dar incentivos fiscales a quienes fortalezcan la generaci\u00f3n de veh\u00edculos el\u00e9ctricos.<\/p>\n<p>El mismo\u00a0Rub\u00e9n Moreira\u00a0propuso la instalaci\u00f3n de paneles solares en los hogares mexicanos. Ambas propuestas fueron arropadas por Morena. El vicecoordinador del PRI, Marco Antonio Mendoza, present\u00f3 una iniciativa igual a la del Presidente de M\u00e9xico. La dirigencia del tricolor se deslind\u00f3.<\/p>\n<p>El argumento que esgrimi\u00f3 el diputado Aysa es tan rid\u00edculo, que ofende a la inteligencia menos brillante. Apunt\u00f3: \u201cLa decisi\u00f3n se debe al pueblo, m\u00e1s que a caprichos o intereses de una persona o grupo y despu\u00e9s de leer que fueron incluidos en el Dictamen de la Reforma los 12 puntos que aprob\u00f3 el Consejo Pol\u00edtico del PRI. \u00bfDesde cu\u00e1ndo nuestros diputados representan al pueblo?<\/p>\n<p>Mejor que diga que a alguien en Morena se le ocurri\u00f3 amenazar al padre con acusarlo ante las autoridades pertinentes, para que investiguen sobre la residencia de m\u00e1s de 25 millones de pesos que adquiri\u00f3 durante su funci\u00f3n como secretario de Gobierno en Campeche, antes de convertirse en gobernador. Se habla de moches por diferentes negocios y hasta del dinero que se esfum\u00f3 de los hospitales.<\/p>\n<p>Se habla, asimismo, de que el propio Aysa Gonz\u00e1lez sol\u00eda deslindarse de alguna culpa por la construcci\u00f3n de lo que en Campeche llaman la \u201ccasa blanca\u201d, con el argumento de que un gobernador no pod\u00eda vivir m\u00e1s que en una mansi\u00f3n, parecida a la que habitaba \u201cAlito\u201d Moreno, mientras permaneci\u00f3 en su tierra natal como gobernador. \u00a1Qu\u00e9 argumento tan contundente!<\/p>\n<p>De todas formas, lo de traidor y judas permanecer\u00e1 para siempre. \u00bfC\u00f3mo alguien podr\u00e1 volver a confiar en este joven diputado que apenas comienza a asomar la cabeza en los quehaceres de la pol\u00edtica? Tal vez alg\u00fan d\u00eda, de permanecer en estas filas, alguien necesite un traidor. Entonces, su decisi\u00f3n podr\u00e1 servirle para continuar su carrera, pero s\u00f3lo visto como el que est\u00e1 dispuesto a venderse.<\/p>\n<p><a href=\"mailto:ariosruiz@gmail.com\" target=\"_blank\" rel=\"noopener noreferrer\"><em>ariosruiz@gmail.com<\/em><\/a><\/p>\n","protected":false},"excerpt":{"rendered":"<p><span style=\"color: #005497;\"><strong>Armando R\u00edos Ruiz<\/strong><\/span><\/p>\n","protected":false},"author":3,"featured_media":0,"comment_status":"open","ping_status":"open","sticky":false,"template":"","format":"standard","meta":{"_monsterinsights_skip_tracking":false,"_monsterinsights_sitenote_active":false,"_monsterinsights_sitenote_note":"","_monsterinsights_sitenote_category":0,"footnotes":""},"categories":[88405],"tags":[88407,43674,91193],"class_list":["post-543286","post","type-post","status-publish","format-standard","hentry","category-armando-rios-ruiz","tag-armando-rios-ruiz","tag-opinion","tag-perfil-de-mexico"],"_links":{"self":[{"href":"https:\/\/www.diarioimagen.net\/index.php?rest_route=\/wp\/v2\/posts\/543286","targetHints":{"allow":["GET"]}}],"collection":[{"href":"https:\/\/www.diarioimagen.net\/index.php?rest_route=\/wp\/v2\/posts"}],"about":[{"href":"https:\/\/www.diarioimagen.net\/index.php?rest_route=\/wp\/v2\/types\/post"}],"author":[{"embeddable":true,"href":"https:\/\/www.diarioimagen.net\/index.php?rest_route=\/wp\/v2\/users\/3"}],"replies":[{"embeddable":true,"href":"https:\/\/www.diarioimagen.net\/index.php?rest_route=%2Fwp%2Fv2%2Fcomments&post=543286"}],"version-history":[{"count":0,"href":"https:\/\/www.diarioimagen.net\/index.php?rest_route=\/wp\/v2\/posts\/543286\/revisions"}],"wp:attachment":[{"href":"https:\/\/www.diarioimagen.net\/index.php?rest_route=%2Fwp%2Fv2%2Fmedia&parent=543286"}],"wp:term":[{"taxonomy":"category","embeddable":true,"href":"https:\/\/www.diarioimagen.net\/index.php?rest_route=%2Fwp%2Fv2%2Fcategories&post=543286"},{"taxonomy":"post_tag","embeddable":true,"href":"https:\/\/www.diarioimagen.net\/index.php?rest_route=%2Fwp%2Fv2%2Ftags&post=543286"}],"curies":[{"name":"wp","href":"https:\/\/api.w.org\/{rel}","templated":true}]}}