{"id":543410,"date":"2022-04-19T00:04:19","date_gmt":"2022-04-19T05:04:19","guid":{"rendered":"https:\/\/www.diarioimagen.net\/?p=543410"},"modified":"2022-04-19T06:49:52","modified_gmt":"2022-04-19T11:49:52","slug":"se-concreto-la-traicion-al-pueblo-de-mexico-diputado-isaac-montoya","status":"publish","type":"post","link":"https:\/\/www.diarioimagen.net\/?p=543410","title":{"rendered":"Se concret\u00f3 la \u201ctraici\u00f3n al pueblo de M\u00e9xico\u201d: diputado Isaac Montoya"},"content":{"rendered":"<p>&nbsp;<\/p>\n<p><a href=\"https:\/\/www.diarioimagen.net\/?attachment_id=543520\" rel=\"attachment wp-att-543520\"><img loading=\"lazy\" decoding=\"async\" class=\"aligncenter size-full wp-image-543520\" src=\"https:\/\/www.diarioimagen.net\/wp-content\/uploads\/2022\/04\/naucalpan-11.jpg\" alt=\"\" width=\"460\" height=\"270\" \/><\/a><\/p>\n<p>&nbsp;<\/p>\n<p><strong>Naucalpan, Estado de M\u00e9xico.\u2014<\/strong> El diputado Isaac Montoya se uni\u00f3 a lo expresado por el presidente Andr\u00e9s Manuel L\u00f3pez Obrador, quien calific\u00f3 como lamentable lo sucedido en la C\u00e1mara de Diputados y asegur\u00f3 que al no aprobar la reforma el\u00e9ctrica, se realiz\u00f3 una traici\u00f3n al pueblo mexicano.<\/p>\n<p>Efectivamente, \u201cse cometi\u00f3 un acto de traici\u00f3n al pueblo de M\u00e9xico\u201d, dijo Montoya M\u00e1rquez. Adem\u00e1s, AMLO asegur\u00f3 que las y los legisladores de la oposici\u00f3n se convirtieron en defensores de las empresas extranjeras y \u201crespaldaron a los saqueadores\u201d, al votar en contra de la reforma el\u00e9ctrica.<\/p>\n","protected":false},"excerpt":{"rendered":"<p>El diputado Isaac Montoya se uni\u00f3 a lo expresado por el presidente Andr\u00e9s Manuel L\u00f3pez Obrador, quien calific\u00f3 como lamentable lo sucedido en la C\u00e1mara de Diputados y asegur\u00f3 que al no aprobar la reforma el\u00e9ctrica, se realiz\u00f3 una traici\u00f3n al pueblo mexicano.<\/p>\n","protected":false},"author":3,"featured_media":543520,"comment_status":"open","ping_status":"open","sticky":false,"template":"","format":"standard","meta":{"_monsterinsights_skip_tracking":false,"_monsterinsights_sitenote_active":false,"_monsterinsights_sitenote_note":"","_monsterinsights_sitenote_category":0,"footnotes":""},"categories":[5],"tags":[44,92565,95244],"class_list":["post-543410","post","type-post","status-publish","format-standard","has-post-thumbnail","hentry","category-estado-de-mexico","tag-mexico","tag-reforma-electrica","tag-traicion"],"_links":{"self":[{"href":"https:\/\/www.diarioimagen.net\/index.php?rest_route=\/wp\/v2\/posts\/543410","targetHints":{"allow":["GET"]}}],"collection":[{"href":"https:\/\/www.diarioimagen.net\/index.php?rest_route=\/wp\/v2\/posts"}],"about":[{"href":"https:\/\/www.diarioimagen.net\/index.php?rest_route=\/wp\/v2\/types\/post"}],"author":[{"embeddable":true,"href":"https:\/\/www.diarioimagen.net\/index.php?rest_route=\/wp\/v2\/users\/3"}],"replies":[{"embeddable":true,"href":"https:\/\/www.diarioimagen.net\/index.php?rest_route=%2Fwp%2Fv2%2Fcomments&post=543410"}],"version-history":[{"count":0,"href":"https:\/\/www.diarioimagen.net\/index.php?rest_route=\/wp\/v2\/posts\/543410\/revisions"}],"wp:featuredmedia":[{"embeddable":true,"href":"https:\/\/www.diarioimagen.net\/index.php?rest_route=\/wp\/v2\/media\/543520"}],"wp:attachment":[{"href":"https:\/\/www.diarioimagen.net\/index.php?rest_route=%2Fwp%2Fv2%2Fmedia&parent=543410"}],"wp:term":[{"taxonomy":"category","embeddable":true,"href":"https:\/\/www.diarioimagen.net\/index.php?rest_route=%2Fwp%2Fv2%2Fcategories&post=543410"},{"taxonomy":"post_tag","embeddable":true,"href":"https:\/\/www.diarioimagen.net\/index.php?rest_route=%2Fwp%2Fv2%2Ftags&post=543410"}],"curies":[{"name":"wp","href":"https:\/\/api.w.org\/{rel}","templated":true}]}}