{"id":543412,"date":"2022-04-19T00:01:52","date_gmt":"2022-04-19T05:01:52","guid":{"rendered":"https:\/\/www.diarioimagen.net\/?p=543412"},"modified":"2022-04-19T06:59:19","modified_gmt":"2022-04-19T11:59:19","slug":"hay-una-oposicion-unida-aseguran-legisladores-y-regidores-de-pri-pan-y-prd-en-el-edomex","status":"publish","type":"post","link":"https:\/\/www.diarioimagen.net\/?p=543412","title":{"rendered":"Hay una oposici\u00f3n unida, aseguran legisladores y regidores de PRI, PAN y PRD, en el Edomex"},"content":{"rendered":"<p>&nbsp;<\/p>\n<ul>\n<li><strong><em>Tras echar atr\u00e1s reforma electrica de AMLO<\/em><\/strong><\/li>\n<\/ul>\n<p>&nbsp;<\/p>\n<h6>Arturo Baena<\/h6>\n<p>&nbsp;<\/p>\n<div id=\"attachment_543530\" style=\"width: 470px\" class=\"wp-caption aligncenter\"><a href=\"https:\/\/www.diarioimagen.net\/?attachment_id=543530\" rel=\"attachment wp-att-543530\"><img loading=\"lazy\" decoding=\"async\" aria-describedby=\"caption-attachment-543530\" class=\"size-full wp-image-543530\" src=\"https:\/\/www.diarioimagen.net\/wp-content\/uploads\/2022\/04\/valle-6.jpg\" alt=\"\" width=\"460\" height=\"270\" \/><\/a><p id=\"caption-attachment-543530\" class=\"wp-caption-text\">La\u00a0reforma el\u00e9ctrica impulsada por el presidente Andr\u00e9s Manuel L\u00f3pez Obrador\u00a0 fue rechazada\u00a0en la C\u00e1mara de Diputados.<\/p><\/div>\n<p>&nbsp;<\/p>\n<p><strong>Valle de Mexico.\u2014<\/strong> Luego de que la reforma el\u00e9ctrica impulsada por el presidente Andr\u00e9s Manuel L\u00f3pez Obrador fuera rechazada en la C\u00e1mara de Diputados, diversos actores pol\u00edticos mexiquenses celebraron la unidad de los partidos de oposici\u00f3n y advirtieron que \u00e9sta ser\u00e1 clave para la sucesi\u00f3n en 2024.<\/p>\n<p>Legisladores,s\u00edndicos y regidores mexiquenses del PRI, PAN y PRD, coincidieron en se\u00f1alar que\u00a0 \u201ca pesar de todas sus triqui\u00f1uelas (del presidente L\u00f3pez Obrador) su iniciativa no pas\u00f3, porque lo oposici\u00f3n unida lo impidi\u00f3\u201d.<\/p>\n<p>En ese orden de ideas, el representante popular panista Agust\u00edn Belgodere y Siovia Rojas, del PRI, recordaron que\u00a0 Morena intent\u00f3 bloquear el acceso a San L\u00e1zaro e incluso cambi\u00f3 la fecha de la votaci\u00f3n de \u00faltimo momento.<\/p>\n<p>\u201cLa oposici\u00f3n unida le sirve mucho a M\u00e9xico, pues logr\u00f3 frenar otra necedad del presidente y de su gobierno\u201d, destacaron.<\/p>\n<p>De acuerdo con los pol\u00edticos del Estado de Mexico, la reforma el\u00e9ctrica de AMLO \u201ciba a causar much\u00edsimo da\u00f1o\u201d porque privilegiaba la energ\u00eda cara y sucia por encima de las\u00a0energ\u00edas limpias, adem\u00e1s de que se reforzar\u00edan\u00a0los \u201cmonopolios del Estado\u201d.<\/p>\n<p>Finalmente, el regidor panista Agust\u00edn Belgodere, destac\u00f3 que \u201ceste es un primer paso para quitarle el poder a Morena que tanto da\u00f1o ha hecho al pa\u00eds\u201d, concluy\u00f3.<\/p>\n","protected":false},"excerpt":{"rendered":"<p>Luego de que la reforma el\u00e9ctrica impulsada por el presidente Andr\u00e9s Manuel L\u00f3pez Obrador fuera rechazada en la C\u00e1mara de Diputados, diversos actores pol\u00edticos mexiquenses celebraron la unidad de los partidos de oposici\u00f3n y advirtieron que \u00e9sta ser\u00e1 clave para la sucesi\u00f3n en 2024.<\/p>\n","protected":false},"author":3,"featured_media":543530,"comment_status":"open","ping_status":"open","sticky":false,"template":"","format":"standard","meta":{"_monsterinsights_skip_tracking":false,"_monsterinsights_sitenote_active":false,"_monsterinsights_sitenote_note":"","_monsterinsights_sitenote_category":0,"footnotes":""},"categories":[5],"tags":[87934,91,211,362,95245,34],"class_list":["post-543412","post","type-post","status-publish","format-standard","has-post-thumbnail","hentry","category-estado-de-mexico","tag-oposicion","tag-pan","tag-prd","tag-pri","tag-unida","tag-valle-de-mexico"],"_links":{"self":[{"href":"https:\/\/www.diarioimagen.net\/index.php?rest_route=\/wp\/v2\/posts\/543412","targetHints":{"allow":["GET"]}}],"collection":[{"href":"https:\/\/www.diarioimagen.net\/index.php?rest_route=\/wp\/v2\/posts"}],"about":[{"href":"https:\/\/www.diarioimagen.net\/index.php?rest_route=\/wp\/v2\/types\/post"}],"author":[{"embeddable":true,"href":"https:\/\/www.diarioimagen.net\/index.php?rest_route=\/wp\/v2\/users\/3"}],"replies":[{"embeddable":true,"href":"https:\/\/www.diarioimagen.net\/index.php?rest_route=%2Fwp%2Fv2%2Fcomments&post=543412"}],"version-history":[{"count":0,"href":"https:\/\/www.diarioimagen.net\/index.php?rest_route=\/wp\/v2\/posts\/543412\/revisions"}],"wp:featuredmedia":[{"embeddable":true,"href":"https:\/\/www.diarioimagen.net\/index.php?rest_route=\/wp\/v2\/media\/543530"}],"wp:attachment":[{"href":"https:\/\/www.diarioimagen.net\/index.php?rest_route=%2Fwp%2Fv2%2Fmedia&parent=543412"}],"wp:term":[{"taxonomy":"category","embeddable":true,"href":"https:\/\/www.diarioimagen.net\/index.php?rest_route=%2Fwp%2Fv2%2Fcategories&post=543412"},{"taxonomy":"post_tag","embeddable":true,"href":"https:\/\/www.diarioimagen.net\/index.php?rest_route=%2Fwp%2Fv2%2Ftags&post=543412"}],"curies":[{"name":"wp","href":"https:\/\/api.w.org\/{rel}","templated":true}]}}