{"id":543439,"date":"2022-04-19T00:02:03","date_gmt":"2022-04-19T05:02:03","guid":{"rendered":"https:\/\/www.diarioimagen.net\/?p=543439"},"modified":"2022-04-19T02:19:12","modified_gmt":"2022-04-19T07:19:12","slug":"ley-minera-pirrico-triunfo-de-morena","status":"publish","type":"post","link":"https:\/\/www.diarioimagen.net\/?p=543439","title":{"rendered":"Ley Minera, p\u00edrrico triunfo de Morena"},"content":{"rendered":"<h2>La Retaguardia<\/h2>\n<h5>Adriana Moreno Cordero<\/h5>\n<p>&nbsp;<\/p>\n<ul>\n<li><em><strong>\u201c\u00bfA ver, Gutierritos y Nachito, s\u00ed pueden con esta encomienda?\u201d<\/strong><\/em><\/li>\n<\/ul>\n<p>&nbsp;<\/p>\n<p>Alguien le hubiera tomado una fotograf\u00eda al coordinador de la bancada de Morena en San L\u00e1zaro, <strong>Ignacio Mier Velazco<\/strong> una vez que se registr\u00f3 la votaci\u00f3n -hist\u00f3rica, s\u00ed-, mediante la cual, la oposici\u00f3n tumb\u00f3 la controvertida reforma el\u00e9ctrica propuesta por el presidente <strong>Andr\u00e9s Manuel L\u00f3pez Obrador<\/strong>; era de impotencia y frustraci\u00f3n total porque no le cumpli\u00f3 a su jefe por m\u00e1s esfuerzos que hizo y que enton\u00f3 -medio desafinado, por cierto-, junto con los otros integrantes de su fracci\u00f3n parlamentaria, el Himno Nacional a media sesi\u00f3n, lo que est\u00e1 prohibido en el Reglamento cameral. Bueno, hizo el legislador poblano peor gesto de malestar que cuando le recordaron sus v\u00ednculos ni m\u00e1s ni menos que con el llamado \u201cg\u00f3ber precioso\u201d, <strong>Mario Mar\u00edn<\/strong>.<\/p>\n<p>En cambio, el presidente de la Mesa Directiva de la C\u00e1mara Baja, <strong>Sergio Guti\u00e9rrez Luna<\/strong>, mejor conocido en los corrillos parlamentarios como #Gutierritos, que toda la jornada de ese Domingo de Resurrecci\u00f3n la condujo parcialmente a favor, desde luego, de la mayor\u00eda del partido oficial y sus r\u00e9moras, intent\u00f3 seguir con el rostro imp\u00e1vido, sabedor de que no tardar\u00eda mucho en llegar la dur\u00edsima reprimenda desde Palacio Nacional y lo peor, con esto de que la reforma el\u00e9ctrica termin\u00f3 de morir en San L\u00e1zaro, bajaron considerablemente sus posibilidades de convertirse en la carta favorita de L\u00f3pez Obrador para la gubernatura de Veracruz, y con eso de que el actual mandatario estatal, <strong>Cuitl\u00e1huac Garc\u00eda<\/strong> ni lo conoce, ni quiere que lo relacionen con \u00e9l, pues\u2026<\/p>\n<p>Y ya que se habla de caras y gestos, el m\u00e1s esperado fue el del inquilino de Palacio Nacional, que aunque sab\u00eda que su retr\u00f3grada reforma no pasar\u00eda, no pudo aceptar la derrota que adem\u00e1s, le viene a confirmar que sus apoyos y seguidores, van a la baja sin que \u00e9l pueda hacer mucho para revertir este efecto.<\/p>\n<p>En su gustad\u00edsimo \u201cstand-up\u201d ma\u00f1anero, el de Tepetit\u00e1n hizo un abierto llamado para sacar lo m\u00e1s r\u00e1pido posible y sobre las rodillas la reforma de la Ley Minera, \u201cahora ya no se requieren dos terceras partes, es mayor\u00eda simple y hago un llamado tambi\u00e9n respetuoso a los senadores, para que -si es posible hoy o ma\u00f1ana- ya se proteja el litio\u201d. Nada m\u00e1s le falt\u00f3 agregar a L\u00f3pez Obrador algo as\u00ed como: \u201ca ver, Gutierritos y Nachito, si con esta encomienda s\u00ed pueden o me van a salir con lo mismo\u201d y ambos legisladores sudorosos y nerviosos asentando con la cabeza.<\/p>\n<p>La premura del tabasque\u00f1o era evidente, pero lo que llama poderosamente la atenci\u00f3n es que desde que empez\u00f3 todo este debate, tal pareciera que el flamante director de la Comisi\u00f3n Federal de Electricidad (CFE), <strong>Manuel Bartlett<\/strong>, sabe y mucho, de los manejos opacos que el Presidente hace por \u201cdebajo del agua\u201d, porque es hasta obsesiva la insistencia del Ejecutivo por defender, en este caso, lo indefendible.<\/p>\n<p>Cuesti\u00f3n de recordar c\u00f3mo L\u00f3pez Obrador, el a\u00f1o pasado, defendi\u00f3 \u201ca capa y espada\u201d al ex gobernador poblano, cuando lo se\u00f1alaron como responsable de apagones en varios estados del pa\u00eds. Entonces, dijo el tabasque\u00f1o, \u201ces m\u00e1s,\u00a0no es con Manuel Bartlett, es con el Presidente, porque depende del titular del Ejecutivo, yo lo nombr\u00e9\u201d.<\/p>\n<p>En fin, como desahogo de toda la frustraci\u00f3n y el enojo de L\u00f3pez Obrador y compa\u00f1\u00eda, ayer, en una escena \u201cfast-track\u201d present\u00f3 la reforma de la Ley Minera, para ver si por esta v\u00eda, se puede fortalecer al director de la CFE, porque para \u00e9sta no se requiere de mayor\u00eda absoluta.<\/p>\n<p>Sin embargo, apenas iniciada la sesi\u00f3n en el Palacio Legislativo de San L\u00e1zaro, diputados de Va por M\u00e9xico se salieron de la sesi\u00f3n en la que, otra vez, la mayor\u00eda morenista intentaba a pie juntillas cumplir con las instrucciones de su jefe y como prueba est\u00e1 que se aprob\u00f3 la dispensa de tr\u00e1mites a la iniciativa del Ejecutivo que se public\u00f3, tambi\u00e9n \u201cfast-track\u201d en la Gaceta Parlamentaria.<\/p>\n<p>Los diputados del bloque opositor se retiraron del Sal\u00f3n de Sesiones porque la consideraron como un albazo legislativo, mientras los morenistas gritaban desahogando su frustraci\u00f3n: \u201c\u00a1no se vayan, no le saquen, no sean traidores\u201d<\/p>\n<p>Lo que de manera previa anunciaron los diputados de la oposici\u00f3n es que se abstendr\u00edan y las mociones suspensivas que propusieron porque la referida Ley ni siquiera pas\u00f3 por Comisiones, obviamente fueron desechadas por una desesperada mayor\u00eda oficial<\/p>\n<p>El l\u00edder nacional del PAN, <strong>Marko Cort\u00e9s<\/strong>, se\u00f1al\u00f3 en conferencia de prensa: \u201cLo que el Presidente quiere es poner un triunfo p\u00edrrico al d\u00eda siguiente de su gran derrota, pero no es v\u00e1lido que quiera vulnerar todo el proceso legislativo, porque dejar pasar un precedente as\u00ed (con la Ley Minera), significar\u00eda que despu\u00e9s, en otros temas, quieran hacer exactamente lo mismo y no lo vamos nosotros a tolerar\u201d.<\/p>\n<p style=\"text-align: center;\"><strong>Municiones<\/strong><\/p>\n<p>*** Hizo bien el presidente de la Junta de Coordinaci\u00f3n Pol\u00edtica del Senado de la Rep\u00fablica, <strong>Ricardo Monreal,<\/strong> en no mezclarse con la v\u00edscera y el odio que caracteriza a la mayor\u00eda de los morenistas. Ante la insistencia de que diera su opini\u00f3n sobre la sesi\u00f3n que se llev\u00f3 a cabo en el Domingo de Resurrecci\u00f3n, estim\u00f3 que: \u201cyo creo que lo que ayer pas\u00f3 (en la C\u00e1mara de Diputados) fue una circunstancia propia de las democracias.\u00a0En una democracia se gana y se pierde. Y en un Congreso como el nuestro se tiene que dialogar mucho, platicar y convencer para lograr acuerdos que puedan alcanzar mayor\u00edas calificadas.\u00a0Yo no expreso ning\u00fan adjetivo, los diputados actuaron conforme a lo que ellos pensaron que estaba bien. Los diputados y diputadas del bloque opositor, saben por qu\u00e9 lo hicieron y yo no voy a descalificar ni a satanizar ning\u00fan tipo de voto que se haya expresado; porque he sido parlamentario toda una vida y he sido producto y motivo de venganzas, revanchas, ep\u00edtetos, descalificaciones a trav\u00e9s de mi historia parlamentaria, por haber estado en desacuerdo con una ley o con una norma.\u00a0Por lo que yo no emitir\u00e9 ninguna expresi\u00f3n reprobatoria para quienes votaron en una o en otra forma.<\/p>\n<p>*** El dirigente nacional de Morena, <strong>Mario Mart\u00edn Delgado<\/strong>, anunci\u00f3 que iniciar\u00e1 una campa\u00f1a que tendr\u00eda como objetivo exhibir a los legisladores que votaron contra la reforma el\u00e9ctrica, \u201cque el pueblo sepa qui\u00e9n le dio la espalda\u201d. Curiosamente, \u00e9sta se desplegar\u00e1 por los seis estados donde se renovar\u00e1n gubernaturas este a\u00f1o: Aguascalientes, Durango, Hidalgo, Oaxaca, Tamaulipas y Quintana Roo, pero no es precisamente el l\u00edder morenista quien tiene la mayor autoridad moral para organizar dicha campa\u00f1a. La noche de ese hist\u00f3rico Domingo de Resurrecci\u00f3n, recibi\u00f3 tremenda \u201cbalconeada\u201d por parte de uno de uno de sus correligionarios: <strong>John Ackerman<\/strong>, quien por las \u201cex benditas redes sociales\u201d lo culp\u00f3 de que Morena no hubiera alcanzado la mayor\u00eda calificada para aprobar la reforma el\u00e9ctrica, todo, porque Mario Delgado se ha dedicado a poner a su gente en las m\u00e1s importantes candidaturas. \u00a1Qu\u00e9 tal!<\/p>\n<p><u><a href=\"mailto:morcora@gmail.com\" target=\"_blank\" rel=\"noopener noreferrer\"><em>morcora@gmail.com<\/em><\/a><\/u><\/p>\n","protected":false},"excerpt":{"rendered":"<p><span style=\"color: #005497;\"><strong>Adriana Moreno Cordero<\/strong><\/span><\/p>\n","protected":false},"author":3,"featured_media":0,"comment_status":"open","ping_status":"open","sticky":false,"template":"","format":"standard","meta":{"_monsterinsights_skip_tracking":false,"_monsterinsights_sitenote_active":false,"_monsterinsights_sitenote_note":"","_monsterinsights_sitenote_category":0,"footnotes":""},"categories":[69370],"tags":[69369,69368,43674],"class_list":["post-543439","post","type-post","status-publish","format-standard","hentry","category-adriana-moreno-cordero","tag-adriana-moreno-cordero","tag-la-retaguardia","tag-opinion"],"_links":{"self":[{"href":"https:\/\/www.diarioimagen.net\/index.php?rest_route=\/wp\/v2\/posts\/543439","targetHints":{"allow":["GET"]}}],"collection":[{"href":"https:\/\/www.diarioimagen.net\/index.php?rest_route=\/wp\/v2\/posts"}],"about":[{"href":"https:\/\/www.diarioimagen.net\/index.php?rest_route=\/wp\/v2\/types\/post"}],"author":[{"embeddable":true,"href":"https:\/\/www.diarioimagen.net\/index.php?rest_route=\/wp\/v2\/users\/3"}],"replies":[{"embeddable":true,"href":"https:\/\/www.diarioimagen.net\/index.php?rest_route=%2Fwp%2Fv2%2Fcomments&post=543439"}],"version-history":[{"count":0,"href":"https:\/\/www.diarioimagen.net\/index.php?rest_route=\/wp\/v2\/posts\/543439\/revisions"}],"wp:attachment":[{"href":"https:\/\/www.diarioimagen.net\/index.php?rest_route=%2Fwp%2Fv2%2Fmedia&parent=543439"}],"wp:term":[{"taxonomy":"category","embeddable":true,"href":"https:\/\/www.diarioimagen.net\/index.php?rest_route=%2Fwp%2Fv2%2Fcategories&post=543439"},{"taxonomy":"post_tag","embeddable":true,"href":"https:\/\/www.diarioimagen.net\/index.php?rest_route=%2Fwp%2Fv2%2Ftags&post=543439"}],"curies":[{"name":"wp","href":"https:\/\/api.w.org\/{rel}","templated":true}]}}