{"id":543441,"date":"2022-04-19T00:04:13","date_gmt":"2022-04-19T05:04:13","guid":{"rendered":"https:\/\/www.diarioimagen.net\/?p=543441"},"modified":"2022-04-19T02:22:56","modified_gmt":"2022-04-19T07:22:56","slug":"engano-a-mexico","status":"publish","type":"post","link":"https:\/\/www.diarioimagen.net\/?p=543441","title":{"rendered":"Enga\u00f1o a M\u00e9xico"},"content":{"rendered":"<h2>Desde el portal<\/h2>\n<h5>\u00c1ngel Soriano<\/h5>\n<p>&nbsp;<\/p>\n<p>Funcion\u00f3 la maquinaria opositora en contra de la reforma el\u00e9ctrica y se rechaz\u00f3 la modificaci\u00f3n constitucional para fortalecer la rector\u00eda del Estado en la maquinaria y dejar, por ahora, a las poderosas empresas trasnacionales de hacer de nuestro pa\u00eds un jugoso mercado y de sus autoridades, empleados para sus prop\u00f3sitos mercantiles.<\/p>\n<p>Pese al c\u00famulo de pruebas de la nociva injerencia de las transnacionales en nuestro pa\u00eds, de la constante presencia de funcionarios estadunidenses presionando a nuestras autoridades, de la campa\u00f1a de desprestigio de medios nacionales e internacionales en favor de esos intereses, los intereses facciosos de los legisladores opositores pudieron m\u00e1s que el nacionalismo.<\/p>\n<p>Un enga\u00f1o total al pueblo de M\u00e9xico: ah\u00ed est\u00e1 el reconocimiento de la diputada Margarita Zavala de que el ex presidente Felipe Calder\u00f3n fue consejero de la trasnacional Iberdrola al t\u00e9rmino de su mandato y ah\u00ed est\u00e1 c\u00f3modamente en los Estados Unidos el ex presidente Ernesto Zedillo, fiel a su vocaci\u00f3n, de servir al exterior antes que a su patria.<\/p>\n<p>Elevadas tarifas de energ\u00eda el\u00e9ctrica en Espa\u00f1a, bajo el dominio de Iberdrola, y de M\u00e9xico, no lograron convencer a miles de compatriotas enga\u00f1ados de que la reforma el\u00e9ctrica es nacionalista y busca fortalecer la empresa p\u00fablica en beneficio de la Naci\u00f3n. La mentira prevaleci\u00f3 en buena parte del pa\u00eds que aplaudi\u00f3 el retroceso.<\/p>\n<p style=\"text-align: center;\"><strong>Turbulencias<br \/>\nEl litio, de los mexicanos<\/strong><\/p>\n<p>Desde luego que los recursos naturales y minerales son propiedad de la Naci\u00f3n, pero con las reformas a la Ley Minera lo que se pretende es evitar las concesiones a las trasnacionales que, como siempre y con el apoyo de los mercenarios, se apoderen de tal vital recurso paras comunicaciones tecnol\u00f3gicas que dominan el mundo y sea el Estado mexicano quien explore y explote tal recurso. Para esta reforma no es necesario las dos terceras partes de los votos de la C\u00e1mara de Diputados, por lo que se considera que pasar\u00eda de inmediato este mismo lunes\u2026 Por fortuna, la presencia de partidarios y de contrarios en el Palacio Legislativo de San L\u00e1zaro no pas\u00f3 a mayores y s\u00f3lo se documentaron amagos o agresiones verbales en las calles adyacentes o en los pasillos, sin otro tipo de violencia, m\u00e1s all\u00e1 de los gritos y sombrerazos en el pleno de la sede Legislativa. Fue sin duda un intenso debate en donde, pese a los incidentes, el debate fue de alta y se respet\u00f3 el resultado, contrariamente a pr\u00e1cticas del pasado ya superadas de imponer por la fuerza decisiones tomadas con antelaci\u00f3n en el Poder Legislativa\u2026 La \u00fanica compra-venta que funcion\u00f3 fue la del campechano Carlos Aysa Damas, cuyo pap\u00e1 Carlos Aysa Gonz\u00e1lez, ex gobernador de Campeche, seguramente enfrentar\u00e1 una dura embestida esta misma semana cuando el Senado de la Rep\u00fablica conozca la propuesta presidencial de hacerlo embajador en Rep\u00fablica Dominicana. Seguramente el desprestigio del cargo diplom\u00e1tico al ex gobernador campechano le acompa\u00f1ar\u00e1 toda la vida\u2026 El resultado de la votaci\u00f3n en San L\u00e1zaro, qui\u00e9rase o no, provocar\u00e1 un reacomodo de las fuerzas pol\u00edticas del pa\u00eds con vistas a las elecciones en seis estados de la Rep\u00fablica. La fortaleza y unidad de la coalici\u00f3n \u201cVa por M\u00e9xico\u201d pone en riesgo algunas gubernaturas donde se considera que Morena tiene fuerza. Tal es el caso de Oaxaca donde el priismo tiene amplia base social y la militancia del gobernador Alejandro Murat que defiende uno de los bastiones m\u00e1s fuertes del tricolor, aunque habr\u00e1 que aclarar que la fortaleza radica en el partido como tal, no por su candidato que es la otra cara de la moneda. La diferencia entre partido y candidato, lo mismo ocurre con Morena, hay identidad con el partido, no con el candidato. Esto naturalmente aumentar\u00e1 la efervescencia pol\u00edtica en la entidad.<\/p>\n<p><u><a href=\"mailto:asorianocarrasco@yahoo.com\" target=\"_blank\" rel=\"noopener noreferrer\"><em>asorianocarrasco@yahoo.com<\/em><\/a><br \/>\n<em><a href=\"https:\/\/revistabrecha.com\" target=\"_blank\" rel=\"noopener noreferrer\">www.revistabrecha.com<\/a><br \/>\n<a href=\"https:\/\/twitter.com\/brecharevista\" target=\"_blank\" rel=\"noopener noreferrer\">@BrechaRevista<\/a><\/em><\/u><\/p>\n","protected":false},"excerpt":{"rendered":"<p><span style=\"color: #005497;\"><strong>\u00c1ngel Soriano<\/strong><\/span><\/p>\n","protected":false},"author":3,"featured_media":0,"comment_status":"open","ping_status":"open","sticky":false,"template":"","format":"standard","meta":{"_monsterinsights_skip_tracking":false,"_monsterinsights_sitenote_active":false,"_monsterinsights_sitenote_note":"","_monsterinsights_sitenote_category":0,"footnotes":""},"categories":[135],"tags":[85,86,43674],"class_list":["post-543441","post","type-post","status-publish","format-standard","hentry","category-angel-soriano-opinion","tag-angel-soriano","tag-desde-el-portal","tag-opinion"],"_links":{"self":[{"href":"https:\/\/www.diarioimagen.net\/index.php?rest_route=\/wp\/v2\/posts\/543441","targetHints":{"allow":["GET"]}}],"collection":[{"href":"https:\/\/www.diarioimagen.net\/index.php?rest_route=\/wp\/v2\/posts"}],"about":[{"href":"https:\/\/www.diarioimagen.net\/index.php?rest_route=\/wp\/v2\/types\/post"}],"author":[{"embeddable":true,"href":"https:\/\/www.diarioimagen.net\/index.php?rest_route=\/wp\/v2\/users\/3"}],"replies":[{"embeddable":true,"href":"https:\/\/www.diarioimagen.net\/index.php?rest_route=%2Fwp%2Fv2%2Fcomments&post=543441"}],"version-history":[{"count":0,"href":"https:\/\/www.diarioimagen.net\/index.php?rest_route=\/wp\/v2\/posts\/543441\/revisions"}],"wp:attachment":[{"href":"https:\/\/www.diarioimagen.net\/index.php?rest_route=%2Fwp%2Fv2%2Fmedia&parent=543441"}],"wp:term":[{"taxonomy":"category","embeddable":true,"href":"https:\/\/www.diarioimagen.net\/index.php?rest_route=%2Fwp%2Fv2%2Fcategories&post=543441"},{"taxonomy":"post_tag","embeddable":true,"href":"https:\/\/www.diarioimagen.net\/index.php?rest_route=%2Fwp%2Fv2%2Ftags&post=543441"}],"curies":[{"name":"wp","href":"https:\/\/api.w.org\/{rel}","templated":true}]}}