{"id":543445,"date":"2022-04-19T00:08:58","date_gmt":"2022-04-19T05:08:58","guid":{"rendered":"https:\/\/www.diarioimagen.net\/?p=543445"},"modified":"2022-04-19T02:31:19","modified_gmt":"2022-04-19T07:31:19","slug":"morena-y-su-derrota","status":"publish","type":"post","link":"https:\/\/www.diarioimagen.net\/?p=543445","title":{"rendered":"Morena y su derrota"},"content":{"rendered":"<h2>Punto por punto<\/h2>\n<h5>Augusto Corro<\/h5>\n<p>&nbsp;<\/p>\n<p>No pas\u00f3 en la C\u00e1mara de Diputados la reforma el\u00e9ctrica del presidente Andr\u00e9s Manuel L\u00f3pez Obrador.<\/p>\n<p>Los legisladores de Morena y sus aliados no consiguieron la mayor\u00eda calificada de votos para aprobar la iniciativa.<\/p>\n<p>Sin duda, se trat\u00f3 de una derrota del partido Movimiento Regeneraci\u00f3n Nacional (Morena) y del propio mandatario tabasque\u00f1o.<\/p>\n<p>A pesar de que estaba cantado el triunfo de la oposici\u00f3n, los morenistas y su l\u00edder espiritual no se empe\u00f1aron en obtener la victoria.<\/p>\n<p>En el interior de Morena no se preocuparon de practicar la pol\u00edtica de altura. Prefirieron el enfrentamiento burdo, sin sentido.<\/p>\n<p>A los partidos adversarios del partido guinda s\u00ed les funcion\u00f3 la alianza integrada por el PAN, PRI Y PRD.<\/p>\n<p>En la ruta final se pens\u00f3 que el PRI podr\u00eda apoyar la iniciativa presidencial, pero algo fall\u00f3 que los tricolores aplicaron la reversa.<\/p>\n<p>Pero los errores en la lucha para la aprobaci\u00f3n de la citada reforma empezaron en el interior de Morena.<\/p>\n<p>Su l\u00edder, Mario Delgado, no tuvo la suficiente capacidad para efectuar los ajustes pol\u00edticos que se presentan en estas discusiones.<\/p>\n<p>Los morenistas dijeron que no se quitar\u00eda una sola coma del texto de la iniciativa y ante esa cerraz\u00f3n se present\u00f3 la derrota. La alianza opositora, hambrienta de una victoria, le ech\u00f3 toda la carne al asador y le result\u00f3 su estrategia.<\/p>\n<p>A los adversarios de Morena no les preocup\u00f3 hacer cualquier clase de ridiculeces como la de pernoctar en el inmueble de San L\u00e1zaro.<\/p>\n<p style=\"text-align: center;\"><strong>Mario Delgado y la dirigencia morenista<\/strong><\/p>\n<p>El presidente de Morena, Mario Delgado, luego de la derrota, tendr\u00e1 que reflexionar seriamente sobre su papel como dirigente del partido.<\/p>\n<p>En un an\u00e1lisis general, no se ven los resultados del mencionado Delgado como l\u00edder morenista.<\/p>\n<p>En las filas guindas aparece L\u00f3pez Obrador como su verdadero gu\u00eda. El que dicta la l\u00ednea pol\u00edtica, aunque se piense lo contrario.<\/p>\n<p>Sin embargo, con el avance del sexenio, el tabasque\u00f1o no tendr\u00e1 la misma fuerza que al inicio de su gobierno.<\/p>\n<p>\u00bfPor qu\u00e9 decimos lo anterior?<\/p>\n<p>Porqu\u00e9 se llevar\u00e1n a cabo las elecciones presidenciales en 2024 y la lucha no se llevar\u00e1 a cabo \u00fanicamente en Morena, sino que se extender\u00e1 a la oposici\u00f3n.<\/p>\n<p>Y la alianza opositora ya se dio cuenta que L\u00f3pez Obrador s\u00ed tiene flancos d\u00e9biles por donde atacar.<\/p>\n<p>Ser\u00e1, pues, muy interesante, la lucha pol\u00edtica que se avecina, que empezar\u00e1 entre los propios morenistas.\u00a0 Entre los aspirantes a la silla presidencial, nombrados por el tabasque\u00f1o, que son \u201cmuch\u00edsimos\u201d, se encuentran Claudia Sheinbaum, Marcelo Ebrard, Juan Ram\u00f3n de la Fuente, Esteban Moctezuma, Tatiana Clouthier y Roc\u00edo Nahle.<\/p>\n<p>No fue citado el l\u00edder del Senado, Ricardo Monreal, que tiene presencia importante en el escenario pol\u00edtico.<\/p>\n<p>Otro que tampoco fue nombrado como presidenciable es el secretario de Gobernaci\u00f3n, Ad\u00e1n Augusto L\u00f3pez; aunque todo mundo se encarg\u00f3 de candidatearlo.<\/p>\n<p>Las pugnas internas de Morena apenas empiezan y se agudizar\u00e1n conforme se acerque 2024.<\/p>\n<p style=\"text-align: center;\"><strong>Un respiro para la oposici\u00f3n<\/strong><\/p>\n<p>Pues lleg\u00f3 el triunfo de la alianza opositora que ya est\u00e1 lista para nuevos combates legislativos.<\/p>\n<p>Lo que podr\u00eda seguir es la reforma electoral que podr\u00eda afectar los intereses de los partidos de la mencionada alianza.<\/p>\n<p>Resulta que el Instituto Nacional Electoral (INE) est\u00e1 convertido en un barril sin fondo en materia de recursos econ\u00f3micos.<\/p>\n<p>Como \u00e1rbitro electoral que era, o intent\u00f3 serlo, sus asesores titulares se convirtieron en l\u00edderes pol\u00edticos.<\/p>\n<p>Los funcionarios del instituto perdieron la imparcialidad. Quiz\u00e1s, con la reforma electoral se les cancelen sus privilegios.<\/p>\n<p>Igual ocurrir\u00eda con los partidos de oposici\u00f3n, pues con la nueva ley se buscar\u00eda reducir su financiamiento con recursos p\u00fablicos.<\/p>\n<p>\u00bfCon la discusi\u00f3n de la reforma electoral suceder\u00e1 lo mismo que con la reforma el\u00e9ctrica? La oposici\u00f3n ya conoce el camino para derrotar a L\u00f3pez Obrador y su partido.<\/p>\n<p>\u00bfUsted qu\u00e9 opina amable lector?<\/p>\n<p><a href=\"mailto:aco2742@hotmail.com\" target=\"_blank\" rel=\"noopener noreferrer\"><em>aco2742@hotmail.com<\/em><\/a><\/p>\n","protected":false},"excerpt":{"rendered":"<p><span style=\"color: #005497;\"><strong>Augusto Corro<\/strong><\/span><\/p>\n","protected":false},"author":3,"featured_media":0,"comment_status":"open","ping_status":"open","sticky":false,"template":"","format":"standard","meta":{"_monsterinsights_skip_tracking":false,"_monsterinsights_sitenote_active":false,"_monsterinsights_sitenote_note":"","_monsterinsights_sitenote_category":0,"footnotes":""},"categories":[157],"tags":[43686,43674,11515],"class_list":["post-543445","post","type-post","status-publish","format-standard","hentry","category-augusto-corro","tag-augusto-corro","tag-opinion","tag-punto-por-punto"],"_links":{"self":[{"href":"https:\/\/www.diarioimagen.net\/index.php?rest_route=\/wp\/v2\/posts\/543445","targetHints":{"allow":["GET"]}}],"collection":[{"href":"https:\/\/www.diarioimagen.net\/index.php?rest_route=\/wp\/v2\/posts"}],"about":[{"href":"https:\/\/www.diarioimagen.net\/index.php?rest_route=\/wp\/v2\/types\/post"}],"author":[{"embeddable":true,"href":"https:\/\/www.diarioimagen.net\/index.php?rest_route=\/wp\/v2\/users\/3"}],"replies":[{"embeddable":true,"href":"https:\/\/www.diarioimagen.net\/index.php?rest_route=%2Fwp%2Fv2%2Fcomments&post=543445"}],"version-history":[{"count":0,"href":"https:\/\/www.diarioimagen.net\/index.php?rest_route=\/wp\/v2\/posts\/543445\/revisions"}],"wp:attachment":[{"href":"https:\/\/www.diarioimagen.net\/index.php?rest_route=%2Fwp%2Fv2%2Fmedia&parent=543445"}],"wp:term":[{"taxonomy":"category","embeddable":true,"href":"https:\/\/www.diarioimagen.net\/index.php?rest_route=%2Fwp%2Fv2%2Fcategories&post=543445"},{"taxonomy":"post_tag","embeddable":true,"href":"https:\/\/www.diarioimagen.net\/index.php?rest_route=%2Fwp%2Fv2%2Ftags&post=543445"}],"curies":[{"name":"wp","href":"https:\/\/api.w.org\/{rel}","templated":true}]}}