{"id":543562,"date":"2022-04-20T00:00:47","date_gmt":"2022-04-20T05:00:47","guid":{"rendered":"https:\/\/www.diarioimagen.net\/?p=543562"},"modified":"2022-04-19T23:48:26","modified_gmt":"2022-04-20T04:48:26","slug":"dia-de-la-tierra","status":"publish","type":"post","link":"https:\/\/www.diarioimagen.net\/?p=543562","title":{"rendered":"D\u00eda de la Tierra"},"content":{"rendered":"<h2>Hora 14<\/h2>\n<h5>Mauricio Conde Olivares<\/h5>\n<p>&nbsp;<\/p>\n<p>La Encuesta Nacional de Seguridad P\u00fablica Urbana (ENSU) dio a conocer la percepci\u00f3n de la poblaci\u00f3n sobre la seguridad p\u00fablica. En marzo de 2022, 66.2% de la poblaci\u00f3n de 18 a\u00f1os y m\u00e1s consider\u00f3 que es inseguro vivir en su ciudad.<\/p>\n<p>Este porcentaje nacional no representa un cambio estad\u00edsticamente significativo1 con relaci\u00f3n a los porcentajes registrados en marzo y diciembre de 2021, que fueron de 66.4 y 65.8%, respectivamente.<\/p>\n<p>En esta edici\u00f3n, 16 ciudades y demarcaciones s\u00ed tuvieron cambios estad\u00edsticamente significativos frente a diciembre de 2021, 7 tuvieron reducciones y 9 incremen taron.<\/p>\n<p>En marzo de 2022, 71.1% de las mujeres y 60.4% de los hombres tuvieron una percepci\u00f3n de inseguridad. Las ciudades con mayor porcentaje de personas de 18 a\u00f1os y m\u00e1s que consideraron que vivir en su ciudad es inseguro fueron: Fresnillo, Ciudad Obreg\u00f3n, Zacatecas, Cuautitl\u00e1n Izcalli, Irapuato y Guadalajara con 97.1, 94.1, 91.7, 89.5, 87.6 y 87.1%, respectivamente.<\/p>\n<p>Las ciudades con menor percepci\u00f3n de inseguridad fueron: San Pedro Garza Garc\u00eda, Tampico, Piedras Negras, M\u00e9rida y Saltillo con 11.7, 20.4, 22.2, 22.4 y 24.1%, respectivamente; mientras que la demarcaci\u00f3n Benito Ju\u00e1rez registr\u00f3 25%.<\/p>\n<p>En otro orden de ideas, le comento que una de las megatendencias que estamos viendo este a\u00f1o es sobre el cambio clim\u00e1tico y la urgencia de tomar acciones que frenen el da\u00f1o al medio ambiente. El 22 de abril se cumplen 52 a\u00f1os de la instauraci\u00f3n del D\u00eda de la Tierra, cuyo prop\u00f3sito es crear conciencia sobre la importancia que todos los seres vivos tenemos con los elementos y componentes de la naturaleza que son parte de los ecosistemas y la biodiversidad del planeta.<\/p>\n<p>Actualmente el planeta enfrenta diversos problemas ambientales como el da\u00f1o a la capa de ozono, el calentamiento global, el cambio clim\u00e1tico, la contaminaci\u00f3n, entre otros. La preocupaci\u00f3n por contener estos problemas aumenta, pero las acciones parecen no ser suficientes.<\/p>\n<p>M\u00e9xico es uno de los pa\u00edses m\u00e1s vulnerables ante el cambio clim\u00e1tico debido en gran medida a sus caracter\u00edsticas geogr\u00e1ficas. Por ejemplo, el a\u00f1o pasado 617,142 hect\u00e1reas de bosques fueron consumidas por el fuego en el pa\u00eds, casi el doble que durante todo el a\u00f1o anterior. En abril del mismo a\u00f1o, el pa\u00eds sufri\u00f3 una sequ\u00eda hist\u00f3rica que dej\u00f3 vac\u00edas gran parte de las presas; el lago Cuitzeo, en Michoac\u00e1n, el segundo m\u00e1s grande de M\u00e9xico estaba casi seco. Despu\u00e9s de unos meses lleg\u00f3 la temporada de lluvias que inund\u00f3 diversas zonas de Chihuahua, Jalisco y provoc\u00f3 el desbordamiento del r\u00edo Tula, en el estado de Hidalgo.<\/p>\n<p>Son notorios los efectos del cambio clim\u00e1tico en M\u00e9xico y en materia ambiental somos uno de los 15 mayores emisores de gases de efecto invernadero con el 1.47% del total mundial. Adem\u00e1s, el impacto econ\u00f3mico de los desastres en el pa\u00eds, principalmente hidrometeorol\u00f3gicos, aument\u00f3 en el 2020 en un 200% anual superando los 31, 000 millones de pesos de acuerdo con el Centro Nacional de Prevenci\u00f3n de Desastres. Otros datos indican que los sectores mexicanos que emiten m\u00e1s part\u00edculas son el energ\u00e9tico y la industria, debido principalmente a la quema de carb\u00f3n.<\/p>\n<p>Las acciones no son suficientes pues s\u00f3lo una quinta parte de las empresas m\u00e1s grandes del mundo han establecido objetivos de cero emisiones.<\/p>\n<p>El informe de megatendencias del 2022 del Project Management Institute (PMI) Latinoam\u00e9rica, la asociaci\u00f3n l\u00edder a nivel mundial en direcci\u00f3n de proyectos, considera el cambio clim\u00e1tico una megatendencia que los directores de proyecto deber\u00e1n tomar en cuenta a fin de incorporar pr\u00e1cticas sostenibles en los proyectos de su organizaci\u00f3n con el fin de reducir las emisiones y eliminar el carbono de la atm\u00f3sfera.<\/p>\n<p>Afortunadamente, existen proyectos y pr\u00e1cticas de sostenibilidad que son muestra de la contribuci\u00f3n para combatir el cambio clim\u00e1tico. Por ejemplo, la aerol\u00ednea Aerom\u00e9xico lanz\u00f3 hace unos a\u00f1os la iniciativa Vuela Verde. \u00c9sta busca contribuir con el entorno ambiental por medio de acciones que protejan al ecosistema y, principalmente, a las comunidades. Tambi\u00e9n han instalado llaves ahorradoras de agua, sanitarios y urinales secos, que ayudan a evitar el consumo de 2.5 millones de litros del vital l\u00edquido al a\u00f1o. Por otro lado, la empresa mexicana Technike comercializa sistemas de filtraci\u00f3n y reutilizaci\u00f3n de agua de lluvia, para aprovechar al m\u00e1ximo este recurso tanto en hogares como en industrias y comercios.<\/p>\n<p>Otro ejemplo de acciones a favor del cambio clim\u00e1tico es Aecomex, Acciones Ecol\u00f3gicas Mexicanas, una PyME mexicana fundada en el 2009, cuyo objetivo es dise\u00f1ar y comercializar diversas ecotecnias que mejoren la calidad de vida de la gente y contribuyan con el cuidado del medio ambiente.<\/p>\n<p>As\u00ed pues, hay ejemplos de empresas que luchan por poner su granito de arena por ser sostenibles y sustentables . El informe de megatendencias indica que el 99% de los negocios en M\u00e9xico piensan que existen muchas oportunidades para mejorar en temas de sustentabilidad ambiental y \u00e9tica. Los directores de proyectos tendr\u00e1n que incorporar nuevas propuestas para apoyar el cuidado del planeta, las peque\u00f1as acciones tendr\u00e1n un impacto siempre y cuando se sumen m\u00e1s y m\u00e1s personas y organizaciones a ellas.<\/p>\n<p>El D\u00eda de la Tierra es un momento ideal para revisar lo que cualquier organizaci\u00f3n est\u00e1 poniendo en marcha, poner sobre la mesa este tema, medir los resultados y tener un enfoque proactivo para cuidar de este gran globo azul. Consideremos que cada d\u00eda aumenta el n\u00famero de consumidores que est\u00e1n a favor de adquirir productos que cuidan el planeta y que realizan acciones que favorecen el cuidado del medio ambiente y as\u00ed fomentar un mejor futuro para las pr\u00f3ximas generaciones.<\/p>\n<p>Por otra parte, le comento que\u00a0nada est\u00e1 escrito, la incertidumbre econ\u00f3mica que marc\u00f3 la pandemia se mantiene, as\u00ed como, en 2020 ca\u00edmos al hoyo negro de la recesi\u00f3n, en 2021 vivimos destellos de una pronta recuperaci\u00f3n, hoy atajada por la inflaci\u00f3n y sus secuelas: quiebra del poder adquisitivo de la gente, aunado a un posible aumento de hasta un 9% en la tasa de inter\u00e9s por Banxico.<\/p>\n<p>\u201cM\u00e1s de 11 millones de nuevos pobres, inseguridad alimentaria creciente que lleva al hambre a 2 de cada 10 mexicanos y a 6 de cada 10 a no tener suficiente dinero para comprar la canasta b\u00e1sica de alimentos. \u201cDatos duros de la desaceleraci\u00f3n a la que nos orilla la inflaci\u00f3n\u201d, coment\u00f3 Cuauht\u00e9moc Rivera, Presidente de la ANPEC.<\/p>\n<p>A\u00f1adi\u00f3 que debemos consignar que todav\u00eda no hay una relaci\u00f3n arm\u00f3nica entre la oferta y la demanda; la oferta se ve rebasada por la demanda en muchos casos y es una realidad en la que todo est\u00e1 influyendo para ello: 5\u00aa ola Covid-19 en China, llevando al confinamiento a Shangh\u00e1i; congestionamiento portuario californiano; factores que est\u00e1n encareciendo los precios de los productos, provocando una escalada inflacionaria de m\u00e1s de un a\u00f1o consecutivo, erosionando el poder de compra de los consumidores y complicando la log\u00edstica de suministro y el abasto de alimentos esenciales de las familias.<\/p>\n<p>En este entorno se da la celebraci\u00f3n del 16 de abril, D\u00eda Mundial del Emprendimiento, pero \u00bfcomo celebrarlo en este ambiente tan adverso?, \u00bfque es lo que est\u00e1 haciendo la sociedad para resistir y revertir esta incertidumbre que nos ha llevado a la desaceleraci\u00f3n? De todo, cuidado de adultos mayores, de ni\u00f1os, paseo y hospedaje de mascotas, venta por cat\u00e1logos a trav\u00e9s de las redes sociales, venta de diversos alimentos y reposter\u00eda, artesan\u00edas, etc. Todo para encontrar la manera de recuperar los recursos perdidos para la manutenci\u00f3n de sus hogares.<\/p>\n<p>\u201cLa inseguridad alimentaria est\u00e1 presente, 2 de cada 10 consumidores sufren hambre, comiendo \u00fanicamente 2 veces al d\u00eda y sufriendo un d\u00eda de ayuno. El hast\u00edo acumulado ha lanzado a la gente a endeudarse para lograr salir y vacacionar en esta primavera, no importando que ser\u00e1n las vacaciones de Semana Santa m\u00e1s caras de la \u00faltima d\u00e9cada. La poblaci\u00f3n no tiene dinero, el dinero que andan gastando muchos, lo pidieron prestado, a sabiendas que no podr\u00e1n pagar dicho pr\u00e9stamo; literalmente se \u201cencharcaron\u201d; \u201cmomentum\u201d grave y complicado\u201d,\u00a0puntualiz\u00f3 Rivera.<\/p>\n<p>Los claros-oscuros de los tumbos que viene dando nuestra econom\u00eda nublan y oscurecen el emprendimiento social. La recuperaci\u00f3n laboral post-covid se ha dado con mucha creatividad de parte de la gente, con escasa inversi\u00f3n, jornadas laborales extenuantes, obteniendo poca ganancia; he aqu\u00ed los colores del emprendimiento social post-covid. La recuperaci\u00f3n est\u00e1 marcada por el abaratamiento de la fuerza de trabajo; la gente trabaja m\u00e1s, gana menos, no le alcanza para su sustento, poniendo en mayor riesgo la salud de su familia.<\/p>\n<p>El emprendimiento resiliente es el sello distintivo de este 16 de abril, celebraci\u00f3n del D\u00eda Mundial del Emprendimiento en M\u00e9xico; sin embargo, no existen las condiciones para que quienes busquen convertirse en emprendedores puedan formalizar su esfuerzo. Ante la incertidumbre de poder alimentar a sus familias y de lograr mantener sus empleos son los sellos que est\u00e1 viviendo el pueblo trabajador mexicano; empero, lo anterior ser\u00e1 motivo de otro an\u00e1lisis en posterior entrega de <strong><em>Hora 14<\/em><\/strong>.<\/p>\n<p><em><a href=\"mailto:%20mauricio_conde@msn.com\" target=\"_blank\" rel=\"noopener noreferrer\">mauricioconde59@outlook.com<\/a><\/em><br \/>\n<em><a href=\"https:\/\/twitter.com\/mauconde\" target=\"_blank\" rel=\"noopener noreferrer\">@mauconde<\/a> <\/em><br \/>\n<em><a href=\"https:\/\/mauriciocondeblog.wordpress.com\" target=\"_blank\" rel=\"noopener noreferrer\">https:\/\/mauriciocondeblog.wordpress.com<\/a><\/em><\/p>\n","protected":false},"excerpt":{"rendered":"<p><span style=\"color: #005497;\"><strong>Mauricio Conde Olivares<\/strong><\/span><\/p>\n","protected":false},"author":3,"featured_media":0,"comment_status":"open","ping_status":"open","sticky":false,"template":"","format":"standard","meta":{"_monsterinsights_skip_tracking":false,"_monsterinsights_sitenote_active":false,"_monsterinsights_sitenote_note":"","_monsterinsights_sitenote_category":0,"footnotes":""},"categories":[35889],"tags":[43712,43674,44860],"class_list":["post-543562","post","type-post","status-publish","format-standard","hentry","category-mauricio-conde-olivares","tag-mauricio-conde-olivares","tag-opinion","tag-hora-14"],"_links":{"self":[{"href":"https:\/\/www.diarioimagen.net\/index.php?rest_route=\/wp\/v2\/posts\/543562","targetHints":{"allow":["GET"]}}],"collection":[{"href":"https:\/\/www.diarioimagen.net\/index.php?rest_route=\/wp\/v2\/posts"}],"about":[{"href":"https:\/\/www.diarioimagen.net\/index.php?rest_route=\/wp\/v2\/types\/post"}],"author":[{"embeddable":true,"href":"https:\/\/www.diarioimagen.net\/index.php?rest_route=\/wp\/v2\/users\/3"}],"replies":[{"embeddable":true,"href":"https:\/\/www.diarioimagen.net\/index.php?rest_route=%2Fwp%2Fv2%2Fcomments&post=543562"}],"version-history":[{"count":0,"href":"https:\/\/www.diarioimagen.net\/index.php?rest_route=\/wp\/v2\/posts\/543562\/revisions"}],"wp:attachment":[{"href":"https:\/\/www.diarioimagen.net\/index.php?rest_route=%2Fwp%2Fv2%2Fmedia&parent=543562"}],"wp:term":[{"taxonomy":"category","embeddable":true,"href":"https:\/\/www.diarioimagen.net\/index.php?rest_route=%2Fwp%2Fv2%2Fcategories&post=543562"},{"taxonomy":"post_tag","embeddable":true,"href":"https:\/\/www.diarioimagen.net\/index.php?rest_route=%2Fwp%2Fv2%2Ftags&post=543562"}],"curies":[{"name":"wp","href":"https:\/\/api.w.org\/{rel}","templated":true}]}}