{"id":543570,"date":"2022-04-20T00:01:16","date_gmt":"2022-04-20T05:01:16","guid":{"rendered":"https:\/\/www.diarioimagen.net\/?p=543570"},"modified":"2022-04-20T05:17:38","modified_gmt":"2022-04-20T10:17:38","slug":"saldo-blanco-en-edomex-durante-asueto-de-semana-santa-senala-ernesto-nemer","status":"publish","type":"post","link":"https:\/\/www.diarioimagen.net\/?p=543570","title":{"rendered":"Saldo blanco en Edomex durante asueto de\u00a0Semana Santa, se\u00f1ala Ernesto Nemer"},"content":{"rendered":"<p>&nbsp;<\/p>\n<ul>\n<li><strong><em>Gracias a operativos y despliegues policiacos<\/em><\/strong><\/li>\n<\/ul>\n<p>&nbsp;<\/p>\n<div id=\"attachment_543663\" style=\"width: 470px\" class=\"wp-caption aligncenter\"><a href=\"https:\/\/www.diarioimagen.net\/?attachment_id=543663\" rel=\"attachment wp-att-543663\"><img loading=\"lazy\" decoding=\"async\" aria-describedby=\"caption-attachment-543663\" class=\"size-full wp-image-543663\" src=\"https:\/\/www.diarioimagen.net\/wp-content\/uploads\/2022\/04\/nemer.jpg\" alt=\"\" width=\"460\" height=\"270\" \/><\/a><p id=\"caption-attachment-543663\" class=\"wp-caption-text\">Ernesto Nemer Alvarez, secretario de Gobierno del Edomex, inform\u00f3 que durante el periodo vacacional de Semana Santa, la entidad report\u00f3 saldo blanco.<\/p><\/div>\n<p>&nbsp;<\/p>\n<p><strong>Toluca, Estado de M\u00e9xico.\u2014<\/strong> El Secretario General de Gobierno, Ernesto Nemer Alvarez, inform\u00f3 que durante el periodo vacacional de Semana Santa, el Estado de M\u00e9xico reporta saldo blanco, producto de los diversos operativos y despliegues policiales que se llevan a cabo en los principales destinos tur\u00edsticos de la entidad, que han dejado como resultado la revisi\u00f3n de cerca de 40 mil veh\u00edculos, de cerca de 120 mil personas, de las cuales, mil 582 fueron detenidas por su presunta participaci\u00f3n en diversos delitos, adem\u00e1s fueron aseguradas 42 armas de fuego y armas punzocortantes y se recuperaron 147 veh\u00edculos con reporte de robo.<\/p>\n<p>El funcionario estatal dio a conocer que, en coordinaci\u00f3n con la federaci\u00f3n y los ayuntamientos, el gobierno del Estado de M\u00e9xico ha monitoreado y garantizado la seguridad en cerca de 540 iglesias, centros recreativos y otros puntos de alta concurrencia, por lo que este periodo vacacional se ha vivido en tranquilidad para los mexiquenses.<\/p>\n<p>\u201cEntre autoridades federales, estatales y municipales desplegamos toda la fuerza del estado para monitorear y vigilar todos los recorridos que hacen las y los mexiquenses y quienes tambi\u00e9n no mexiquenses que nos visitan y que pasan por el estado.<\/p>\n<p>\u201cHicimos en este periodo de Semana Santa una revisi\u00f3n a casi 40 mil veh\u00edculos y a 120 mil personas; de \u00e9stas se detuvieron a mil 582 por estar involucrados en supuestos delitos, como robo a casa-habitaci\u00f3n, robo de veh\u00edculo, seis por privaci\u00f3n de la libertad y se aseguraron 42 armas de fuego y armas punzocortantes, 114 veh\u00edculos y tambi\u00e9n recuperamos 147 veh\u00edculos con reporte de robo\u201d, especific\u00f3.<\/p>\n","protected":false},"excerpt":{"rendered":"<p>l Secretario General de Gobierno, Ernesto Nemer Alvarez, inform\u00f3 que durante el periodo vacacional de Semana Santa, el Estado de M\u00e9xico reporta saldo blanco, producto de los diversos operativos y despliegues policiales que se llevan a cabo en los principales destinos tur\u00edsticos de la entidad, que han dejado como resultado la revisi\u00f3n de cerca de 40 mil veh\u00edculos, de cerca de 120 mil personas, de las cuales, mil 582 fueron detenidas por su presunta participaci\u00f3n en diversos delitos, adem\u00e1s fueron aseguradas 42 armas de fuego y armas punzocortantes y se recuperaron 147 veh\u00edculos con reporte de robo.<\/p>\n","protected":false},"author":3,"featured_media":543663,"comment_status":"open","ping_status":"open","sticky":false,"template":"","format":"standard","meta":{"_monsterinsights_skip_tracking":false,"_monsterinsights_sitenote_active":false,"_monsterinsights_sitenote_note":"","_monsterinsights_sitenote_category":0,"footnotes":""},"categories":[5],"tags":[1495,43675,452],"class_list":["post-543570","post","type-post","status-publish","format-standard","has-post-thumbnail","hentry","category-estado-de-mexico","tag-ernesto-nemer-alvarez","tag-estado-de-mexico","tag-toluca"],"_links":{"self":[{"href":"https:\/\/www.diarioimagen.net\/index.php?rest_route=\/wp\/v2\/posts\/543570","targetHints":{"allow":["GET"]}}],"collection":[{"href":"https:\/\/www.diarioimagen.net\/index.php?rest_route=\/wp\/v2\/posts"}],"about":[{"href":"https:\/\/www.diarioimagen.net\/index.php?rest_route=\/wp\/v2\/types\/post"}],"author":[{"embeddable":true,"href":"https:\/\/www.diarioimagen.net\/index.php?rest_route=\/wp\/v2\/users\/3"}],"replies":[{"embeddable":true,"href":"https:\/\/www.diarioimagen.net\/index.php?rest_route=%2Fwp%2Fv2%2Fcomments&post=543570"}],"version-history":[{"count":0,"href":"https:\/\/www.diarioimagen.net\/index.php?rest_route=\/wp\/v2\/posts\/543570\/revisions"}],"wp:featuredmedia":[{"embeddable":true,"href":"https:\/\/www.diarioimagen.net\/index.php?rest_route=\/wp\/v2\/media\/543663"}],"wp:attachment":[{"href":"https:\/\/www.diarioimagen.net\/index.php?rest_route=%2Fwp%2Fv2%2Fmedia&parent=543570"}],"wp:term":[{"taxonomy":"category","embeddable":true,"href":"https:\/\/www.diarioimagen.net\/index.php?rest_route=%2Fwp%2Fv2%2Fcategories&post=543570"},{"taxonomy":"post_tag","embeddable":true,"href":"https:\/\/www.diarioimagen.net\/index.php?rest_route=%2Fwp%2Fv2%2Ftags&post=543570"}],"curies":[{"name":"wp","href":"https:\/\/api.w.org\/{rel}","templated":true}]}}